{"id":2121133,"date":"2026-08-31T18:37:40","date_gmt":"2026-08-31T15:37:40","guid":{"rendered":"https:\/\/analyse.optim.biz\/?p=2121133"},"modified":"2026-08-31T18:37:40","modified_gmt":"2026-08-31T15:37:40","slug":"avertismentul-ursulei-von-der-leyen-europa-trebuie-sa-fie-pregatita-pentru-dezastre-care-lovesc-simultan","status":"publish","type":"post","link":"https:\/\/analyse.optim.biz\/?p=2121133","title":{"rendered":"Avertismentul Ursulei von der Leyen: Europa trebuie s\u0103 fie preg\u0103tit\u0103 pentru dezastre care lovesc simultan&#8230;"},"content":{"rendered":"<p>[analyse_image type=&#8221;featured&#8221; src=&#8221;https:\/\/s.iw.ro\/gateway\/g\/ZmlsZVNvdXJjZT1odHRwJTNBJTJGJTJG\/c3RvcmFnZTA4dHJhbnNjb2Rlci5yY3Mt\/cmRzLnJvJTJGc3RvcmFnZSUyRjIwMjYl\/MkYwMSUyRjIyJTJGMjU1Mzg1NF8yNTUz\/ODU0X3Byb2ZpbWVkaWEtMTA2Nzk0Mjky\/NC5qcGcmdz0xMjAwJmg9NjMwJnpjPTEm\/aGFzaD1jNTJlZDc3NzZjZjYzOGFlZjc2N2Y1ODJjNGExN2FiMQ==.thumb.jpg&#8221;]<\/p>\n<div class=\"entry data-app-meta data-app-meta-article\" data-embed-base-url-canonical=\"https:\/\/www.digi24.ro\/embed\/stiri\/externe\/ue\/avertismentul-ursulei-von-der-leyen-europa-trebuie-sa-fie-pregatita-pentru-dezastre-care-lovesc-simultan-mai-multe-tari-3929395\">\n<p data-index=\"1\"><strong><a href=\"https:\/\/www.digi24.ro\/stiri\/externe\/ue\/comisia-europeana-indemnata-sa-blocheze-fondurile-din-pnrr-din-cauza-amendamentului-fritz-scrisoare-semnata-de-ppe-si-renew-3920217\" target=\"_blank\" rel=\"noopener\" data-skip-linkfix=\"1\">Pre\u0219edinta Comisiei Europene, Ursula von der Leyen<\/a>, avertizeaz\u0103 c\u0103 Uniunea European\u0103 trebuie s\u0103-\u0219i consolideze urgent capacitatea de prevenire \u0219i gestionare a dezastrelor, \u00eentr-un context \u00een care incendiile forestiere, inunda\u021biile \u0219i fenomenele meteorologice extreme devin tot mai frecvente \u0219i pot lovi simultan mai multe \u021b\u0103ri. Bruxelles-ul vrea s\u0103 pun\u0103 mai mult accent pe anticiparea crizelor, \u00eens\u0103 finan\u021barea m\u0103surilor de adaptare la schimb\u0103rile climatice r\u0103m\u00e2ne o provocare, conform<a href=\"https:\/\/www.euronews.com\/my-europe\/2026\/08\/31\/europe-must-prepare-for-a-new-era-of-simultaneous-disasters-von-der-leyen-says\" target=\"_blank\" rel=\"noopener\" data-skip-linkfix=\"1\"> Euronews.<\/a><\/strong><\/p>\n<p data-index=\"2\">Pre\u0219edinta Comisiei Europene, Ursula von der Leyen, avertizeaz\u0103 c\u0103 Uniunea European\u0103 trebuie s\u0103 se preg\u0103teasc\u0103 pentru o nou\u0103 realitate, \u00een care dezastrele naturale sunt tot mai frecvente, mai severe \u0219i pot afecta simultan mai multe regiuni.<\/p>\n<p data-index=\"3\">\u201eTrebuie s\u0103 fim preg\u0103ti\u021bi pentru o lume \u00een care evenimentele extreme se produc mai des, \u00een mai multe locuri \u0219i \u00een acela\u0219i timp\u201d, a declarat von der Leyen luni, \u00een timpul unei vizite la Centrul European de Interven\u021bie \u00een Situa\u021bii de Urgen\u021b\u0103, o unitate din cadrul departamentului de protec\u021bie civil\u0103 al Comisiei Europene.<\/p>\n<p data-index=\"4\">\u0218efa executivului comunitar a subliniat c\u0103 natura situa\u021biilor de urgen\u021b\u0103 se schimb\u0103, pe m\u0103sur\u0103 ce schimb\u0103rile climatice favorizeaz\u0103 fenomene meteorologice extreme tot mai imprevizibile. \u00cen acela\u0219i timp, crizele se pot suprapune \u0219i pot dep\u0103\u0219i capacitatea de interven\u021bie a unei singure \u021b\u0103ri.<\/p>\n<p data-index=\"5\">Comisia European\u0103 vrea, prin urmare, s\u0103 mute accentul de la reac\u021bia la dezastre c\u0103tre prevenirea \u0219i anticiparea acestora.<\/p>\n<p data-index=\"6\">Von der Leyen a eviden\u021biat amploarea opera\u021biunilor europene de combatere a incendiilor forestiere din aceast\u0103 var\u0103. Mecanismul de protec\u021bie civil\u0103 al UE a fost activat de 10 ori pentru incendii forestiere \u00eencep\u00e2nd din aprilie.<\/p>\n<p data-index=\"7\">Aproape 800 de pompieri au fost prepozi\u021biona\u021bi \u00een zone cu risc ridicat, iar echipe din 25 de \u021b\u0103ri au fost mobilizate pe parcursul verii. \u00cencep\u00e2nd din luna mai, Europa s-a confruntat cu patru valuri de c\u0103ldur\u0103.<\/p>\n<p data-index=\"8\">Comisarul european pentru ajutor umanitar \u0219i gestionarea crizelor, Hadja Lahbib, a declarat c\u0103 aproximativ 300.000 de persoane au fost evacuate \u00een aceast\u0103 var\u0103 din cauza incendiilor forestiere.<\/p>\n<p data-index=\"9\">\u201eAvem o strategie bun\u0103, dar trebuie s\u0103 intensific\u0103m eforturile, deoarece schimb\u0103rile climatice nu bat la u\u0219\u0103, ci sunt deja \u00een\u0103untru. Sunt \u00een Europa; din p\u0103cate, suntem continentul care se \u00eenc\u0103lze\u0219te cel mai rapid\u201d, a afirmat Lahbib.<\/p>\n<h2 id=\"highlight-3929395-1\">Peste 600.000 de hectare au ars<\/h2>\n<p data-index=\"10\">Potrivit Comisiei Europene, \u00een acest an au ars peste 600.000 de hectare \u00een Uniunea European\u0103, mai mult dec\u00e2t dublul mediei pe termen lung din ultimele dou\u0103 decenii.<\/p>\n<p data-index=\"11\">\u00cen acest context, von der Leyen sus\u021bine c\u0103 simpla mobilizare a resurselor dup\u0103 izbucnirea unui incendiu, a unei inunda\u021bii sau dup\u0103 producerea unui alt dezastru nu mai este suficient\u0103.<\/p>\n<p data-index=\"12\">UE vrea ca experien\u021ba acumulat\u0103 \u00een timpul fiec\u0103rei crize s\u0103 fie folosit\u0103 pentru \u00eembun\u0103t\u0103\u021birea preg\u0103tirii \u0219i pentru reducerea timpului de reac\u021bie la urm\u0103toarea situa\u021bie de urgen\u021b\u0103.<\/p>\n<p class=\"gdpr-placeholder gdpr-social-media gdpr-iframe-fix\" data-index=\"14\"> Setarile tale privind cookie-urile nu permit afisarea continutul din aceasta sectiune. Poti actualiza setarile modulelor coookie direct din browser sau de <a class=\"ot-sdk-show-settings\" data-skip-linkfix=\"1\">aici<\/a> \u2013 e nevoie sa accepti cookie-urile social media<\/p>\n<p data-index=\"15\">Problema este \u00eens\u0103 finan\u021barea. Guvernele europene sunt deja presate s\u0103 reduc\u0103 cheltuielile, iar discu\u021biile privind viitorul buget pe termen lung al UE ad\u00e2ncesc tensiunile. Mai multe state, printre care Germania, Austria, Danemarca, Finlanda, \u021a\u0103rile de Jos \u0219i Suedia, sus\u021bin reducerea bugetului propus pentru perioada 2027\u20132034.<\/p>\n<p data-index=\"16\">Comisarul european pentru ac\u021biuni climatice, Wopke Hoekstra, a recunoscut dificult\u0103\u021bile financiare, dar a argumentat c\u0103 investi\u021biile \u00een preven\u021bie sunt mai pu\u021bin costisitoare dec\u00e2t reconstruc\u021bia dup\u0103 producerea dezastrelor.<\/p>\n<p data-index=\"17\">\u201eToate dovezile arat\u0103 c\u0103 realizarea investi\u021biilor ini\u021biale este mult mai ieftin\u0103 dec\u00e2t a fi pur \u0219i simplu lovit de incendii, de inunda\u021bii \u0219i apoi a pl\u0103ti pentru daune. Asta este pur \u0219i simplu mult mai costisitor\u201d, a declarat Hoekstra.<\/p>\n<h2 id=\"highlight-3929395-2\">De la dezastre naturale la amenin\u021b\u0103ri hibride<\/h2>\n<p data-index=\"18\">Strategia european\u0103 de protec\u021bie civil\u0103 se schimb\u0103 \u0219i dintr-un alt motiv: autorit\u0103\u021bile trebuie s\u0103 fie preg\u0103tite nu doar pentru dezastre naturale izolate, ci \u0219i pentru crize multiple care se desf\u0103\u0219oar\u0103 \u00een acela\u0219i timp.<\/p>\n<p data-index=\"19\">Inunda\u021biile, incendiile forestiere \u0219i alte fenomene meteorologice extreme se pot suprapune cu atacuri cibernetice, acte de sabotaj asupra infrastructurilor critice sau perturb\u0103ri ale sistemelor energetice \u0219i sanitare. Astfel de amenin\u021b\u0103ri \u201ehibride\u201d pot afecta grav via\u021ba de zi cu zi f\u0103r\u0103 s\u0103 semene cu un atac militar conven\u021bional.<\/p>\n<p data-index=\"20\">\u00cen acest context, comisarii europeni din statele de pe flancul estic i-au cerut recent Ursulei von der Leyen s\u0103 ia m\u0103suri urgente \u00een fa\u021ba amenin\u021b\u0103rilor ruse\u0219ti tot mai mari la adresa statelor baltice, inclusiv prin numirea unui coordonator de nivel \u00eenalt pentru regiune.<\/p>\n<p data-index=\"21\">\u00cen martie 2025, Hadja Lahbib avertiza deja asupra necesit\u0103\u021bii unei coordon\u0103ri europene mai bune, a unor rezerve de urgen\u021b\u0103 \u0219i a unei popula\u021bii mai reziliente.<\/p>\n<p data-index=\"22\"><strong>Cite\u0219te \u0219i: <a href=\"https:\/\/www.digi24.ro\/stiri\/ursula-von-der-leyen-reactie-dupa-incidentul-de-la-neptun-deep-o-campanie-de-amenintari-din-ce-in-ce-mai-intensa-3914235\" target=\"_blank\" rel=\"noopener\" data-skip-linkfix=\"1\">Ursula von der Leyen, reac\u021bie dup\u0103 incidentul de la Neptun Deep: \u201eO campanie de amenin\u021b\u0103ri din ce \u00een ce mai intens\u0103\u201d<\/a><\/strong><\/p>\n<p data-index=\"23\">Una dintre m\u0103surile propuse vizeaz\u0103 preg\u0103tirea gospod\u0103riilor pentru situa\u021bii de criz\u0103, astfel \u00eenc\u00e2t oamenii s\u0103 poat\u0103 face fa\u021b\u0103 pe cont propriu timp de cel pu\u021bin 72 de ore.<\/p>\n<p data-index=\"24\">Pentru Bruxelles, provocarea urm\u0103torilor ani nu mai este doar capacitatea de a interveni dup\u0103 producerea unui dezastru, ci \u0219i aceea de a anticipa crizele, de a limita efectele lor \u0219i de a se asigura c\u0103 Europa poate face fa\u021b\u0103 unor situa\u021bii de urgen\u021b\u0103 care se produc simultan \u00een mai multe locuri.<\/p>\n<p> Editor : <a href=\"https:\/\/www.digi24.ro\/autor\/claudia-ariton\"> C.A. <\/a><\/p>\n<\/div>\n<p>[analyse_source url=&#8221;https:\/\/www.digi24.ro\/stiri\/externe\/ue\/avertismentul-ursulei-von-der-leyen-europa-trebuie-sa-fie-pregatita-pentru-dezastre-care-lovesc-simultan-mai-multe-tari-3929395&#8243;]<\/p>\n","protected":false},"excerpt":{"rendered":"<p>[analyse_image type=&#8221;featured&#8221; src=&#8221;https:\/\/s.iw.ro\/gateway\/g\/ZmlsZVNvdXJjZT1odHRwJTNBJTJGJTJG\/c3RvcmFnZTA4dHJhbnNjb2Rlci5yY3Mt\/cmRzLnJvJTJGc3RvcmFnZSUyRjIwMjYl\/MkYwMSUyRjIyJTJGMjU1Mzg1NF8yNTUz\/ODU0X3Byb2ZpbWVkaWEtMTA2Nzk0Mjky\/NC5qcGcmdz0xMjAwJmg9NjMwJnpjPTEm\/aGFzaD1jNTJlZDc3NzZjZjYzOGFlZjc2N2Y1ODJjNGExN2FiMQ==.thumb.jpg&#8221;] Pre\u0219edinta Comisiei Europene, Ursula von der Leyen, avertizeaz\u0103 c\u0103 Uniunea European\u0103 trebuie s\u0103-\u0219i consolideze urgent capacitatea de prevenire \u0219i gestionare a dezastrelor, \u00eentr-un context \u00een care incendiile forestiere, inunda\u021biile \u0219i fenomenele meteorologice extreme devin tot mai frecvente \u0219i pot lovi simultan mai multe \u021b\u0103ri. Bruxelles-ul vrea s\u0103 pun\u0103 mai mult accent pe [&hellip;]<\/p>\n","protected":false},"author":1,"featured_media":0,"comment_status":"open","ping_status":"","sticky":false,"template":"","format":"standard","meta":{"footnotes":""},"categories":[89],"tags":[226,11],"class_list":["post-2121133","post","type-post","status-publish","format-standard","hentry","category-romania","tag-crawlmanager","tag-digi24"],"_links":{"self":[{"href":"https:\/\/analyse.optim.biz\/index.php?rest_route=\/wp\/v2\/posts\/2121133","targetHints":{"allow":["GET"]}}],"collection":[{"href":"https:\/\/analyse.optim.biz\/index.php?rest_route=\/wp\/v2\/posts"}],"about":[{"href":"https:\/\/analyse.optim.biz\/index.php?rest_route=\/wp\/v2\/types\/post"}],"author":[{"embeddable":true,"href":"https:\/\/analyse.optim.biz\/index.php?rest_route=\/wp\/v2\/users\/1"}],"replies":[{"embeddable":true,"href":"https:\/\/analyse.optim.biz\/index.php?rest_route=%2Fwp%2Fv2%2Fcomments&post=2121133"}],"version-history":[{"count":0,"href":"https:\/\/analyse.optim.biz\/index.php?rest_route=\/wp\/v2\/posts\/2121133\/revisions"}],"wp:attachment":[{"href":"https:\/\/analyse.optim.biz\/index.php?rest_route=%2Fwp%2Fv2%2Fmedia&parent=2121133"}],"wp:term":[{"taxonomy":"category","embeddable":true,"href":"https:\/\/analyse.optim.biz\/index.php?rest_route=%2Fwp%2Fv2%2Fcategories&post=2121133"},{"taxonomy":"post_tag","embeddable":true,"href":"https:\/\/analyse.optim.biz\/index.php?rest_route=%2Fwp%2Fv2%2Ftags&post=2121133"}],"curies":[{"name":"wp","href":"https:\/\/api.w.org\/{rel}","templated":true}]}}