{"id":2121128,"date":"2026-08-30T16:02:34","date_gmt":"2026-08-30T13:02:34","guid":{"rendered":"https:\/\/analyse.optim.biz\/?p=2121128"},"modified":"2026-08-30T16:02:34","modified_gmt":"2026-08-30T13:02:34","slug":"ce-a-declarat-premierul-islandei-dupa-ce-poporul-a-refuzat-sa-se-alature-uniunii-europene","status":"publish","type":"post","link":"https:\/\/analyse.optim.biz\/?p=2121128","title":{"rendered":"Ce a declarat premierul Islandei dup\u0103 ce poporul a refuzat s\u0103 se al\u0103ture Uniunii Europene"},"content":{"rendered":"<p>[analyse_image type=&#8221;featured&#8221; src=&#8221;https:\/\/cdn.adh.reperio.news\/image-0\/09826e9c-0095-434f-85ec-2ea670b4d83c\/index.jpeg?p=f%3Djpeg%26w%3D1200%26h%3D630%26r%3Dcover&#8221;]<\/p>\n<article class=\"svelte-x63bga\">\n<nav>\n<ul class=\"breadcrump svelte-1pk9a69\">\n<li class=\"svelte-1pk9a69\"><a href=\"https:\/\/adevarul.ro\/\" title=\"Adev\u0103rul\" class=\"svelte-1pk9a69\">Home<\/a><\/li>\n<li class=\"svelte-1pk9a69\"><a href=\"https:\/\/adevarul.ro\/stiri-interne\" class=\"svelte-1pk9a69\">\u0218tiri Interne<\/a><\/li>\n<li class=\"svelte-1pk9a69\"><a href=\"https:\/\/adevarul.ro\/stiri-interne\/ce-a-declarat-premierul-islandei-dupa-ce-poporul-a-2553013.html\" class=\"svelte-1pk9a69\">Ce a declarat premierul Islandei dup\u0103 ce poporul a refuzat s\u0103 se al\u0103ture Uniunii Europene<\/a><\/li>\n<\/ul>\n<\/nav>\n<p><main class=\"svelte-x63bga\"><\/p>\n<p>Premierul Islandei, Kristr\u00fan Frostad\u00f3ttir, le-a cerut cet\u0103\u021benilor s\u0103 respecte opinia celor care au sus\u021binut reluarea negocierilor de aderare la Uniunea European\u0103, dup\u0103 ce aleg\u0103torii au respins, la limit\u0103, aceast\u0103 posibilitate \u00een cadrul referendumului.<\/p>\n<div class=\"container-image  svelte-1xbw4f3\"><source type=\"image\/webp\" srcset=\"https:\/\/cdn.adh.reperio.news\/image-0\/09826e9c-0095-434f-85ec-2ea670b4d83c\/index.jpeg?p=a%3D1%26co%3D1.05%26w%3D1400%26h%3D750%26r%3Dcontain%26f%3Dwebp 1400w\" media=\"(min-width: 1400px)\" \/><\/p>\n<div class=\"caption svelte-1xbw4f3\"><span class=\"captionText svelte-1xbw4f3\">Islanda a depus pentru prima dat\u0103 cererea de aderare la UE  \u00een 2009.  <span class=\"source svelte-1xbw4f3\">Foto: government.is<\/span><\/span><\/div>\n<\/div>\n<p>Tab\u0103ra \u201e<i>Nu<\/i>\u201d a c\u00e2\u0219tigat referendumul privind redeschiderea negocierilor cu Uniunea European\u0103, cu aproximativ 5,6% \u00een fa\u021ba taberei \u201e<i>Da<\/i>\u201d. Diferen\u021ba a fost de pu\u021bin sub 13.000 de voturi, din cele peste 225.000 exprimate, noteaz\u0103\u00a0<a href=\"https:\/\/www.euronews.com\/my-europe\/2026\/08\/30\/iceland-votes-no-to-further-eu-accession-talks-in-tight-result\" rel=\"nofollow\">Euronews<\/a>.\u00a0<\/p>\n<p>Premierul Kristr\u00fan Frostad\u00f3ttir, care \u0219i-a exprimat \u00een mod deschis preferin\u021ba pentru reluarea negocierilor, a f\u0103cut apel la unitate dup\u0103 anun\u021barea rezultatului \u0219i a subliniat c\u0103 opinia celor care au votat pentru apropierea de UE trebuie luat\u0103 \u00een considerare.<\/p>\n<p><i>\u201e47% din popula\u021bie a fost interesat\u0103 de asta [reluarea negocierilor cu UE]. Cred c\u0103 este important s\u0103 intr\u0103m \u00een lunile \u0219i s\u0103pt\u0103m\u00e2nile care vin respect\u00e2nd acest punct de vedere\u201d<\/i>, a declarat premierul.<\/p>\n<p>Prezen\u021ba la urne a fost de 82,5%, unul dintre cele mai ridicate niveluri \u00eenregistrate vreodat\u0103 la un scrutin na\u021bional din Islanda. Rezultatul a eviden\u021biat \u00eens\u0103 o diferen\u021b\u0103 clar\u0103 \u00eentre aleg\u0103torii din capital\u0103 \u0219i cei din regiunile rurale.<\/p>\n<p>\u00cen Reykjav\u00edk, aleg\u0103torii au sus\u021binut majoritar reluarea negocierilor cu UE. \u00cen schimb, \u00een celelalte circumscrip\u021bii, votul \u201e<i>Nu<\/i>\u201d s-a impus, \u00een special \u00een zonele rurale \u0219i de coast\u0103, unde problema pescuitului \u0219i a controlului asupra resurselor maritime reprezint\u0103 unul dintre principalele argumente \u00eempotriva ader\u0103rii la Uniunea European\u0103.<\/p>\n<p>Ministrul islandez de Externe, \u00deorger\u00f0ur Katr\u00edn Gunnarsd\u00f3ttir, a apreciat c\u0103 participarea ridicat\u0103 la referendum reprezint\u0103 una dintre principalele concluzii ale scrutinului.<\/p>\n<p><i>\u201ePentru mine, ca ministru de externe, a fost incredibil de bine \u0219i de pl\u0103cut c\u0103 a existat mult mai mult\u0103 discu\u021bie despre afacerile interna\u021bionale \u00een societate dec\u00e2t \u00eenainte\u201d<\/i>, a declarat ea.<\/p>\n<p>Victoria taberei \u201e<i>Nu<\/i>\u201d \u00eenseamn\u0103 c\u0103 rela\u021biile Islandei cu Uniunea European\u0103 se vor schimba radical. \u021aara face deja parte din Spa\u021biul Economic European \u0219i din spa\u021biul Schengen, iar aceste acorduri vor r\u0103m\u00e2ne \u00een vigoare.<\/p>\n<p>Referendumul nu are, de unul singur, putere juridic\u0103, \u00eens\u0103 guvernul s-a angajat s\u0103 respecte rezultatul. Frostad\u00f3ttir a anun\u021bat anterior c\u0103, \u00een cazul unui vot negativ, problema ader\u0103rii la UE va fi scoas\u0103 de pe agenda politic\u0103 pentru restul mandatului s\u0103u, care se \u00eencheie \u00een 2028.<\/p>\n<p>Guvernul a indicat, de asemenea, c\u0103 o eventual\u0103 retragere oficial\u0103 a cererii de aderare a Islandei la UE ar urma s\u0103 fie decis\u0103 de parlament, nu unilateral de executiv.<\/p>\n<p>Islanda a depus pentru prima dat\u0103 cererea de aderare la Uniunea European\u0103 dup\u0103 criza financiar\u0103 din 2009, c\u00e2nd economia \u021b\u0103rii a fost grav afectat\u0103. Negocierile au fost suspendate \u00een 2013, dup\u0103 venirea la putere a unei coali\u021bii eurosceptice.<\/p>\n<p>Guvernul condus de Frostad\u00f3ttir a readus \u00een acest an tema ader\u0103rii \u00een centrul dezbaterii, argument\u00e2nd c\u0103 schimb\u0103rile geopolitice \u0219i instabilitatea interna\u021bional\u0103 justific\u0103 o nou\u0103 consultare a popula\u021biei.<\/p>\n<p><\/main><\/p>\n<footer class=\"svelte-x63bga\">\n<div class=\"related-wrap related-footer svelte-78g0vl\"><span class=\"related-label svelte-78g0vl\">Cite\u0219te \u0219i<\/span><a class=\"related svelte-78g0vl\" data-gtrack=\"{&quot;event&quot;:&quot;utm_click&quot;,&quot;data&quot;:{&quot;event_category&quot;:&quot;article_related&quot;}}\" href=\"https:\/\/adevarul.ro\/stiri-externe\/europa\/islanda-decide-daca-revine-la-masa-negocierilor-2552807.html\" title=\"Alt articol de interes pentru tine\"><img decoding=\"async\" class=\"thumb svelte-78g0vl\" src=\"https:\/\/cdn.adh.reperio.news\/image-0\/09826e9c-0095-434f-85ec-2ea670b4d83c\/index.jpeg?p=f%3Dwebp%26w%3D120%26h%3D80%26r%3Dcover%26a%3D0\" alt loading=\"lazy\" width=\"80\" height=\"54\"><span class=\"title svelte-78g0vl\">Islanda decide dac\u0103 revine la masa negocierilor pentru aderarea la UE. Referendumul care poate schimba direc\u021bia \u021b\u0103rii<\/span><\/a><a class=\"related svelte-78g0vl\" data-gtrack=\"{&quot;event&quot;:&quot;utm_click&quot;,&quot;data&quot;:{&quot;event_category&quot;:&quot;article_related&quot;}}\" href=\"https:\/\/adevarul.ro\/securitate-si-aparare\/islanda-decide-azi-daca-se-apropie-de-ue-vot-la-2552843.html\" title=\"Alt articol de interes pentru tine\"><img decoding=\"async\" class=\"thumb svelte-78g0vl\" src=\"https:\/\/cdn.adh.reperio.news\/image-3\/339183fb-ae8f-430f-ad5b-e74ad833ec41\/index.jpeg?p=f%3Dwebp%26w%3D120%26h%3D80%26r%3Dcover%26a%3D0\" alt loading=\"lazy\" width=\"80\" height=\"54\"><span class=\"title svelte-78g0vl\">Islanda decide azi dac\u0103 se apropie de UE. Vot la limit\u0103, mize uria\u0219e \u0219i frica de a pierde controlul asupra pescuitului<\/span><\/a><a class=\"related svelte-78g0vl\" data-gtrack=\"{&quot;event&quot;:&quot;utm_click&quot;,&quot;data&quot;:{&quot;event_category&quot;:&quot;article_related&quot;}}\" href=\"https:\/\/adevarul.ro\/stiri-externe\/europa\/islanda-impartita-de-referendumul-privind-2552916.html\" title=\"Alt articol de interes pentru tine\"><img decoding=\"async\" class=\"thumb svelte-78g0vl\" src=\"https:\/\/cdn.adh.reperio.news\/image-f\/fd228a83-cfc9-4e9c-b495-a70e23d9a2f2\/index.jpeg?p=f%3Dwebp%26w%3D120%26h%3D80%26r%3Dcover%26a%3D0\" alt loading=\"lazy\" width=\"80\" height=\"54\"><span class=\"title svelte-78g0vl\">Islandezii au respins prin referendum reluarea negocierilor pentru aderarea la UE<\/span><\/a><\/div>\n<div class=\"meta svelte-x63bga\">\n<div class=\"authors svelte-x63bga\"><span class=\"names svelte-x63bga\"><a href=\"https:\/\/adevarul.ro\/author\/1899\" rel=\"author\" class=\"svelte-x63bga\">Maria \u0162aga<\/a><\/span><\/p>\n<div class=\"_hydratable\" data-props=\"%7B%22showLive%22%3Atrue%7D\" data-context=\"%7B%22parentBlockColumnCount%22%3A%7B%22value%22%3A0%2C%22type%22%3A%22store%2Freadable%22%7D%2C%22parentBlockBackgroundColor%22%3A%7B%22type%22%3A%22store%2Freadable%22%7D%7D\" data-component=\"ShareButton\">\n<div class=\"shareButtons svelte-itwbrr\">\n<div class=\"liveSessions metaFont svelte-1maxmbf\"><span class=\"value svelte-1maxmbf\">1<\/span> live <\/div>\n<\/div>\n<\/div>\n<\/div>\n<div class=\"tags svelte-1l3vwp1\"><span class=\"tags-label metaFont svelte-1l3vwp1\">Cite\u0219te mai multe despre<\/span><\/p>\n<div class=\"tags-list svelte-1l3vwp1\"><a href=\"https:\/\/adevarul.ro\/tag\/uniunea%20europeana\" title=\"Ultimele \u0219tiri despre uniunea europeana\" class=\"tag-pill svelte-1l3vwp1\">uniunea europeana<\/a><a href=\"https:\/\/adevarul.ro\/tag\/referendum\" title=\"Ultimele \u0219tiri despre referendum\" class=\"tag-pill svelte-1l3vwp1\">referendum<\/a><a href=\"https:\/\/adevarul.ro\/tag\/islanda\" title=\"Ultimele \u0219tiri despre islanda\" class=\"tag-pill svelte-1l3vwp1\">islanda<\/a><a href=\"https:\/\/adevarul.ro\/tag\/referendum%20ue\" title=\"Ultimele \u0219tiri despre referendum ue\" class=\"tag-pill svelte-1l3vwp1\">referendum ue<\/a><\/div>\n<\/div>\n<\/div>\n<p><a class=\"moreFromCategory svelte-x63bga\" href=\"https:\/\/adevarul.ro\/stiri-interne\" title=\"\u0218tiri Interne\">Mai multe din <strong class=\"svelte-x63bga\">\u0218tiri Interne<\/strong> \u203a<\/a><\/footer>\n<\/article>\n<p>[analyse_source url=&#8221;https:\/\/adevarul.ro\/stiri-interne\/ce-a-declarat-premierul-islandei-dupa-ce-poporul-a-2553013.html&#8221;]<\/p>\n","protected":false},"excerpt":{"rendered":"<p>[analyse_image type=&#8221;featured&#8221; src=&#8221;https:\/\/cdn.adh.reperio.news\/image-0\/09826e9c-0095-434f-85ec-2ea670b4d83c\/index.jpeg?p=f%3Djpeg%26w%3D1200%26h%3D630%26r%3Dcover&#8221;] Home \u0218tiri Interne Ce a declarat premierul Islandei dup\u0103 ce poporul a refuzat s\u0103 se al\u0103ture Uniunii Europene Premierul Islandei, Kristr\u00fan Frostad\u00f3ttir, le-a cerut cet\u0103\u021benilor s\u0103 respecte opinia celor care au sus\u021binut reluarea negocierilor de aderare la Uniunea European\u0103, dup\u0103 ce aleg\u0103torii au respins, la limit\u0103, aceast\u0103 posibilitate \u00een cadrul referendumului. Islanda [&hellip;]<\/p>\n","protected":false},"author":1,"featured_media":0,"comment_status":"open","ping_status":"","sticky":false,"template":"","format":"standard","meta":{"footnotes":""},"categories":[89],"tags":[19,226],"class_list":["post-2121128","post","type-post","status-publish","format-standard","hentry","category-romania","tag-adevarul","tag-crawlmanager"],"_links":{"self":[{"href":"https:\/\/analyse.optim.biz\/index.php?rest_route=\/wp\/v2\/posts\/2121128","targetHints":{"allow":["GET"]}}],"collection":[{"href":"https:\/\/analyse.optim.biz\/index.php?rest_route=\/wp\/v2\/posts"}],"about":[{"href":"https:\/\/analyse.optim.biz\/index.php?rest_route=\/wp\/v2\/types\/post"}],"author":[{"embeddable":true,"href":"https:\/\/analyse.optim.biz\/index.php?rest_route=\/wp\/v2\/users\/1"}],"replies":[{"embeddable":true,"href":"https:\/\/analyse.optim.biz\/index.php?rest_route=%2Fwp%2Fv2%2Fcomments&post=2121128"}],"version-history":[{"count":0,"href":"https:\/\/analyse.optim.biz\/index.php?rest_route=\/wp\/v2\/posts\/2121128\/revisions"}],"wp:attachment":[{"href":"https:\/\/analyse.optim.biz\/index.php?rest_route=%2Fwp%2Fv2%2Fmedia&parent=2121128"}],"wp:term":[{"taxonomy":"category","embeddable":true,"href":"https:\/\/analyse.optim.biz\/index.php?rest_route=%2Fwp%2Fv2%2Fcategories&post=2121128"},{"taxonomy":"post_tag","embeddable":true,"href":"https:\/\/analyse.optim.biz\/index.php?rest_route=%2Fwp%2Fv2%2Ftags&post=2121128"}],"curies":[{"name":"wp","href":"https:\/\/api.w.org\/{rel}","templated":true}]}}