{"id":2121120,"date":"2026-08-31T17:05:49","date_gmt":"2026-08-31T14:05:49","guid":{"rendered":"https:\/\/analyse.optim.biz\/?p=2121120"},"modified":"2026-08-31T17:05:49","modified_gmt":"2026-08-31T14:05:49","slug":"de-ce-tarile-de-pe-flancul-estic-al-nato-resping-temerile-privind-un-atac-al-rusiei-exista-insa-motive","status":"publish","type":"post","link":"https:\/\/analyse.optim.biz\/?p=2121120","title":{"rendered":"De ce \u021b\u0103rile de pe flancul estic al NATO resping temerile privind un atac al Rusiei: \u201eExist\u0103 \u00eens\u0103 motive&#8230;"},"content":{"rendered":"<p>[analyse_image type=&#8221;featured&#8221; src=&#8221;https:\/\/s.iw.ro\/gateway\/g\/ZmlsZVNvdXJjZT1odHRwJTNBJTJGJTJG\/c3RvcmFnZTA4dHJhbnNjb2Rlci5yY3Mt\/cmRzLnJvJTJGc3RvcmFnZSUyRjIwMjYl\/MkYwOCUyRjMxJTJGMjkzMjQ3Nl8yOTMy\/NDc2X3Byb2ZpbWVkaWEtMDk2MDk4Mzc2\/OC5qcGcmdz0xMjAwJmg9NjMwJnpjPTEm\/aGFzaD0wNTkxNDRmY2Q3MGMxNDRmM2VmNWVlZjY2M2VkZGVkZQ==.thumb.jpg&#8221;]<\/p>\n<div class=\"entry data-app-meta data-app-meta-article\" data-embed-base-url-canonical=\"https:\/\/www.digi24.ro\/embed\/stiri\/externe\/ue\/de-ce-tarile-de-pe-flancul-estic-al-nato-resping-temerile-privind-un-atac-al-rusiei-exista-insa-motive-sa-credem-ca-riscul-a-crescut-3929317\">\n<p data-index=\"1\"><strong>\u021a\u0103rile de pe flancul estic al NATO, inclusiv Rom\u00e2nia, Finlanda \u0219i statele baltice, afirm\u0103 c\u0103 nu exist\u0103 dovezi c\u0103 Rusia s-ar preg\u0103ti s\u0103 atace \u00een viitorul apropiat un membru al Alian\u021bei. Oficialii continu\u0103 \u00eens\u0103 s\u0103 consolideze ap\u0103rarea \u0219i avertizeaz\u0103 c\u0103 Moscova \u00ee\u0219i intensific\u0103 ac\u021biunile ostile \u00eempotriva Europei, de la atacuri cibernetice \u0219i sabotaje p\u00e2n\u0103 la provoc\u0103ri \u0219i \u00eenc\u0103lc\u0103ri ale spa\u021biului aerian, scrie <a href=\"https:\/\/www.euronews.com\/my-europe\/2026\/08\/31\/why-the-baltics-are-pushing-back-against-new-fears-of-a-russian-attack\" target=\"_blank\" rel=\"noopener\" data-skip-linkfix=\"1\">Euronews<\/a>.<\/strong><\/p>\n<h2 id=\"highlight-3929317-1\">\u201eUn atac militar conven\u021bional al Rusiei r\u0103m\u00e2ne foarte pu\u021bin probabil\u201d<\/h2>\n<p data-index=\"2\">La aproape o s\u0103pt\u0103m\u00e2n\u0103 dup\u0103 ce <a href=\"https:\/\/www.digi24.ro\/stiri\/externe\/un-avion-misterios-militar-de-transport-al-sua-a-aterizat-pe-cel-mai-vechi-aeroport-din-moscova-reactia-kremlinului-3920705\" target=\"_blank\" rel=\"noopener\" data-skip-linkfix=\"1\">vizita secret\u0103 la Moscova a directorului CIA<\/a>, John Ratcliffe, a alimentat temerile c\u0103 Rusia s-ar putea preg\u0103ti s\u0103 testeze NATO, oficialii europeni resping ipoteza potrivit c\u0103reia un atac conven\u021bional ar fi iminent.<\/p>\n<p data-index=\"3\">Din Finlanda \u0219i Rom\u00e2nia p\u00e2n\u0103 \u00een statele baltice, guvernele sus\u021bin c\u0103 nu exist\u0103 dovezi c\u0103 Moscova s-ar preg\u0103ti pentru o confruntare direct\u0103 cu NATO. \u00cen acela\u0219i timp, acestea continu\u0103 s\u0103-\u0219i consolideze ap\u0103rarea \u0219i avertizeaz\u0103 c\u0103 amenin\u021barea reprezentat\u0103 de Rusia este \u00een cre\u0219tere.<\/p>\n<p data-index=\"4\">Oficialii de pe flancul estic al NATO subliniaz\u0103 c\u0103 preg\u0103tirea pentru o posibil\u0103 agresiune rus\u0103 nu \u00eenseamn\u0103 c\u0103 se a\u0219teapt\u0103 ca aceasta s\u0103 aib\u0103 loc.<\/p>\n<p data-index=\"5\">John Hardie, director adjunct al Programului pentru Rusia din cadrul organiza\u021biei americane Foundation for Defense of Democracies, a declarat pentru Euronews c\u0103 Ratcliffe ar fi putut transmite mai multe mesaje la Moscova.<\/p>\n<p data-index=\"6\">\u201e\u00cen opinia mea, un atac militar conven\u021bional al Rusiei \u00eempotriva unui stat membru NATO r\u0103m\u00e2ne foarte pu\u021bin probabil, mai ales c\u00e2t timp r\u0103zboiul din Ucraina continu\u0103\u201d, a spus Hardie.<\/p>\n<blockquote>\n<p data-index=\"7\">\u201eCu toate acestea, chiar dac\u0103, \u00een general, acest scenariu r\u0103m\u00e2ne improbabil, exist\u0103 motive s\u0103 credem c\u0103 riscul a crescut u\u0219or.\u201d<\/p>\n<\/blockquote>\n<p data-index=\"8\">\u201eR\u0103zboiul din Iran a redus nivelul de preg\u0103tire al SUA, iar administra\u021bia Trump a provocat \u00eendoieli cu privire la voin\u021ba politic\u0103 a Statelor Unite de a ap\u0103ra Europa. \u00cen ultimele luni, am asistat la p\u0103trunderi \u00een spa\u021biul aerian al NATO care ar fi putut avea drept scop testarea reac\u021biei noastre.\u201d<\/p>\n<p data-index=\"9\">Hardie a mai spus c\u0103 oficialii americani ar putea fi \u00eengrijora\u021bi \u0219i de modul \u00een care Putin ar reac\u021biona dac\u0103 s-ar sim\u021bi \u201efrustrat sau \u00eencol\u021bit\u201d \u00een Ucraina. Expertul consider\u0103 \u00eens\u0103 c\u0103 un al doilea val de mobilizare \u00een Rusia ar fi un r\u0103spuns mai probabil.<\/p>\n<p data-index=\"10\">Evaluarea lui Hardie coincide, \u00een linii mari, cu declara\u021biile publice ale liderilor europeni.<\/p>\n<h2 id=\"highlight-3929317-2\">\u201eNu ar avea niciun sens ca vreo putere din lume s\u0103 testeze hot\u0103r\u00e2rea acestei alian\u021be\u201d<\/h2>\n<p data-index=\"11\">Pre\u0219edintele Finlandei, Alexander Stubb, a respins previziunile potrivit c\u0103rora Rusia ar putea fi preg\u0103tit\u0103 s\u0103 atace o \u021bar\u0103 NATO \u00een urm\u0103torii ani.<\/p>\n<p data-index=\"12\">\u201eDac\u0103 cineva are un asemenea glob de cristal, foarte bine. Eu, pur \u0219i simplu, nu v\u0103d nici dovezi, nici fapte care s\u0103 sus\u021bin\u0103 aceast\u0103 ipotez\u0103\u201d, a declarat Stubb pentru publica\u021bia german\u0103 Bild, ad\u0103ug\u00e2nd c\u0103 informa\u021biile de care dispune \u00eei confirm\u0103 evaluarea.<\/p>\n<blockquote>\n<p data-index=\"13\">\u201eNu ar avea niciun sens ca vreo putere din lume s\u0103 testeze hot\u0103r\u00e2rea acestei alian\u021be.\u201d<\/p>\n<\/blockquote>\n<p data-index=\"14\">Finlanda \u00ee\u0219i consolideaz\u0103 totu\u0219i ap\u0103rarea de-a lungul frontierei sale de 1.340 de kilometri cu Rusia. Suedia a acceptat o solicitare a autorit\u0103\u021bilor de la Helsinki \u0219i va trimite avioane de lupt\u0103 Gripen \u0219i o nav\u0103 militar\u0103 pentru a sprijini supravegherea teritoriului finlandez de-a lungul frontierei.<\/p>\n<p data-index=\"15\">Oficialii finlandezi nu v\u0103d nicio contradic\u021bie \u00een aceste m\u0103suri. Cre\u0219terea nivelului de preg\u0103tire militar\u0103 are rolul de a descuraja Rusia \u0219i de a proteja \u021bara \u00eempotriva dronelor, \u00eenc\u0103lc\u0103rilor spa\u021biului aerian \u0219i altor forme de escaladare, nu de a o preg\u0103ti pentru un atac iminent.<\/p>\n<p data-index=\"16\">Rom\u00e2nia a prezentat o evaluare similar\u0103. <a href=\"https:\/\/www.digi24.ro\/stiri\/actualitate\/politica\/radu-miruta-nu-cred-ca-exista-vreo-intentie-ca-rusia-sa-atace-vreo-tara-membra-nato-uzura-incepe-sa-nu-mai-produca-rezultate-3927831\" target=\"_blank\" rel=\"noopener\" data-skip-linkfix=\"1\">Ministrul Ap\u0103r\u0103rii, Radu Miru\u021b\u0103<\/a>, a declarat duminic\u0103, la Digi24, c\u0103 Bucure\u0219tiul \u0219i alia\u021bii s\u0103i fac permanent schimb de informa\u021bii \u0219i c\u0103 nu exist\u0103 \u201eniciun indiciu\u201d potrivit c\u0103ruia Rusia ar inten\u021biona s\u0103 atace un stat membru NATO.<\/p>\n<p data-index=\"17\">\u201eNu cred c\u0103 Rusia are inten\u021bia de a ataca o \u021bar\u0103 membr\u0103 NATO\u201d, a spus Miru\u021b\u0103.<\/p>\n<p data-index=\"18\">Rom\u00e2nia are o frontier\u0103 de 614 kilometri cu Ucraina, iar drone ruse\u0219ti au p\u0103truns \u00een repetate r\u00e2nduri pe teritoriul s\u0103u.<\/p>\n<p data-index=\"19\">Premierul Letoniei, Andris Kulbergs, a fost \u0219i mai explicit. El a transmis, \u00eentr-un mesaj publicat pe X, c\u0103 nivelul amenin\u021b\u0103rii militare la adresa \u021b\u0103rii sale nu s-a schimbat, iar riscul unei invazii directe a Rusiei r\u0103m\u00e2ne sc\u0103zut.<\/p>\n<p data-index=\"20\">Letonia r\u0103m\u00e2ne \u00eens\u0103 \u00een alert\u0103 sporit\u0103 \u00een fa\u021ba atacurilor cibernetice, actelor de sabotaj, provoc\u0103rilor \u0219i dronelor, consolid\u00e2ndu-\u0219i \u00een acela\u0219i timp frontiera estic\u0103 \u00eempreun\u0103 cu alia\u021bii NATO.<\/p>\n<p data-index=\"21\">\u201ePreg\u0103tirea pentru o posibil\u0103 amenin\u021bare nu \u00eenseamn\u0103 existen\u021ba unei amenin\u021b\u0103ri imediate\u201d, a spus Kulbergs. \u201eAceste dou\u0103 lucruri nu trebuie confundate.\u201d<\/p>\n<p data-index=\"22\">Lituania, Estonia \u0219i Letonia se num\u0103r\u0103 printre statele NATO care aloc\u0103 cele mai mari sume ap\u0103r\u0103rii, raportat la dimensiunea economiilor lor.<\/p>\n<p data-index=\"23\">Polonia a adoptat un ton mai prudent.<\/p>\n<h2 id=\"highlight-3929317-3\">\u201eUrm\u0103toarele \u0219ase luni vor fi decisive, iar noi trebuie s\u0103 fim preg\u0103ti\u021bi\u201d<\/h2>\n<p data-index=\"24\"><a href=\"https:\/\/www.digi24.ro\/stiri\/externe\/urmatoarele-sase-luni-vor-fi-decisive-premierul-poloniei-alarmat-de-semnalele-ca-escaladarea-din-partea-rusiei-avanseaza-3926763\" target=\"_blank\" rel=\"noopener\" data-skip-linkfix=\"1\">Premierul polonez Donald Tusk<\/a> a declarat, dup\u0103 o informare oferit\u0103 \u00een weekend de secretarul general al NATO, Mark Rutte, c\u0103 \u201eescaladarea din partea Rusiei continu\u0103\u201d.<\/p>\n<p data-index=\"25\">\u201eNu putem exclude provoc\u0103ri ale Rusiei \u00eempotriva unuia dintre membrii NATO\u201d, a spus Tusk. \u201eUrm\u0103toarele \u0219ase luni vor fi decisive, iar noi trebuie s\u0103 fim preg\u0103ti\u021bi, at\u00e2t Polonia, c\u00e2t \u0219i NATO, pentru diferite scenarii.\u201d<\/p>\n<p data-index=\"26\">Avertismentul s\u0103u indic\u0103 o alt\u0103 dimensiune a evalu\u0103rii amenin\u021b\u0103rilor la adresa Europei: chiar dac\u0103 un atac conven\u021bional nu pare iminent, agresiunea Rusiei se manifest\u0103 deja sub alte forme.<\/p>\n<p data-index=\"27\">Guvernele europene au acuzat Moscova de atacuri cibernetice, acte de sabotaj \u0219i alte opera\u021biuni ostile desf\u0103\u0219urate pe continent, \u00een timp ce aeronavele \u0219i dronele ruse\u0219ti au \u00eenc\u0103lcat \u00een repetate r\u00e2nduri spa\u021biul aerian al NATO.<\/p>\n<p data-index=\"28\">Ministrul estonian de Externe, Margus Tsahkna, a sus\u021binut, \u00eentr-un mesaj publicat pe X, c\u0103 descrierea acestor ac\u021biuni drept \u201er\u0103zboi hibrid\u201d diminueaz\u0103 gravitatea amenin\u021b\u0103rii.<\/p>\n<p data-index=\"29\">Reac\u021bion\u00e2nd la declara\u021biile \u0219efului serviciului estonian de informa\u021bii externe, Kaupo Rosin, Tsahkna a scris: \u201eAjunge cu eufemismele. Campania de sabotaj \u0219i subversiune desf\u0103\u0219urat\u0103 de Putin \u00een Europa nu este \u00abr\u0103zboi hibrid\u00bb. Este terorism sponsorizat de stat. S\u0103-i spunem pe nume.\u201d<\/p>\n<p data-index=\"30\">Hardie a afirmat, la r\u00e2ndul s\u0103u, c\u0103 astfel de ac\u021biuni ale Rusiei au loc deja.<\/p>\n<p data-index=\"31\">\u201e\u00cen ceea ce prive\u0219te actele agresive care r\u0103m\u00e2n sub pragul unui r\u0103zboi deschis, precum incendierea unor fabrici europene din industria ap\u0103r\u0103rii, acestea au loc deja de ani \u00eentregi, \u00eens\u0103 efectul lor strategic a fost limitat\u201d, a declarat el pentru Euronews.<\/p>\n<p data-index=\"32\">\u201eMoscova are op\u021biuni de escaladare \u00een aceast\u0103 zon\u0103, \u00eens\u0103 este pu\u021bin probabil ca acestea s\u0103 aib\u0103 un impact mult mai mare \u0219i ar putea, \u00een mod paradoxal, s\u0103 produc\u0103 un efect de bumerang.\u201d<\/p>\n<p> Editor : <a href=\"https:\/\/www.digi24.ro\/autor\/stefania-apostol\"> \u0218.A. <\/a><\/p>\n<\/div>\n<p>[analyse_source url=&#8221;https:\/\/www.digi24.ro\/stiri\/externe\/ue\/de-ce-tarile-de-pe-flancul-estic-al-nato-resping-temerile-privind-un-atac-al-rusiei-exista-insa-motive-sa-credem-ca-riscul-a-crescut-3929317&#8243;]<\/p>\n","protected":false},"excerpt":{"rendered":"<p>[analyse_image type=&#8221;featured&#8221; src=&#8221;https:\/\/s.iw.ro\/gateway\/g\/ZmlsZVNvdXJjZT1odHRwJTNBJTJGJTJG\/c3RvcmFnZTA4dHJhbnNjb2Rlci5yY3Mt\/cmRzLnJvJTJGc3RvcmFnZSUyRjIwMjYl\/MkYwOCUyRjMxJTJGMjkzMjQ3Nl8yOTMy\/NDc2X3Byb2ZpbWVkaWEtMDk2MDk4Mzc2\/OC5qcGcmdz0xMjAwJmg9NjMwJnpjPTEm\/aGFzaD0wNTkxNDRmY2Q3MGMxNDRmM2VmNWVlZjY2M2VkZGVkZQ==.thumb.jpg&#8221;] \u021a\u0103rile de pe flancul estic al NATO, inclusiv Rom\u00e2nia, Finlanda \u0219i statele baltice, afirm\u0103 c\u0103 nu exist\u0103 dovezi c\u0103 Rusia s-ar preg\u0103ti s\u0103 atace \u00een viitorul apropiat un membru al Alian\u021bei. Oficialii continu\u0103 \u00eens\u0103 s\u0103 consolideze ap\u0103rarea \u0219i avertizeaz\u0103 c\u0103 Moscova \u00ee\u0219i intensific\u0103 ac\u021biunile ostile \u00eempotriva Europei, de la atacuri cibernetice \u0219i [&hellip;]<\/p>\n","protected":false},"author":1,"featured_media":0,"comment_status":"open","ping_status":"","sticky":false,"template":"","format":"standard","meta":{"footnotes":""},"categories":[89],"tags":[226,11],"class_list":["post-2121120","post","type-post","status-publish","format-standard","hentry","category-romania","tag-crawlmanager","tag-digi24"],"_links":{"self":[{"href":"https:\/\/analyse.optim.biz\/index.php?rest_route=\/wp\/v2\/posts\/2121120","targetHints":{"allow":["GET"]}}],"collection":[{"href":"https:\/\/analyse.optim.biz\/index.php?rest_route=\/wp\/v2\/posts"}],"about":[{"href":"https:\/\/analyse.optim.biz\/index.php?rest_route=\/wp\/v2\/types\/post"}],"author":[{"embeddable":true,"href":"https:\/\/analyse.optim.biz\/index.php?rest_route=\/wp\/v2\/users\/1"}],"replies":[{"embeddable":true,"href":"https:\/\/analyse.optim.biz\/index.php?rest_route=%2Fwp%2Fv2%2Fcomments&post=2121120"}],"version-history":[{"count":0,"href":"https:\/\/analyse.optim.biz\/index.php?rest_route=\/wp\/v2\/posts\/2121120\/revisions"}],"wp:attachment":[{"href":"https:\/\/analyse.optim.biz\/index.php?rest_route=%2Fwp%2Fv2%2Fmedia&parent=2121120"}],"wp:term":[{"taxonomy":"category","embeddable":true,"href":"https:\/\/analyse.optim.biz\/index.php?rest_route=%2Fwp%2Fv2%2Fcategories&post=2121120"},{"taxonomy":"post_tag","embeddable":true,"href":"https:\/\/analyse.optim.biz\/index.php?rest_route=%2Fwp%2Fv2%2Ftags&post=2121120"}],"curies":[{"name":"wp","href":"https:\/\/api.w.org\/{rel}","templated":true}]}}