{"id":2121119,"date":"2026-08-31T21:28:01","date_gmt":"2026-08-31T18:28:01","guid":{"rendered":"https:\/\/analyse.optim.biz\/?p=2121119"},"modified":"2026-08-31T21:28:01","modified_gmt":"2026-08-31T18:28:01","slug":"romania-sta-mai-prost-decat-in-aceeasi-perioada-a-anului-trecut-in-ceea-ce-priveste-gradul-de-umplere-a","status":"publish","type":"post","link":"https:\/\/analyse.optim.biz\/?p=2121119","title":{"rendered":"Rom\u00e2nia st\u0103 mai prost dec\u00e2t \u00een aceea\u015fi perioad\u0103 a anului trecut \u00een ceea ce prive\u015fte gradul de umplere a&#8230;"},"content":{"rendered":"<p>[analyse_image type=&#8221;featured&#8221; src=&#8221;https:\/\/s.iw.ro\/gateway\/g\/ZmlsZVNvdXJjZT1odHRwJTNBJTJGJTJG\/c3RvcmFnZTA3dHJhbnNjb2Rlci5yY3Mt\/cmRzLnJvJTJGc3RvcmFnZSUyRjIwMjEl\/MkYxMCUyRjA3JTJGMTM5NTg5NF8xMzk1\/ODk0X3Byb2ZpbWVkaWEtZ2F6LW5hdHVy\/YWwtZm9jLWFyYWdhei5qcGcmdz0xMjAw\/Jmg9NjMwJnpjPTEmaGFzaD03ZTgwNTRk\/MjkyNDAzYTI0Y2JmNjkxNDI4MzE4MTA3NQ==.thumb.jpg&#8221;]<\/p>\n<div class=\"entry data-app-meta data-app-meta-article\" data-embed-base-url-canonical=\"https:\/\/www.digi24.ro\/embed\/stiri\/romania-sta-mai-prost-decat-in-aceeasi-perioada-a-anului-trecut-in-ceea-ce-priveste-gradul-de-umplere-a-depozitelor-de-gaze-3929631\">\n<p data-index=\"1\"><strong>Gradul de umplere a depozitelor de gaze naturale pentru iarna 2026-2027 este cu peste zece procente mai sc\u0103zut dec\u00e2t la finalul verii anului trecut, afirm\u0103 secretarul general al Ministerului Energiei, Sorin Elisei. El explic\u0103 faptul c\u0103 un grad de umplere cu zece procente mai mic dec\u00e2t iarna trecut\u0103 nu ar avea motive s\u0103 genereze probleme \u00een alimentarea cu gaz.<\/strong><\/p>\n<p data-index=\"2\">Sorin Elisei, secretar general al Ministerului Energiei, a afirmat c\u0103 Rom\u00e2nia st\u0103 \u201emai pu\u0163in bine ca anul trecut\u201d \u00een ceea ce prive\u015fte rezervele de gaz natural pentru iarn\u0103, gradul de umplere a depozitelor fiind mai mic dec\u00e2t la finalul verii lui 2025.<\/p>\n<p data-index=\"3\">\u201eCred c\u0103 suntem undeva \u00een jur de 70%, fa\u0163\u0103 de cum era ziua de ast\u0103zi, de anul trecut, 82%. Dar trebuie s\u0103 \u00een\u0163elegem, de asemenea, c\u0103 pre\u0163ul gazelor a avut o cre\u015ftere semnificativ\u0103 \u015fi atunci \u00eenmagazinarea la un pre\u0163 mare \u00een var\u0103 \u00eenseamn\u0103 c\u0103 \u00eel scoatem iarna la un pre\u0163 la fel de mare\u201d, a declarat Sorin Elisei la TVR Info, luni sear\u0103.<\/p>\n<p data-index=\"4\">El a amintit c\u0103 m\u0103surile privind plafonarea pre\u0163urilor pentru popula\u0163ie \u015fi SACET-uri sunt valabile p\u00e2n\u0103 \u00een luna aprilie a anului viitor.\u00a0<\/p>\n<p data-index=\"5\">\u201eCred c\u0103 dac\u0103 intr\u0103m cu un grad de umplere de 80%, fa\u0163\u0103 de 90% \u0163int\u0103, ne vom descurca \u00een iarna viitoare\u201d, a conchis reprezentantul Ministerului Energiei.<\/p>\n<p> Editor : <a href=\"https:\/\/www.digi24.ro\/autor\/sebastian-sterian\"> Sebastian Eduard <\/a><\/p>\n<\/div>\n<p>[analyse_source url=&#8221;https:\/\/www.digi24.ro\/stiri\/romania-sta-mai-prost-decat-in-aceeasi-perioada-a-anului-trecut-in-ceea-ce-priveste-gradul-de-umplere-a-depozitelor-de-gaze-3929631&#8243;]<\/p>\n","protected":false},"excerpt":{"rendered":"<p>[analyse_image type=&#8221;featured&#8221; src=&#8221;https:\/\/s.iw.ro\/gateway\/g\/ZmlsZVNvdXJjZT1odHRwJTNBJTJGJTJG\/c3RvcmFnZTA3dHJhbnNjb2Rlci5yY3Mt\/cmRzLnJvJTJGc3RvcmFnZSUyRjIwMjEl\/MkYxMCUyRjA3JTJGMTM5NTg5NF8xMzk1\/ODk0X3Byb2ZpbWVkaWEtZ2F6LW5hdHVy\/YWwtZm9jLWFyYWdhei5qcGcmdz0xMjAw\/Jmg9NjMwJnpjPTEmaGFzaD03ZTgwNTRk\/MjkyNDAzYTI0Y2JmNjkxNDI4MzE4MTA3NQ==.thumb.jpg&#8221;] Gradul de umplere a depozitelor de gaze naturale pentru iarna 2026-2027 este cu peste zece procente mai sc\u0103zut dec\u00e2t la finalul verii anului trecut, afirm\u0103 secretarul general al Ministerului Energiei, Sorin Elisei. El explic\u0103 faptul c\u0103 un grad de umplere cu zece procente mai mic dec\u00e2t iarna trecut\u0103 nu ar avea motive [&hellip;]<\/p>\n","protected":false},"author":1,"featured_media":0,"comment_status":"open","ping_status":"","sticky":false,"template":"","format":"standard","meta":{"footnotes":""},"categories":[89],"tags":[226,11],"class_list":["post-2121119","post","type-post","status-publish","format-standard","hentry","category-romania","tag-crawlmanager","tag-digi24"],"_links":{"self":[{"href":"https:\/\/analyse.optim.biz\/index.php?rest_route=\/wp\/v2\/posts\/2121119","targetHints":{"allow":["GET"]}}],"collection":[{"href":"https:\/\/analyse.optim.biz\/index.php?rest_route=\/wp\/v2\/posts"}],"about":[{"href":"https:\/\/analyse.optim.biz\/index.php?rest_route=\/wp\/v2\/types\/post"}],"author":[{"embeddable":true,"href":"https:\/\/analyse.optim.biz\/index.php?rest_route=\/wp\/v2\/users\/1"}],"replies":[{"embeddable":true,"href":"https:\/\/analyse.optim.biz\/index.php?rest_route=%2Fwp%2Fv2%2Fcomments&post=2121119"}],"version-history":[{"count":0,"href":"https:\/\/analyse.optim.biz\/index.php?rest_route=\/wp\/v2\/posts\/2121119\/revisions"}],"wp:attachment":[{"href":"https:\/\/analyse.optim.biz\/index.php?rest_route=%2Fwp%2Fv2%2Fmedia&parent=2121119"}],"wp:term":[{"taxonomy":"category","embeddable":true,"href":"https:\/\/analyse.optim.biz\/index.php?rest_route=%2Fwp%2Fv2%2Fcategories&post=2121119"},{"taxonomy":"post_tag","embeddable":true,"href":"https:\/\/analyse.optim.biz\/index.php?rest_route=%2Fwp%2Fv2%2Ftags&post=2121119"}],"curies":[{"name":"wp","href":"https:\/\/api.w.org\/{rel}","templated":true}]}}