{"id":212106,"date":"2014-02-17T16:28:30","date_gmt":"2014-02-17T13:28:30","guid":{"rendered":"https:\/\/analyse.optim.biz\/?p=212106"},"modified":"2014-02-17T16:28:30","modified_gmt":"2014-02-17T13:28:30","slug":"crin-antonescu-despre-un-posibil-complot-in-partid-impotriva-sa-pnl-este-compact-lasati-orice-speranta","status":"publish","type":"post","link":"https:\/\/analyse.optim.biz\/?p=212106","title":{"rendered":"Crin Antonescu, despre un posibil complot \u00een partid \u00eempotriva sa: \u201ePNL este compact, l\u0103sa\u021bi orice speran\u021b\u0103!\u201d"},"content":{"rendered":"<div class=\"entry data-app-meta data-app-meta-article\" data-embed-base-url-canonical=\"https:\/\/www.digi24.ro\/embed\/stiri\/actualitate\/politica\/crin-antonescu-despre-un-posibil-complot-in-partid-impotriva-sa-pnl-este-compact-lasati-orice-speranta-201620\">\n<p data-index=\"1\">\u00centrebat dac\u0103 are cuno\u0219tin\u021b\u0103 de discu\u021biile dintre liderii liberali <strong>Daniel Chi\u021boiu<\/strong> \u0219i <strong>C\u0103lin Popescu T\u0103riceanu<\/strong> cu reprezentan\u021bii filialelor PNL care nu l-ar mai sus\u021bine, Crin Antonescu a spus c\u0103 este normal s\u0103 existe discu\u021bii \u00eentre cei doi \u201eseara, diminea\u021ba, la pr\u00e2nz, oric\u00e2nd\u201d.<\/p>\n<p data-index=\"2\">\u201e<em><strong>Cu certitudine, pot s\u0103 v\u0103 spun c\u0103 PNL nu se rupe.<\/strong><\/em> Eu \u0219tiu c\u0103 am avut un vot \u00een Biroul Politic, un vot dat, cred, \u00een unanimitate pentru un mandat pe care \u00eel port\u201d, a spus, luni, pre\u0219edintele PNL.<\/p>\n<p data-index=\"3\">\u201e<span><em><strong>PNL este compact \u0219i eu sunt pre\u0219edintele lui. E compact, l\u0103sa\u021bi orice speran\u021b\u0103!\u201d<\/strong><\/em>, a ad\u0103ugat <strong>Crin Antonescu<\/strong>.\u00a0<\/span><\/p>\n<\/div>\n<p> Source URL: https:\/\/www.digi24.ro\/stiri\/actualitate\/politica\/crin-antonescu-despre-un-posibil-complot-in-partid-impotriva-sa-pnl-este-compact-lasati-orice-speranta-201620<\/p>\n","protected":false},"excerpt":{"rendered":"<p>\u00centrebat dac\u0103 are cuno\u0219tin\u021b\u0103 de discu\u021biile dintre liderii liberali Daniel Chi\u021boiu \u0219i C\u0103lin Popescu T\u0103riceanu cu reprezentan\u021bii filialelor PNL care nu l-ar mai sus\u021bine, Crin Antonescu a spus c\u0103 este normal s\u0103 existe discu\u021bii \u00eentre cei doi \u201eseara, diminea\u021ba, la pr\u00e2nz, oric\u00e2nd\u201d. \u201eCu certitudine, pot s\u0103 v\u0103 spun c\u0103 PNL nu se rupe. Eu \u0219tiu [&hellip;]<\/p>\n","protected":false},"author":1,"featured_media":212107,"comment_status":"open","ping_status":"","sticky":false,"template":"","format":"standard","meta":{"footnotes":""},"categories":[2],"tags":[11],"class_list":["post-212106","post","type-post","status-publish","format-standard","has-post-thumbnail","hentry","category-politics","tag-digi24"],"_links":{"self":[{"href":"https:\/\/analyse.optim.biz\/index.php?rest_route=\/wp\/v2\/posts\/212106","targetHints":{"allow":["GET"]}}],"collection":[{"href":"https:\/\/analyse.optim.biz\/index.php?rest_route=\/wp\/v2\/posts"}],"about":[{"href":"https:\/\/analyse.optim.biz\/index.php?rest_route=\/wp\/v2\/types\/post"}],"author":[{"embeddable":true,"href":"https:\/\/analyse.optim.biz\/index.php?rest_route=\/wp\/v2\/users\/1"}],"replies":[{"embeddable":true,"href":"https:\/\/analyse.optim.biz\/index.php?rest_route=%2Fwp%2Fv2%2Fcomments&post=212106"}],"version-history":[{"count":0,"href":"https:\/\/analyse.optim.biz\/index.php?rest_route=\/wp\/v2\/posts\/212106\/revisions"}],"wp:featuredmedia":[{"embeddable":true,"href":"https:\/\/analyse.optim.biz\/index.php?rest_route=\/wp\/v2\/media\/212107"}],"wp:attachment":[{"href":"https:\/\/analyse.optim.biz\/index.php?rest_route=%2Fwp%2Fv2%2Fmedia&parent=212106"}],"wp:term":[{"taxonomy":"category","embeddable":true,"href":"https:\/\/analyse.optim.biz\/index.php?rest_route=%2Fwp%2Fv2%2Fcategories&post=212106"},{"taxonomy":"post_tag","embeddable":true,"href":"https:\/\/analyse.optim.biz\/index.php?rest_route=%2Fwp%2Fv2%2Ftags&post=212106"}],"curies":[{"name":"wp","href":"https:\/\/api.w.org\/{rel}","templated":true}]}}