{"id":2121051,"date":"2026-08-31T20:23:23","date_gmt":"2026-08-31T17:23:23","guid":{"rendered":"https:\/\/analyse.optim.biz\/?p=2121051"},"modified":"2026-08-31T20:23:23","modified_gmt":"2026-08-31T17:23:23","slug":"video-cu-incendiul-de-la-moara-grecilor-au-ars-5-000-mp-de-vegetatie-uscata","status":"publish","type":"post","link":"https:\/\/analyse.optim.biz\/?p=2121051","title":{"rendered":"VIDEO cu incendiul de la Moara Grecilor, au ars 5.000 mp de vegeta\u021bie uscat\u0103"},"content":{"rendered":"<p>[analyse_image type=&#8221;featured&#8221; src=&#8221;https:\/\/vasluianul.ro\/wp-content\/uploads\/2025\/07\/incendiu-tomesti-vegetatie-201-768&#215;1024.jpg&#8221;]<\/p>\n<div class=\"tdb-block-inner td-fix-index\"><time class=\"entry-date updated td-module-date\" datetime=\"2026-08-31T23:23:23+03:00\">august 31, 2026<\/time><\/div>\n<div class=\"tdb-block-inner td-fix-index\"><span>Updated:<\/span><time class=\"entry-date updated td-module-date\" datetime=\"2026-08-31T23:33:46+03:00\">august 31, 2026<\/time><\/div>\n<div class=\"tdb-block-inner td-fix-index\">\n<h1 class=\"tdb-title-text\">VIDEO cu incendiul de la Moara Grecilor, au ars 5.000 mp de vegeta\u021bie uscat\u0103<\/h1>\n<\/div>\n<div class=\"tdb-block-inner td-fix-index\"><a class=\"tdb-author-photo\" href=\"https:\/\/vasluianul.ro\/author\/mambutul\/\" title=\"admin\"><img loading=\"lazy\" decoding=\"async\" alt=\"admin\" src=\"https:\/\/secure.gravatar.com\/avatar\/96214ba59a3904a87e4c1403dcd2c5787166527e7b72e0707dffdad663f4ffdd?s=34&amp;d=identicon&amp;r=g\" class=\"avatar avatar-34 photo\" height=\"34\" width=\"34\" data-eio=\"l\"><\/a><\/p>\n<div class=\"tdb-author-name-wrap\"><span class=\"tdb-author-by\">By<\/span><a class=\"tdb-author-name\" href=\"https:\/\/vasluianul.ro\/author\/mambutul\/\">admin<\/a><\/div>\n<\/div>\n<div class=\"tdb-block-inner td-fix-index\"><a href=\"https:\/\/vasluianul.ro\/wp-content\/uploads\/2025\/07\/incendiu-tomesti-vegetatie-201.jpg\" data-caption><img loading=\"lazy\" decoding=\"async\" width=\"1068\" height=\"1424\" class=\"entry-thumb td-modal-image\" src=\"https:\/\/vasluianul.ro\/wp-content\/uploads\/2025\/07\/incendiu-tomesti-vegetatie-201-1068x1424.jpg\" alt title=\"incendiu tomesti vegetatie 201\" data-eio=\"l\"><\/a><\/div>\n<div class=\"td_block_wrap tdb_single_content tdi_75 td-pb-border-top td_block_template_1 td-post-content tagdiv-type\" data-td-block-uid=\"tdi_75\">\n<div class=\"tdb-block-inner td-fix-index\">\n<div class=\"vtp-article-views\" aria-label=\"Num\u0103r vizualiz\u0103ri articol\"><span class=\"vtp-eye\" aria-hidden=\"true\">\ud83d\udc41<\/span><strong>11<\/strong> vizualiz\u0103ri<\/div>\n<div class=\"wp-video\"><video class=\"wp-video-shortcode\" id=\"video-85243-1\" width=\"696\" height=\"392\" preload=\"metadata\" controls=\"controls\"><source type=\"video\/mp4\" src=\"https:\/\/vasluianul.ro\/wp-content\/uploads\/2026\/08\/incendiu-vegetatie-moara-grecilor-video.mp4?_=1\" \/><\/video><\/div>\n<aside class=\"vva-wrap\" aria-label=\"PUBLICITATE\">\n<div class=\"vva-label\">PUBLICITATE<\/div>\n<p><a class=\"vva-link\" href=\"https:\/\/www.facebook.com\/FamiliaSafir\" target=\"_blank\" rel=\"noopener sponsored\"><video class=\"vva-video\" data-max-seconds=\"21\" playsinline preload=\"metadata\" autoplay muted controls><source src=\"https:\/\/vasluianul.ro\/wp-content\/uploads\/2026\/07\/safir-campanie-iulie-2026.mp4\" \/><\/video><\/a><\/aside>\n<\/div>\n<\/div>\n<div class=\"tdb-block-inner td-fix-index\">\n<div class=\"vtp-article-views\" aria-label=\"Num\u0103r vizualiz\u0103ri articol\"><span class=\"vtp-eye\" aria-hidden=\"true\">\ud83d\udc41<\/span><strong>11<\/strong> vizualiz\u0103ri<\/div>\n<div class=\"wp-video\"><video class=\"wp-video-shortcode\" id=\"video-85243-1\" width=\"696\" height=\"392\" preload=\"metadata\" controls=\"controls\"><source type=\"video\/mp4\" src=\"https:\/\/vasluianul.ro\/wp-content\/uploads\/2026\/08\/incendiu-vegetatie-moara-grecilor-video.mp4?_=1\" \/><\/video><\/div>\n<aside class=\"vva-wrap\" aria-label=\"PUBLICITATE\">\n<div class=\"vva-label\">PUBLICITATE<\/div>\n<p><a class=\"vva-link\" href=\"https:\/\/www.facebook.com\/FamiliaSafir\" target=\"_blank\" rel=\"noopener sponsored\"><video class=\"vva-video\" data-max-seconds=\"21\" playsinline preload=\"metadata\" autoplay muted controls><source src=\"https:\/\/vasluianul.ro\/wp-content\/uploads\/2026\/07\/safir-campanie-iulie-2026.mp4\" \/><\/video><\/a><\/aside>\n<\/div>\n<div class=\"tdb-block-inner td-fix-index\"><a href=\"https:\/\/vasluianul.ro\/author\/mambutul\/\" class=\"tdb-author-photo\" title=\"admin\"><img loading=\"lazy\" decoding=\"async\" alt=\"admin\" src=\"https:\/\/secure.gravatar.com\/avatar\/96214ba59a3904a87e4c1403dcd2c5787166527e7b72e0707dffdad663f4ffdd?s=96&amp;d=identicon&amp;r=g\" class=\"avatar avatar-96 photo\" height=\"96\" width=\"96\" data-eio=\"l\"><\/a><\/p>\n<div class=\"tdb-author-info\"><a href=\"https:\/\/vasluianul.ro\/author\/mambutul\/\" class=\"tdb-author-name\">admin<\/a><\/div>\n<\/div>\n<div class=\"tdb-block-inner td-fix-index\">\n<div class=\"comments\" id=\"comments\">\n<div id=\"respond\" class=\"comment-respond\">\n<h3 id=\"reply-title\" class=\"comment-reply-title\">L\u0102SA\u021aI UN MESAJ <small><a rel=\"nofollow\" id=\"cancel-comment-reply-link\" href=\"https:\/\/vasluianul.ro\/video-cu-incendiul-de-la-moara-grecilor-au-ars-5-000-mp-de-vegetatie-uscata\/#respond\">Renun\u021ba\u021bi la r\u0103spuns<\/a><\/small><\/h3>\n<div class=\"comment-form-input-wrap td-form-comment\">\n<div class=\"td-warning-comment\">V\u0103 rug\u0103m s\u0103 introduce\u021bi comentariul dvs.!<\/div>\n<\/div>\n<div class=\"comment-form-input-wrap td-form-author\">\n<div class=\"td-warning-author\">Introduce\u021bi aici numele dvs.<\/div>\n<\/div>\n<div class=\"comment-form-input-wrap td-form-email\">\n<div class=\"td-warning-email-error\">A\u021bi introdus o adres\u0103 de e-mail incorect\u0103!<\/div>\n<div class=\"td-warning-email\">V\u0103 rug\u0103m s\u0103 introduce\u021bi adresa dvs. de e-mail aici<\/div>\n<\/div>\n<\/div>\n<\/div>\n<\/div>\n<p>[analyse_source url=&#8221;https:\/\/vasluianul.ro\/video-cu-incendiul-de-la-moara-grecilor-au-ars-5-000-mp-de-vegetatie-uscata\/#new_tab&#8221;]<\/p>\n","protected":false},"excerpt":{"rendered":"<p>[analyse_image type=&#8221;featured&#8221; src=&#8221;https:\/\/vasluianul.ro\/wp-content\/uploads\/2025\/07\/incendiu-tomesti-vegetatie-201-768&#215;1024.jpg&#8221;] august 31, 2026 Updated:august 31, 2026 VIDEO cu incendiul de la Moara Grecilor, au ars 5.000 mp de vegeta\u021bie uscat\u0103 Byadmin \ud83d\udc4111 vizualiz\u0103ri PUBLICITATE \ud83d\udc4111 vizualiz\u0103ri PUBLICITATE admin L\u0102SA\u021aI UN MESAJ Renun\u021ba\u021bi la r\u0103spuns V\u0103 rug\u0103m s\u0103 introduce\u021bi comentariul dvs.! Introduce\u021bi aici numele dvs. A\u021bi introdus o adres\u0103 de e-mail incorect\u0103! V\u0103 [&hellip;]<\/p>\n","protected":false},"author":1,"featured_media":0,"comment_status":"open","ping_status":"","sticky":false,"template":"","format":"standard","meta":{"footnotes":""},"categories":[89],"tags":[226,217],"class_list":["post-2121051","post","type-post","status-publish","format-standard","hentry","category-romania","tag-crawlmanager","tag-vaslui-robo-stiri-ro"],"_links":{"self":[{"href":"https:\/\/analyse.optim.biz\/index.php?rest_route=\/wp\/v2\/posts\/2121051","targetHints":{"allow":["GET"]}}],"collection":[{"href":"https:\/\/analyse.optim.biz\/index.php?rest_route=\/wp\/v2\/posts"}],"about":[{"href":"https:\/\/analyse.optim.biz\/index.php?rest_route=\/wp\/v2\/types\/post"}],"author":[{"embeddable":true,"href":"https:\/\/analyse.optim.biz\/index.php?rest_route=\/wp\/v2\/users\/1"}],"replies":[{"embeddable":true,"href":"https:\/\/analyse.optim.biz\/index.php?rest_route=%2Fwp%2Fv2%2Fcomments&post=2121051"}],"version-history":[{"count":0,"href":"https:\/\/analyse.optim.biz\/index.php?rest_route=\/wp\/v2\/posts\/2121051\/revisions"}],"wp:attachment":[{"href":"https:\/\/analyse.optim.biz\/index.php?rest_route=%2Fwp%2Fv2%2Fmedia&parent=2121051"}],"wp:term":[{"taxonomy":"category","embeddable":true,"href":"https:\/\/analyse.optim.biz\/index.php?rest_route=%2Fwp%2Fv2%2Fcategories&post=2121051"},{"taxonomy":"post_tag","embeddable":true,"href":"https:\/\/analyse.optim.biz\/index.php?rest_route=%2Fwp%2Fv2%2Ftags&post=2121051"}],"curies":[{"name":"wp","href":"https:\/\/api.w.org\/{rel}","templated":true}]}}