{"id":2121044,"date":"2026-08-31T00:00:00","date_gmt":"2026-08-30T21:00:00","guid":{"rendered":"https:\/\/analyse.optim.biz\/?p=2121044"},"modified":"2026-08-31T00:00:00","modified_gmt":"2026-08-30T21:00:00","slug":"tiff-timisoara-avem-programul-complet-biletele-s-au-pus-in-vanzare","status":"publish","type":"post","link":"https:\/\/analyse.optim.biz\/?p=2121044","title":{"rendered":"TIFF Timi\u0219oara \u2013 Avem programul complet, biletele s-au pus \u00een v\u00e2nzare"},"content":{"rendered":"<p>[analyse_image type=&#8221;featured&#8221; src=&#8221;https:\/\/livetimisoara.ro\/wp-content\/uploads\/2026\/08\/Nu-e-locul-tau-aici-film.jpg&#8221;]<\/p>\n<div class=\"post-content entry-content\">\n<p class=\"wp-block-paragraph\">Programul complet al celei de-a treia edi\u021bii <strong>TIFF Timi\u0219oara <\/strong>este <a href=\"https:\/\/tiff.ro\/timisoara\/program\"><strong>acum disponibil pe site-ul festivalului<\/strong>,<\/a> iar biletele pentru proiec\u021biile de la Cinema Timi\u0219 \u0219i Cinema Studio s-au pus \u00een v\u00e2nzare <a href=\"https:\/\/cinema-timisoara.ro\/special\/tiff-timisoara-2026\/\"><strong>online<\/strong><\/a>\u0219i la casierii. Accesul la proiec\u021biile de la Gr\u0103dina de Var\u0103 Capitol va fi gratuit.<\/p>\n<p class=\"wp-block-paragraph\">\u00centre <strong>17 \u0219i 20 septembrie<\/strong>, publicul este a\u0219teptat la patru zile de filme premiate \u0219i avanpremiere, \u00eent\u00e2lniri cu cinea\u0219ti, un cineconcert, o serie de TIFF Talks \u0219i masterclass-uri dedicate industriei de film \u0219i nu numai, ateliere de anima\u021bie pentru copii, expozi\u021bii \u0219i dezbateri.<\/p>\n<p class=\"wp-block-paragraph\"><strong>Deschiderea TIFF Timi\u0219oara<\/strong> va avea loc joi, 17 septembrie, la ora 19:00, la Cinema Timi\u0219, cu avanpremiera <strong><em>3 zile \u00een septembrie \/ 3 Days in September<\/em><\/strong>, regizat de Tudor Giurgiu, precedat\u0103 de proiec\u021bia \u00een exclusivitate a unui fragment din documentarul <em>work-in-progress<\/em><strong><em>NADIA<\/em><\/strong>. Dup\u0103 film, publicul este invitat la o sesiune de Q&amp;A cu echipa filmului, la care vor participa regizorul Tudor Giurgiu, scenaristul Radu Grigore, actorii Andreea Vasile, Emilia Popescu, Daniel Achim \u0219i Conrad Mericoffer, precum \u0219i directorul de imagine Alexandru Doroban\u021bu (ATE). Filmul <strong><em>3 zile \u00een septembrie<\/em><\/strong> va mai avea o proiec\u021bie \u00een aceea\u0219i sear\u0103, de la ora 20:30, la Cinema City \u2013 Iulius Town, \u00een prezen\u021ba invita\u021bilor.<\/p>\n<p class=\"wp-block-paragraph\">Seara de deschidere celebreaz\u0103 \u0219i cei 50 de ani de la primul 10 perfect ob\u021binut de Nadia Com\u0103neci, aniversare marcat\u0103 la Cinema Timi\u0219 \u0219i prin expozi\u021bia <strong>The Magic &amp; Mystery of Nadia Com\u0103neci,<\/strong> cu fotografii inedite dedicate gimnastei rom\u00e2ne. O a doua expozi\u021bie, <strong>Continental 25<\/strong>, propune, la Cinema Studio, o incursiune \u00een ultimii 15 ani de TIFF prin obiectivul fotografului \u0218erban Mestec\u0103neanu \u0219i portretele surprinse de acesta \u00een decorul emblematic al Hotelului Continental din Cluj-Napoca. Ambele expozi\u021bii pot fi v\u0103zute din <strong>9 septembrie.<\/strong><\/p>\n<p class=\"wp-block-paragraph\">Pe l\u00e2ng\u0103 marile titluri anun\u021bate deja, premiate la Cannes \u0219i TIFF, programul include mai multe avanpremiere rom\u00e2ne\u0219ti, \u00een prezen\u021ba echipelor. <strong><em>Nu e locul t\u0103u aici<\/em><\/strong>, cel mai recent film al lui Florin \u0218erban, proasp\u0103t c\u00e2\u0219tig\u0103tor al Leopardului de Aur la Festivalul de la Locarno, va fi proiectat la Cinema Timi\u0219, s\u00e2mb\u0103t\u0103, 19 septembrie, la ora 20:00, \u00een prezen\u021ba actorilor Adrian V\u0103ncic\u0103 (premiul Heart of Sarajevo pentru Cel mai bun actor) \u0219i Teodor But\u0103nescu (Men\u021biune Special\u0103 a Juriului la Locarno). Duminic\u0103, 20 septembrie, la Cinema Timi\u0219, proiec\u021bia <strong><em>Delta s\u0103lbatic\u0103<\/em><\/strong> va fi urmat\u0103 de o conversa\u021bie cu actri\u021ba Medeea Marinescu (a c\u0103rei voce spune povestea acestui loc fabulos) \u0219i produc\u0103torul Matei Tru\u021ba. Documentarul e regizat de acela\u0219i Dan Dinu c\u0103ruia \u00eei dator\u0103m hitul de box office <strong><em>Rom\u00e2nia s\u0103lbatic\u0103<\/em><\/strong> \u0219i a fost cel mai popular titlu din Zilele Filmului Rom\u00e2nesc de la TIFF. \u00cen aceea\u0219i zi, la Cinema Studio, publicul va putea vedea <strong><em>Dus-\u00eentors<\/em><\/strong>, prima incursiune \u00een regie a actorului Cristian Bota, \u00een prezen\u021ba autorului \u0219i a actri\u021bei Dana Rogoz. Av\u00e2ndu-l \u00een distribu\u021bie \u0219i pe Adrian Titieni, filmul a fost premiat pentru cel mai bun debut din ZFR. Programul de avanpremiere na\u021bionale e \u00eentregit de documentarul regizoarei britanice de origine rom\u00e2n\u0103 Rachel T\u0103p\u00e2rjan, <strong><em>At\u00e2t de familiar<\/em><\/strong>.<\/p>\n<p class=\"wp-block-paragraph\">Duminic\u0103, de la ora 21:00, pe terasa Cinema Studio, publicul este invitat la cineconcertul <strong><em>Trenul fantom\u0103<\/em><\/strong>, regizat de Jean Mihail, primul film sonor vorbit \u00een limba rom\u00e2n\u0103. Povestea unor c\u0103l\u0103tori bloca\u021bi peste noapte \u00eentr-o gar\u0103 izolat\u0103, \u00een mijlocul unei ploi toren\u021biale \u0219i a legendelor despre un tren spectral, va fi acompaniat\u0103 live de <strong>Dubase<\/strong>, unul dintre pionierii cineconcertului din Rom\u00e2nia, DJ ultracunoscut pentru selec\u021biile sale eclectice, de la jazz obscur, dub \u0219i afrobeat la funk, broken beat \u0219i electronic\u0103 ambiental\u0103.<\/p>\n<p class=\"wp-block-paragraph\">Seria <strong>TIFF Talks \u2013 Masterclass<\/strong>, dedicat\u0103 profesioni\u0219tilor din domeniu, dar \u0219i celor curio\u0219i s\u0103 descopere ce presupun meseriile din spatele \u0219i din fa\u021ba camerei \u0219i cum func\u021bioneaz\u0103 industria, va avea loc vineri, 18 septembrie, \u0219i s\u00e2mb\u0103t\u0103, 19 septembrie, la FABER, cu acces liber, \u00een limita locurilor disponibile. Alexandru Doroban\u021bu zis \u0219i ATE (director de imagine) va sus\u021bine masterclass-ul <strong>\u201eAspectele creative \u0219i tehnice ale imaginii de film\u201d<\/strong>, pornind de la <em>3 zile \u00een septembrie<\/em> \u0219i pariul film\u0103rii dintr-un singur cadru. Domnica C\u00eerciumaru (director de casting) va vorbi despre traseul <strong>\u201eDe la casting la carier\u0103\u201d<\/strong>, de la realizarea unui self-tape conving\u0103tor \u0219i diferen\u021bele dintre actoria de teatru \u0219i cea de film p\u00e2n\u0103 la construirea unei cariere f\u0103r\u0103 agent. Iar Mihai Chirilov (director artistic TIFF) va povesti despre <strong>\u201eCuratorierea festivalurilor de film\u201d<\/strong>, o incursiune \u00een procesul de selec\u021bie a filmelor \u0219i construirea programului unui festival.<\/p>\n<p class=\"wp-block-paragraph\">TIFF Timi\u0219oara prezint\u0103 \u0219i o component\u0103 educa\u021bional\u0103 prin <strong>trei ateliere de anima\u021bie stop-motion<\/strong> pentru copiii cu v\u00e2rste <a href=\"https:\/\/tiff.ro\/tiff-timisoara\/ateliere-dedicate-elevilor-cu-varsta-cuprinsa-intre-6-9-ani\"><strong>\u00eentre 6 \u0219i 9 ani,<\/strong><\/a> \u0219i <a href=\"https:\/\/tiff.ro\/tiff-timisoara\/ateliere-dedicate-elevilor-cu-varsta-cuprinsa-intre-10-13-ani\"><strong>\u00eentre 10 \u0219i 13 ani<\/strong><\/a>. Participarea este gratuit\u0103, pe baz\u0103 de \u00eenscriere, p\u00e2n\u0103 pe 14 septembrie, complet\u00e2nd un formular online. Prin fotografierea cadru cu cadru, obiectele \u0219i personajele modelate din lut \u0219i plastilin\u0103 vor prinde via\u021b\u0103 \u00eentr-un film surprinz\u0103tor.<\/p>\n<p class=\"wp-block-paragraph\">Festivalul include \u0219i dou\u0103 noi colabor\u0103ri:<\/p>\n<ul class=\"wp-block-list\">\n<li>Sec\u021biunea <strong>Artist Stories<\/strong>, powered by Art Encounters, bienala de art\u0103 contemporan\u0103 de la Timi\u0219oara,aduce \u00een program trei filme despre Pablo Picasso \u0219i Leonora Carrington, la Cinema Studio, \u0219i o dezbatere despre cei doi arti\u0219ti \u0219i jocul suprarealist, la sediul Art Encounters.<\/li>\n<li>Sec\u021biunea <strong>AI Stories<\/strong>, \u00een colaborare cu Bucharest AI Film Festival, propune, \u00een sala mic\u0103 de la Cinema Studio, o selec\u021bie de filme realizate cu ajutorul inteligen\u021bei artificiale, urmat\u0103 de o dezbatere cu Norbert Fodor \u0219i reprezentan\u021bi ai Bucharest AI Film Festival.<\/li>\n<\/ul>\n<p class=\"wp-block-paragraph\">Programul complet al festivalului \u0219i biletele sunt disponibile pe site-ul <a href=\"https:\/\/tiff.ro\/timisoara\/program\">https:\/\/tiff.ro\/timisoara\/program<\/a> , pe site-ul <a href=\"https:\/\/cinema-timisoara.ro\/special\/tiff-timisoara-2026\/\">cinema-timisoara.ro<\/a> \u0219i la casieriile cinematografelor.<\/p>\n<\/div>\n<p>[analyse_source url=&#8221;https:\/\/livetimisoara.ro\/2026\/08\/31\/tiff-timisoara-avem-programul-complet-biletele-s-au-pus-in-vanzare\/&#8221;]<\/p>\n","protected":false},"excerpt":{"rendered":"<p>[analyse_image type=&#8221;featured&#8221; src=&#8221;https:\/\/livetimisoara.ro\/wp-content\/uploads\/2026\/08\/Nu-e-locul-tau-aici-film.jpg&#8221;] Programul complet al celei de-a treia edi\u021bii TIFF Timi\u0219oara este acum disponibil pe site-ul festivalului, iar biletele pentru proiec\u021biile de la Cinema Timi\u0219 \u0219i Cinema Studio s-au pus \u00een v\u00e2nzare online\u0219i la casierii. Accesul la proiec\u021biile de la Gr\u0103dina de Var\u0103 Capitol va fi gratuit. \u00centre 17 \u0219i 20 septembrie, publicul este [&hellip;]<\/p>\n","protected":false},"author":1,"featured_media":0,"comment_status":"open","ping_status":"","sticky":false,"template":"","format":"standard","meta":{"footnotes":""},"categories":[89],"tags":[226,194],"class_list":["post-2121044","post","type-post","status-publish","format-standard","hentry","category-romania","tag-crawlmanager","tag-livetimisoara-ro"],"_links":{"self":[{"href":"https:\/\/analyse.optim.biz\/index.php?rest_route=\/wp\/v2\/posts\/2121044","targetHints":{"allow":["GET"]}}],"collection":[{"href":"https:\/\/analyse.optim.biz\/index.php?rest_route=\/wp\/v2\/posts"}],"about":[{"href":"https:\/\/analyse.optim.biz\/index.php?rest_route=\/wp\/v2\/types\/post"}],"author":[{"embeddable":true,"href":"https:\/\/analyse.optim.biz\/index.php?rest_route=\/wp\/v2\/users\/1"}],"replies":[{"embeddable":true,"href":"https:\/\/analyse.optim.biz\/index.php?rest_route=%2Fwp%2Fv2%2Fcomments&post=2121044"}],"version-history":[{"count":0,"href":"https:\/\/analyse.optim.biz\/index.php?rest_route=\/wp\/v2\/posts\/2121044\/revisions"}],"wp:attachment":[{"href":"https:\/\/analyse.optim.biz\/index.php?rest_route=%2Fwp%2Fv2%2Fmedia&parent=2121044"}],"wp:term":[{"taxonomy":"category","embeddable":true,"href":"https:\/\/analyse.optim.biz\/index.php?rest_route=%2Fwp%2Fv2%2Fcategories&post=2121044"},{"taxonomy":"post_tag","embeddable":true,"href":"https:\/\/analyse.optim.biz\/index.php?rest_route=%2Fwp%2Fv2%2Ftags&post=2121044"}],"curies":[{"name":"wp","href":"https:\/\/api.w.org\/{rel}","templated":true}]}}