{"id":212103,"date":"2014-02-17T20:35:02","date_gmt":"2014-02-17T17:35:02","guid":{"rendered":"https:\/\/analyse.optim.biz\/?p=212103"},"modified":"2014-02-17T20:35:02","modified_gmt":"2014-02-17T17:35:02","slug":"sedinta-a-biroului-politic-national-al-pnl-maine-dupa-amiaza-antonescu-sa-ne-clarificam","status":"publish","type":"post","link":"https:\/\/analyse.optim.biz\/?p=212103","title":{"rendered":"\u015eedin\u0163\u0103 a Biroului Politic Na\u0163ional al PNL, m\u00e2ine dup\u0103-amiaz\u0103. Antonescu: \u201eS\u0103 ne clarific\u0103m!\u201d"},"content":{"rendered":"<div class=\"entry data-app-meta data-app-meta-article\" data-embed-base-url-canonical=\"https:\/\/www.digi24.ro\/embed\/stiri\/actualitate\/politica\/sedinta-a-biroului-politic-national-al-pnl-maine-dupa-amiaza-antonescu-sa-ne-clarificam-201816\">\n<p data-index=\"1\"><img decoding=\"async\" src=\"https:\/\/analyse.optim.biz\/wp-content\/uploads\/2024\/09\/jnc9odawjmhhc2g9otnhnznkymvhmjnkmjyxnzrhowy4mjnmm2u2otvlmme-thumb_.jpg\" data-skip-htmlfix=\"1\" title=\"jnc9odawjmhhc2g9otnhnznkymvhmjnkmjyxnzrhowy4mjnmm2u2otvlmme-thumb_\"><\/p>\n<p data-index=\"2\">\u015eedin\u0163a BPN al PNL urmeaz\u0103 s\u0103 aib\u0103 loc, mar\u0163i, de la ora 17.00, la sala grupului parlamentar liberal de la Camera Deputa\u0163ilor, informeaz\u0103 Mediafax.\u00a0<\/p>\n<p data-index=\"3\">Liderul PNL Crin Antonescu a precizat c\u0103 a convocat mar\u0163i BPN, dup\u0103 <a href=\"https:\/\/www.digi24.ro\/Stiri\/Digi24\/Actualitate\/Politica\/Sorin+Iliesiu+senator+PNL+Demisia+lui+Crin+Antonescu+ar+fi+o+sol\" target=\"_blank\" data-skip-linkfix=\"1\" rel=\"noopener\">ie\u015firile unor liberali \u00een spa\u0163iul public<\/a>, pentru ca Biroul s\u0103 spun\u0103 <strong>dac\u0103 dore\u015fte s\u0103 fac\u0103 vreo schimbare<\/strong>, inclusiv la nivelul conducerii, al mandatului pentru discu\u0163iile cu PSD, \u201eorice, s\u0103 hot\u0103rasc\u0103\u201d, dar s\u0103 se \u015ftie pozi\u0163ia partidului.<\/p>\n<p data-index=\"4\">\u201eConform atribu\u0163iilor statutare, ca pre\u015fedinte al partidului am solicitat convocarea BPN m\u00e2ine &#8211; ceea ce e un gest normal, se convoac\u0103 ori de c\u00e2te ori e nevoie &#8211; pentru c\u0103 nu pot s\u0103-mi permit s\u0103 las partidul \u015fi imaginea partidului \u00eentr-o situa\u0163ie de acest fel&#8221;, a spus Antonescu, \u00eentr-o interven\u0163ie telefonic\u0103 la un post de treleviziune. Pre\u015fedintele PNL a precizat c\u0103 el, Klaus Iohannis \u015fi ceilal\u0163i liberali care au discutat cu PSD au avut \u201eun mandat extrem de clar\u201d dat de Biroul Politic al partidului.<\/p>\n<p data-index=\"5\">\u201e\u00cen momentul \u00een care \u00een spa\u0163iul public, \u00een vreme ce aceste discu\u0163ii au loc, ies oameni care pun problema demiterii pre\u015fedintelui, schimb\u0103rii mandatului, etc., sigur c\u0103 cel mai democratic lucru este s\u0103 chem din nou Biroul \u015fi s\u0103 ne clarific\u0103m, f\u0103c\u00e2nd tot ce pot, din obliga\u0163ia mea de pre\u015fedinte de partid, s\u0103 nu fim de r\u00e2sul lumii&#8221;, a spus Crin Antonescu.<\/p>\n<p data-index=\"6\">Liderii USL au avut, luni, o \u00eent\u00e2lnire, care a durat mai pu\u0163in de o or\u0103.<\/p>\n<p data-index=\"7\">La finalul acestei \u00eent\u00e2lniri, premierul\u00a0Victor Ponta\u00a0a spus c\u0103 nu s-a ajuns la o \u00een\u0163elegere privind numirile \u00een Guvern.<\/p>\n<p data-index=\"8\">\u00centrebat de jurnali\u015fti, la ie\u015firea de la \u00eent\u00e2lnirea USL, dac\u0103 s-au \u00een\u0163eles,<strong> Victor Ponta<\/strong> a r\u0103spuns: \u201e\u00cenc\u0103 nu\u201d.<\/p>\n<p data-index=\"9\">Ponta a spus c\u0103, din punctul de vedere al USD, exist\u0103 dou\u0103 variante: ori se r\u0103m\u00e2ne pe formula Guvernului din 2012, ori se face o restructurare guvernamental\u0103, pentru care \u00eens\u0103 nu exist\u0103 deocamdat\u0103 consens.<\/p>\n<p data-index=\"10\">Pre\u015fedintele PNL,<strong>\u00a0Crin Antonescu<\/strong>, a declarat c\u0103 premierul Victor Ponta trebuie s\u0103 ia o decizie: ori face cele necesare pentru a continua guvernarea, &#8220;fie ia o alt\u0103 decizie, pentru care este responsabil&#8221;, liderul liberal ar\u0103t\u00e2nd c\u0103 este necesar ca decizia s\u0103 fie luat\u0103.<\/p>\n<p data-index=\"11\">Liderul PNL a precizat c\u0103 premierul trebuie s\u0103 ia c\u00e2t mai repede o decizie \u00een ceea ce prive\u015fte viitorul Cabinetului, exist\u00e2nd dou\u0103 variante din punctul s\u0103u de vedere: acceptarea propunerilor PNL sau formarea unui alt guvern.<\/p>\n<\/div>\n<p> Source URL: https:\/\/www.digi24.ro\/stiri\/actualitate\/politica\/sedinta-a-biroului-politic-national-al-pnl-maine-dupa-amiaza-antonescu-sa-ne-clarificam-201816<\/p>\n","protected":false},"excerpt":{"rendered":"<p>\u015eedin\u0163a BPN al PNL urmeaz\u0103 s\u0103 aib\u0103 loc, mar\u0163i, de la ora 17.00, la sala grupului parlamentar liberal de la Camera Deputa\u0163ilor, informeaz\u0103 Mediafax.\u00a0 Liderul PNL Crin Antonescu a precizat c\u0103 a convocat mar\u0163i BPN, dup\u0103 ie\u015firile unor liberali \u00een spa\u0163iul public, pentru ca Biroul s\u0103 spun\u0103 dac\u0103 dore\u015fte s\u0103 fac\u0103 vreo schimbare, inclusiv la [&hellip;]<\/p>\n","protected":false},"author":1,"featured_media":212104,"comment_status":"open","ping_status":"","sticky":false,"template":"","format":"standard","meta":{"footnotes":""},"categories":[2],"tags":[11],"class_list":["post-212103","post","type-post","status-publish","format-standard","has-post-thumbnail","hentry","category-politics","tag-digi24"],"_links":{"self":[{"href":"https:\/\/analyse.optim.biz\/index.php?rest_route=\/wp\/v2\/posts\/212103","targetHints":{"allow":["GET"]}}],"collection":[{"href":"https:\/\/analyse.optim.biz\/index.php?rest_route=\/wp\/v2\/posts"}],"about":[{"href":"https:\/\/analyse.optim.biz\/index.php?rest_route=\/wp\/v2\/types\/post"}],"author":[{"embeddable":true,"href":"https:\/\/analyse.optim.biz\/index.php?rest_route=\/wp\/v2\/users\/1"}],"replies":[{"embeddable":true,"href":"https:\/\/analyse.optim.biz\/index.php?rest_route=%2Fwp%2Fv2%2Fcomments&post=212103"}],"version-history":[{"count":0,"href":"https:\/\/analyse.optim.biz\/index.php?rest_route=\/wp\/v2\/posts\/212103\/revisions"}],"wp:featuredmedia":[{"embeddable":true,"href":"https:\/\/analyse.optim.biz\/index.php?rest_route=\/wp\/v2\/media\/212104"}],"wp:attachment":[{"href":"https:\/\/analyse.optim.biz\/index.php?rest_route=%2Fwp%2Fv2%2Fmedia&parent=212103"}],"wp:term":[{"taxonomy":"category","embeddable":true,"href":"https:\/\/analyse.optim.biz\/index.php?rest_route=%2Fwp%2Fv2%2Fcategories&post=212103"},{"taxonomy":"post_tag","embeddable":true,"href":"https:\/\/analyse.optim.biz\/index.php?rest_route=%2Fwp%2Fv2%2Ftags&post=212103"}],"curies":[{"name":"wp","href":"https:\/\/api.w.org\/{rel}","templated":true}]}}