{"id":2121025,"date":"2026-08-31T11:26:21","date_gmt":"2026-08-31T08:26:21","guid":{"rendered":"https:\/\/analyse.optim.biz\/?p=2121025"},"modified":"2026-08-31T11:26:21","modified_gmt":"2026-08-31T08:26:21","slug":"gradini-suspendate-expozitie-de-pictura-semnata-de-artista-claudia-prelipcean-la-muzeul-de-istorie-din-suceava","status":"publish","type":"post","link":"https:\/\/analyse.optim.biz\/?p=2121025","title":{"rendered":"\u201eGr\u0103dini suspendate\u201d \u2013 expozi\u021bie de pictur\u0103 semnat\u0103 de artista Claudia Prelipcean la Muzeul de Istorie din Suceava"},"content":{"rendered":"<p>[analyse_image type=&#8221;featured&#8221; src=&#8221;https:\/\/img.svnews.ro\/foto\/2026\/08\/31\/557061\/eef332c870277b81865339c32-scaled.jpg&#8221;]<\/p>\n<div class=\"entry\"><img loading=\"lazy\" decoding=\"async\" width=\"650\" height=\"325\" src=\"https:\/\/img.svnews.ro\/foto\/2026\/08\/31\/557061\/eef332c870277b81865339c3206500325.jpg\" alt><\/p>\n<div class=\"entry_content\">\n<p>Muzeul Na\u021bional al Bucovinei v\u0103 invit\u0103 joi, 3 septembrie 2026, de la ora 15:00, la vernisajul expozi\u021biei \u201eGr\u0103dini suspendate\u201d, semnat\u0103 de artista Claudia Prelipcean, care va avea loca la Muzeul de Istorie din Suceava. Expozi\u021bia va fi prezentat\u0103 de criticul de art\u0103 Maria Bila\u0219evschi.<\/p>\n<p>Publicul va putea descoperi peste 30 de tablouri realizate \u00een ulei pe p\u00e2nz\u0103 \u2013 \u00eentre care \u201eGr\u0103dinile Semiramidei\u201d (cvadriptic), \u201eTablou de toamn\u0103\u201d, \u201eInocen\u021b\u0103\u201d, \u201e\u0218ir Fibonacci \u00een cromatic\u0103 Pompei\u201d \u2013 precum \u0219i lucr\u0103ri realizate \u00een tehnic\u0103 mixt\u0103, precum \u201eNerine\u201d.<\/p>\n<p>Selec\u021bia reune\u0219te at\u00e2t lucr\u0103ri individuale, c\u00e2t \u0219i compozi\u021bii alc\u0103tuite din mai multe panouri, \u00eentre care diptice \u0219i un cvadriptic. Florile, gr\u0103dinile, apa \u0219i peisajele reprezint\u0103 principalele puncte de plecare ale crea\u021biilor prezentate.<\/p>\n<p>Titlul \u201eGr\u0103dini suspendate\u201d trimite la o natur\u0103 recompus\u0103 prin culoare \u0219i imagina\u021bie. Vegeta\u021bia pare s\u0103 continue de la o p\u00e2nz\u0103 la alta, iar lucr\u0103rile realizate pe mai multe panouri confer\u0103 expozi\u021biei ritm \u0219i continuitate.<\/p>\n<p>Claudia Prelipcean este o artist\u0103 contemporan\u0103 cunoscut\u0103 pentru lucr\u0103rile sale care \u00eembin\u0103 pictura figurativ\u0103 cu un lirism accentuat \u0219i tu\u0219e expresive. Stilul s\u0103u se \u00eenscrie \u00een zona expresionismului liric \u0219i a post-impresionismului.<\/p>\n<p>Prin crea\u021bia sa, Claudia Prelipcean exploreaz\u0103 teme fundamentale centrate pe introspec\u021bie \u0219i natur\u0103. Florile \u0219i peisajele nu sunt simple reprezent\u0103ri decorative, ci metafore ale trecerii timpului, ale fragilit\u0103\u021bii \u0219i ale rena\u0219terii.<\/p>\n<p>Lucr\u0103rile Claudiei Prelipcean reflect\u0103, o explorare continu\u0103 a diferitelor tehnici \u2013 ulei, acrilic, laviuri \u0219i tehnici mixte \u2013 \u0219i o c\u0103utare permanent\u0103 a expresivit\u0103\u021bii prin culoare \u0219i form\u0103 gestual\u0103.<\/p>\n<p>Un element esen\u021bial \u00een parcursul artistic al Claudiei Prelipcean \u00eel reprezint\u0103 formarea sa ini\u021bial\u0103 \u00een matematic\u0103, experien\u021b\u0103 care se reflect\u0103 \u00een structura conceptual\u0103 a crea\u021biei sale.<\/p>\n<p>Experien\u021ba \u00een matematic\u0103 \u00eei permite artistei s\u0103 transforme floarea sau peisajul \u00een adev\u0103rate \u201eecua\u021bii vizuale\u201d, transpuse \u00een tu\u0219e plastice. Aceast\u0103 fascina\u021bie pentru geometrie ofer\u0103 picturii sale, \u00een acela\u0219i timp, libertate gestual\u0103 \u0219i poetic\u0103, dar \u0219i o structur\u0103 compozi\u021bional\u0103 riguroas\u0103 \u0219i atent construit\u0103, dup\u0103 cum apreciaz\u0103 criticii de art\u0103.<\/p>\n<p>Proiect aprobat \u0219i finan\u021bat de Consiliul Jude\u021bean Suceava.<\/p>\n<\/div>\n<div>\n<div>VN:F [1.9.22_1171]<\/div>\n<div class=\"ratingblock \">\n<div class=\"ratingstars \">\n<div id=\"article_loader_557061\" class=\"ratingloaderarticle\">\n<div class=\"loader arrows \">\n<div class=\"loaderinner\">se actualizeaz\u0103&#8230;<\/div>\n<\/div>\n<\/div>\n<\/div>\n<div class=\"ratingtext \">\n<div id=\"gdr_text_a557061\">Rating: 0.0\/<strong>10<\/strong> (0 votes cast)<\/div>\n<\/div>\n<\/div>\n<\/div>\n<\/div>\n<div class=\"entry_content\">\n<p>Muzeul Na\u021bional al Bucovinei v\u0103 invit\u0103 joi, 3 septembrie 2026, de la ora 15:00, la vernisajul expozi\u021biei \u201eGr\u0103dini suspendate\u201d, semnat\u0103 de artista Claudia Prelipcean, care va avea loca la Muzeul de Istorie din Suceava. Expozi\u021bia va fi prezentat\u0103 de criticul de art\u0103 Maria Bila\u0219evschi.<\/p>\n<p>Publicul va putea descoperi peste 30 de tablouri realizate \u00een ulei pe p\u00e2nz\u0103 \u2013 \u00eentre care \u201eGr\u0103dinile Semiramidei\u201d (cvadriptic), \u201eTablou de toamn\u0103\u201d, \u201eInocen\u021b\u0103\u201d, \u201e\u0218ir Fibonacci \u00een cromatic\u0103 Pompei\u201d \u2013 precum \u0219i lucr\u0103ri realizate \u00een tehnic\u0103 mixt\u0103, precum \u201eNerine\u201d.<\/p>\n<p>Selec\u021bia reune\u0219te at\u00e2t lucr\u0103ri individuale, c\u00e2t \u0219i compozi\u021bii alc\u0103tuite din mai multe panouri, \u00eentre care diptice \u0219i un cvadriptic. Florile, gr\u0103dinile, apa \u0219i peisajele reprezint\u0103 principalele puncte de plecare ale crea\u021biilor prezentate.<\/p>\n<p>Titlul \u201eGr\u0103dini suspendate\u201d trimite la o natur\u0103 recompus\u0103 prin culoare \u0219i imagina\u021bie. Vegeta\u021bia pare s\u0103 continue de la o p\u00e2nz\u0103 la alta, iar lucr\u0103rile realizate pe mai multe panouri confer\u0103 expozi\u021biei ritm \u0219i continuitate.<\/p>\n<p>Claudia Prelipcean este o artist\u0103 contemporan\u0103 cunoscut\u0103 pentru lucr\u0103rile sale care \u00eembin\u0103 pictura figurativ\u0103 cu un lirism accentuat \u0219i tu\u0219e expresive. Stilul s\u0103u se \u00eenscrie \u00een zona expresionismului liric \u0219i a post-impresionismului.<\/p>\n<p>Prin crea\u021bia sa, Claudia Prelipcean exploreaz\u0103 teme fundamentale centrate pe introspec\u021bie \u0219i natur\u0103. Florile \u0219i peisajele nu sunt simple reprezent\u0103ri decorative, ci metafore ale trecerii timpului, ale fragilit\u0103\u021bii \u0219i ale rena\u0219terii.<\/p>\n<p>Lucr\u0103rile Claudiei Prelipcean reflect\u0103, o explorare continu\u0103 a diferitelor tehnici \u2013 ulei, acrilic, laviuri \u0219i tehnici mixte \u2013 \u0219i o c\u0103utare permanent\u0103 a expresivit\u0103\u021bii prin culoare \u0219i form\u0103 gestual\u0103.<\/p>\n<p>Un element esen\u021bial \u00een parcursul artistic al Claudiei Prelipcean \u00eel reprezint\u0103 formarea sa ini\u021bial\u0103 \u00een matematic\u0103, experien\u021b\u0103 care se reflect\u0103 \u00een structura conceptual\u0103 a crea\u021biei sale.<\/p>\n<p>Experien\u021ba \u00een matematic\u0103 \u00eei permite artistei s\u0103 transforme floarea sau peisajul \u00een adev\u0103rate \u201eecua\u021bii vizuale\u201d, transpuse \u00een tu\u0219e plastice. Aceast\u0103 fascina\u021bie pentru geometrie ofer\u0103 picturii sale, \u00een acela\u0219i timp, libertate gestual\u0103 \u0219i poetic\u0103, dar \u0219i o structur\u0103 compozi\u021bional\u0103 riguroas\u0103 \u0219i atent construit\u0103, dup\u0103 cum apreciaz\u0103 criticii de art\u0103.<\/p>\n<p>Proiect aprobat \u0219i finan\u021bat de Consiliul Jude\u021bean Suceava.<\/p>\n<\/div>\n<p>[analyse_source url=&#8221;https:\/\/www.svnews.ro\/gradini-suspendate-expozitie-de-pictura-semnata-de-artista-claudia-prelipcean-la-muzeul-de-istorie-din-suceava\/557061\/&#8221;]<\/p>\n","protected":false},"excerpt":{"rendered":"<p>[analyse_image type=&#8221;featured&#8221; src=&#8221;https:\/\/img.svnews.ro\/foto\/2026\/08\/31\/557061\/eef332c870277b81865339c32-scaled.jpg&#8221;] Muzeul Na\u021bional al Bucovinei v\u0103 invit\u0103 joi, 3 septembrie 2026, de la ora 15:00, la vernisajul expozi\u021biei \u201eGr\u0103dini suspendate\u201d, semnat\u0103 de artista Claudia Prelipcean, care va avea loca la Muzeul de Istorie din Suceava. Expozi\u021bia va fi prezentat\u0103 de criticul de art\u0103 Maria Bila\u0219evschi. Publicul va putea descoperi peste 30 de tablouri [&hellip;]<\/p>\n","protected":false},"author":1,"featured_media":0,"comment_status":"open","ping_status":"","sticky":false,"template":"","format":"standard","meta":{"footnotes":""},"categories":[89],"tags":[226,175],"class_list":["post-2121025","post","type-post","status-publish","format-standard","hentry","category-romania","tag-crawlmanager","tag-svnews-ro"],"_links":{"self":[{"href":"https:\/\/analyse.optim.biz\/index.php?rest_route=\/wp\/v2\/posts\/2121025","targetHints":{"allow":["GET"]}}],"collection":[{"href":"https:\/\/analyse.optim.biz\/index.php?rest_route=\/wp\/v2\/posts"}],"about":[{"href":"https:\/\/analyse.optim.biz\/index.php?rest_route=\/wp\/v2\/types\/post"}],"author":[{"embeddable":true,"href":"https:\/\/analyse.optim.biz\/index.php?rest_route=\/wp\/v2\/users\/1"}],"replies":[{"embeddable":true,"href":"https:\/\/analyse.optim.biz\/index.php?rest_route=%2Fwp%2Fv2%2Fcomments&post=2121025"}],"version-history":[{"count":0,"href":"https:\/\/analyse.optim.biz\/index.php?rest_route=\/wp\/v2\/posts\/2121025\/revisions"}],"wp:attachment":[{"href":"https:\/\/analyse.optim.biz\/index.php?rest_route=%2Fwp%2Fv2%2Fmedia&parent=2121025"}],"wp:term":[{"taxonomy":"category","embeddable":true,"href":"https:\/\/analyse.optim.biz\/index.php?rest_route=%2Fwp%2Fv2%2Fcategories&post=2121025"},{"taxonomy":"post_tag","embeddable":true,"href":"https:\/\/analyse.optim.biz\/index.php?rest_route=%2Fwp%2Fv2%2Ftags&post=2121025"}],"curies":[{"name":"wp","href":"https:\/\/api.w.org\/{rel}","templated":true}]}}