{"id":2120991,"date":"2026-08-31T13:26:44","date_gmt":"2026-08-31T10:26:44","guid":{"rendered":"https:\/\/analyse.optim.biz\/?p=2120991"},"modified":"2026-08-31T13:26:44","modified_gmt":"2026-08-31T10:26:44","slug":"s-a-deschis-tronsonul-de-la-adjud-la-bacau-din-autostrada-moldovei-cei-310-km-dintre-bucuresti-si-bacau-se","status":"publish","type":"post","link":"https:\/\/analyse.optim.biz\/?p=2120991","title":{"rendered":"S-a deschis tronsonul de la Adjud la Bac\u0103u din Autostrada Moldovei. Cei 310 km dintre Bucure\u0219ti \u0219i Bac\u0103u se&#8230;"},"content":{"rendered":"<p>[analyse_image type=&#8221;featured&#8221; src=&#8221;https:\/\/cdn.adh.reperio.news\/image-2\/2677624d-3d5d-4e3e-8e28-dbe580a816e2\/index.gif?p=f%3Djpeg%26w%3D1200%26h%3D630%26r%3Dcover&#8221;]<\/p>\n<article class=\"svelte-x63bga\">\n<nav>\n<ul class=\"breadcrump svelte-1pk9a69\">\n<li class=\"svelte-1pk9a69\"><a href=\"https:\/\/adevarul.ro\/\" title=\"Adev\u0103rul\" class=\"svelte-1pk9a69\">Home<\/a><\/li>\n<li class=\"svelte-1pk9a69\"><a href=\"https:\/\/adevarul.ro\/stiri-interne\" class=\"svelte-1pk9a69\">\u0218tiri Interne<\/a><\/li>\n<li class=\"svelte-1pk9a69\"><a href=\"https:\/\/adevarul.ro\/stiri-interne\/evenimente\" class=\"svelte-1pk9a69\">Evenimente<\/a><\/li>\n<li class=\"svelte-1pk9a69\"><a href=\"https:\/\/adevarul.ro\/stiri-interne\/evenimente\/s-a-deschis-tronsonul-de-la-adjud-la-bacau-din-2553173.html\" class=\"svelte-1pk9a69\">S-a deschis tronsonul de la Adjud la Bac\u0103u din Autostrada Moldovei. Cei 310 km dintre Bucure\u0219ti \u0219i Bac\u0103u se pot parcurge \u00een mai pu\u021bin de 3 ore<\/a><\/li>\n<\/ul>\n<\/nav>\n<p><main class=\"svelte-x63bga\"><\/p>\n<p>S-a deschis tronsonul de la Adjud la Bac\u0103u al Autostr\u0103zii Moldovei. Noul segment, inaugurat la ora 16, are\u00a0 47,1 kilometri.\u00a0\u0218oferii pot circula acum pe 241,62 km din totalul celor 319 km ai A7.<\/p>\n<div class=\"container-image  svelte-1xbw4f3\"><source type=\"image\/gif\" srcset=\"https:\/\/cdn.adh.reperio.news\/image-2\/2677624d-3d5d-4e3e-8e28-dbe580a816e2\/index.gif?p=a%3D1%26co%3D1.05%26w%3D1400%26h%3D750%26q%3D50%26r%3Dcontain%26f%3Dgif 1400w\" media=\"(min-width: 1400px)\" \/><\/p>\n<div class=\"caption svelte-1xbw4f3\"><span class=\"captionText svelte-1xbw4f3\">A7, Adjud &#8211; Bac\u0103u  <span class=\"source svelte-1xbw4f3\">Foto: captura facebook<\/span><\/span><\/div>\n<\/div>\n<h2>Cristian Pistol: \u201eDe ast\u0103zi, distan\u021ba Bucure\u0219ti \u2013 Bac\u0103u (310,59 km) se poate parcurge pe autostrad\u0103 (A3 \u0219i A7) \u00een mai pu\u021bin de 3 ore\u201d<\/h2>\n<p>\u0218i Cristian Pistol, \u0219eful CNAIR, a postat pe Facebook imagini live din dron\u0103 cu deschiderea circula\u021biei \u00eentre Adjud \u0219i Bac\u0103u.<\/p>\n<p><i>\u201e\u00cenc\u0103 47,10 km se adaug\u0103 de ast\u0103zi celor 194,52 km deja deschi\u0219i circula\u021biei pe Autostrada Moldovei (A7), \u00eentre Ploie\u0219ti \u0219i Adjud. Tot de ast\u0103zi, distan\u021ba Bucure\u0219ti &#8211; Bac\u0103u (310,59 km) se poate parcurge pe autostrad\u0103 (A3 \u0219i A7) \u00een mai pu\u021bin de 3 ore, \u00een condi\u021bii de siguran\u021b\u0103 \u0219i confort. Continu\u0103m construc\u021bia A7 spre Pa\u0219cani \u0219i Suceava, iar de acolo, prin Drumul Expres Suceava &#8211; Siret, spre frontiera de nord a Rom\u00e2niei.<br \/>Rom\u00e2nia a ajuns ast\u0103zi la peste 1.477 km de drumuri de mare vitez<\/i>\u0103\u201d, a detaliat directorul CNAIR.\u00a0\u00a0<\/p>\n<p><i><b>\u0218tirea ini\u021bial\u0103<\/b><\/i><\/p>\n<p><i>\u201eS-a deschis circula\u021bia pe A7 (Autostrada Moldovei) de la Adjud la Bac\u0103u (47,10 km)! Acum re\u021beaua rutier\u0103 administrat\u0103 de CNAIR \u00eensumeaz\u0103 1.477,34 km de drum de mare vitez\u0103.<br \/>\u0218oferii pot circula de ast\u0103zi pe 241,62 km din totalul celor 319 km ai Autostr\u0103zii Moldovei A7 p\u00e2n\u0103 la nodul rutier al Variantei Ocolitoare Bac\u0103u care face leg\u0103tura cu DN2F, spre Vaslui, iar dup\u0103 finalizarea lucr\u0103rilor de racordare se va ajunge de la Bucuresti la Bac\u0103u Nord pe 310,59 km de autostrad\u0103 ( A3 \u0219i A7)\u201d, <\/i>a anun\u021bat CNAIR, la ora 16, pe Facebook, unde a postat imagini de pe Autostrada Moldovei.<\/p>\n<div class=\"raw-block\"><iframe loading=\"lazy\" src=\"https:\/\/www.facebook.com\/plugins\/video.php?height=314&amp;href=https%3A%2F%2Fwww.facebook.com%2FCNAIRSA%2Fvideos%2F1565442781978496%2F&amp;show_text=false&amp;width=390&amp;t=0\" width=\"560\" height=\"314\" frameborder allowfullscreen=\"true\" allow=\"autoplay; clipboard-write; encrypted-media; picture-in-picture; web-share\" class=\"facebook-iframe\"><\/iframe><\/div>\n<p><\/p>\n<p>Prin punerea \u00een circula\u021bie a acestui segment, A7 asigur\u0103 o conexiune rutier\u0103 continu\u0103 de la Bucure\u0219ti <a href=\"https:\/\/adevarul.ro\/economie\/centura-bacaului-va-fi-deschisa-doar-partial-pe-2552483.html\">p\u00e2n\u0103 la nodul Variantei Ocolitoare Bac\u0103u, <\/a>care ofer\u0103 acces c\u0103tre DN2F \u0219i municipiul Vaslui.<\/p>\n<p>Cele trei loturi aflate \u00een execu\u021bie dintre Bac\u0103u \u0219i Pa\u0219cani, 77,38 km, sunt finan\u021bate prin PNRR.<\/p>\n<h2>Extindere ulterioar\u0103 cu \u00eenc\u0103 4 kilometri<\/h2>\n<p>CNAIR anun\u021b\u0103 c\u0103, dup\u0103 finalizarea lucr\u0103rilor de racordare, circula\u021bia va fi prelungit\u0103 cu \u00eenc\u0103 aproximativ 4 kilometri, p\u00e2n\u0103 la nodul rutier Bac\u0103u Nord al Variantei Ocolitoare Bac\u0103u.<\/p>\n<p>Potrivit lui Cristian Pistol, deschiderea etapizat\u0103 a fost aleas\u0103 pentru a garanta c\u0103 fiecare sector este dat \u00een folosin\u021b\u0103 doar dup\u0103 finalizarea tuturor conexiunilor \u0219i verificarea condi\u021biilor de siguran\u021b\u0103.<\/p>\n<h2>Peste 240 de kilometri deschi\u0219i pe A7<\/h2>\n<p>Dup\u0103 inaugurarea lotului Adjud &#8211; Bac\u0103u Sud, \u0219oferii vor au la dispozi\u021bie 241,62 kilometri din cei 319 kilometri ai autostr\u0103zii A7 dintre Ploie\u0219ti \u0219i Pa\u0219cani.<\/p>\n<p>Loturile aflate \u00een execu\u021bie pe aceast\u0103 sec\u021biune sunt finan\u021bate prin Planul Na\u021bional de Redresare \u0219i Rezilien\u021b\u0103 (PNRR).<\/p>\n<p>Recent, secretarul de stat \u00een Ministerul Transporturilor<a href=\"https:\/\/adevarul.ro\/economie\/un-secretar-de-stat-de-la-transporturi-a-testat-2552312.html\">, Irinel Scrio\u0219teanu, a anun\u021bat c\u0103 a parcurs traseul Bucure\u0219ti &#8211; Bac\u0103u pe autostrad\u0103 \u00een 2 ore \u0219i 11 minute<\/a>, dup\u0103 deschiderea noilor segmente de drum de mare vitez\u0103.<\/p>\n<p><\/main><\/p>\n<footer class=\"svelte-x63bga\">\n<div class=\"related-wrap related-footer svelte-78g0vl\"><span class=\"related-label svelte-78g0vl\">Cite\u0219te \u0219i<\/span><a class=\"related svelte-78g0vl\" data-gtrack=\"{&quot;event&quot;:&quot;utm_click&quot;,&quot;data&quot;:{&quot;event_category&quot;:&quot;article_related&quot;}}\" href=\"https:\/\/adevarul.ro\/economie\/un-secretar-de-stat-de-la-transporturi-a-testat-2552312.html\" title=\"Alt articol de interes pentru tine\"><img decoding=\"async\" class=\"thumb svelte-78g0vl\" src=\"https:\/\/cdn.adh.reperio.news\/image-4\/4bdb9285-4bc9-430f-b411-a030a4c88d0b\/index.png?p=f%3Dwebp%26w%3D120%26h%3D80%26r%3Dcover%26a%3D0\" alt loading=\"lazy\" width=\"80\" height=\"54\"><span class=\"title svelte-78g0vl\">Un secretar de stat de la Transporturi a testat noua A7: viteza medie cu care a parcurs cei 286 de kilometri \u00een \u201e2 ore \u0219i 11 minute\u201d<\/span><\/a><a class=\"related svelte-78g0vl\" data-gtrack=\"{&quot;event&quot;:&quot;utm_click&quot;,&quot;data&quot;:{&quot;event_category&quot;:&quot;article_related&quot;}}\" href=\"https:\/\/adevarul.ro\/economie\/centura-bacaului-va-fi-deschisa-doar-partial-pe-2552483.html\" title=\"Alt articol de interes pentru tine\"><img decoding=\"async\" class=\"thumb svelte-78g0vl\" src=\"https:\/\/cdn.adh.reperio.news\/image-0\/05185c55-f4cb-4c2a-b9de-354a6e0863e0\/index.png?p=f%3Dwebp%26w%3D120%26h%3D80%26r%3Dcover%26a%3D0\" alt loading=\"lazy\" width=\"80\" height=\"54\"><span class=\"title svelte-78g0vl\"> Centura Bac\u0103ului va fi deschis\u0103 doar par\u021bial pe 31 august. Nodul rutier Bac\u0103u Nord nu va fi gata la timp<\/span><\/a><a class=\"related svelte-78g0vl\" data-gtrack=\"{&quot;event&quot;:&quot;utm_click&quot;,&quot;data&quot;:{&quot;event_category&quot;:&quot;article_related&quot;}}\" href=\"https:\/\/adevarul.ro\/politica\/noi-imagini-de-pe-autostrada-moldovei-mesajul-2552827.html\" title=\"Alt articol de interes pentru tine\"><img decoding=\"async\" class=\"thumb svelte-78g0vl\" src=\"https:\/\/cdn.adh.reperio.news\/image-8\/8fb62b74-77ad-4677-9855-68d79c2453cb\/index.jpeg?p=f%3Dwebp%26w%3D120%26h%3D80%26r%3Dcover%26a%3D0\" alt loading=\"lazy\" width=\"80\" height=\"54\"><span class=\"title svelte-78g0vl\">Noi imagini de pe Autostrada Moldovei. Mesajul transmis de Sorin Grindeanu<\/span><\/a><\/div>\n<div class=\"meta svelte-x63bga\">\n<div class=\"authors svelte-x63bga\"><span class=\"names svelte-x63bga\"><a href=\"https:\/\/adevarul.ro\/author\/1228\" rel=\"author\" class=\"svelte-x63bga\">Cristina Stancu<\/a><\/span><\/p>\n<div class=\"_hydratable\" data-props=\"%7B%22showLive%22%3Atrue%7D\" data-context=\"%7B%22parentBlockColumnCount%22%3A%7B%22value%22%3A0%2C%22type%22%3A%22store%2Freadable%22%7D%2C%22parentBlockBackgroundColor%22%3A%7B%22type%22%3A%22store%2Freadable%22%7D%7D\" data-component=\"ShareButton\">\n<div class=\"shareButtons svelte-itwbrr\">\n<div class=\"liveSessions metaFont svelte-1maxmbf\"><span class=\"value svelte-1maxmbf\">1<\/span> live <\/div>\n<\/div>\n<\/div>\n<\/div>\n<div class=\"tags svelte-1l3vwp1\"><span class=\"tags-label metaFont svelte-1l3vwp1\">Cite\u0219te mai multe despre<\/span><\/p>\n<div class=\"tags-list svelte-1l3vwp1\"><a href=\"https:\/\/adevarul.ro\/tag\/cnair\" title=\"Ultimele \u0219tiri despre cnair\" class=\"tag-pill svelte-1l3vwp1\">cnair<\/a><a href=\"https:\/\/adevarul.ro\/tag\/autostrada%20moldovei\" title=\"Ultimele \u0219tiri despre autostrada moldovei\" class=\"tag-pill svelte-1l3vwp1\">autostrada moldovei<\/a><\/div>\n<\/div>\n<\/div>\n<p><a class=\"moreFromCategory svelte-x63bga\" href=\"https:\/\/adevarul.ro\/stiri-interne\/evenimente\" title=\"Evenimente\">Mai multe din <strong class=\"svelte-x63bga\">Evenimente<\/strong> \u203a<\/a><\/footer>\n<\/article>\n<p>[analyse_source url=&#8221;https:\/\/adevarul.ro\/stiri-interne\/evenimente\/s-a-deschis-tronsonul-de-la-adjud-la-bacau-din-2553173.html&#8221;]<\/p>\n","protected":false},"excerpt":{"rendered":"<p>[analyse_image type=&#8221;featured&#8221; src=&#8221;https:\/\/cdn.adh.reperio.news\/image-2\/2677624d-3d5d-4e3e-8e28-dbe580a816e2\/index.gif?p=f%3Djpeg%26w%3D1200%26h%3D630%26r%3Dcover&#8221;] Home \u0218tiri Interne Evenimente S-a deschis tronsonul de la Adjud la Bac\u0103u din Autostrada Moldovei. Cei 310 km dintre Bucure\u0219ti \u0219i Bac\u0103u se pot parcurge \u00een mai pu\u021bin de 3 ore S-a deschis tronsonul de la Adjud la Bac\u0103u al Autostr\u0103zii Moldovei. Noul segment, inaugurat la ora 16, are\u00a0 47,1 kilometri.\u00a0\u0218oferii pot [&hellip;]<\/p>\n","protected":false},"author":1,"featured_media":0,"comment_status":"open","ping_status":"","sticky":false,"template":"","format":"standard","meta":{"footnotes":""},"categories":[89],"tags":[19,226],"class_list":["post-2120991","post","type-post","status-publish","format-standard","hentry","category-romania","tag-adevarul","tag-crawlmanager"],"_links":{"self":[{"href":"https:\/\/analyse.optim.biz\/index.php?rest_route=\/wp\/v2\/posts\/2120991","targetHints":{"allow":["GET"]}}],"collection":[{"href":"https:\/\/analyse.optim.biz\/index.php?rest_route=\/wp\/v2\/posts"}],"about":[{"href":"https:\/\/analyse.optim.biz\/index.php?rest_route=\/wp\/v2\/types\/post"}],"author":[{"embeddable":true,"href":"https:\/\/analyse.optim.biz\/index.php?rest_route=\/wp\/v2\/users\/1"}],"replies":[{"embeddable":true,"href":"https:\/\/analyse.optim.biz\/index.php?rest_route=%2Fwp%2Fv2%2Fcomments&post=2120991"}],"version-history":[{"count":0,"href":"https:\/\/analyse.optim.biz\/index.php?rest_route=\/wp\/v2\/posts\/2120991\/revisions"}],"wp:attachment":[{"href":"https:\/\/analyse.optim.biz\/index.php?rest_route=%2Fwp%2Fv2%2Fmedia&parent=2120991"}],"wp:term":[{"taxonomy":"category","embeddable":true,"href":"https:\/\/analyse.optim.biz\/index.php?rest_route=%2Fwp%2Fv2%2Fcategories&post=2120991"},{"taxonomy":"post_tag","embeddable":true,"href":"https:\/\/analyse.optim.biz\/index.php?rest_route=%2Fwp%2Fv2%2Ftags&post=2120991"}],"curies":[{"name":"wp","href":"https:\/\/api.w.org\/{rel}","templated":true}]}}