{"id":2120984,"date":"2026-08-31T20:36:56","date_gmt":"2026-08-31T17:36:56","guid":{"rendered":"https:\/\/analyse.optim.biz\/?p=2120984"},"modified":"2026-08-31T20:36:56","modified_gmt":"2026-08-31T17:36:56","slug":"calendarul-zilei-1-septembrie-inceputul-noului-an-bisericesc-si-prima-zi-in-noul-an-traditional-romanesc","status":"publish","type":"post","link":"https:\/\/analyse.optim.biz\/?p=2120984","title":{"rendered":"Calendarul zilei: 1 septembrie, \u00eenceputul noului an bisericesc \u0219i prima zi \u00een noul an tradi\u021bional rom\u00e2nesc"},"content":{"rendered":"<p>[analyse_image type=&#8221;featured&#8221; src=&#8221;https:\/\/r3media.ro\/wp-content\/uploads\/2021\/09\/1-septembrie-noul-an-bisericesc.jpghttps:\/\/r3media.ro\/wp-content\/uploads\/2021\/09\/1-septembrie-noul-an-bisericesc.jpg&#8221;]<\/p>\n<article id=\"template-id-109\" class=\"post-109 tdb_templates type-tdb_templates status-publish post\">\n<div id=\"tdi_2\" class=\"tdc-zone\">\n<div class=\"tdc_zone tdi_3  wpb_row td-pb-row\">\n<div id=\"tdi_4\" class=\"tdc-row\">\n<div class=\"vc_row tdi_5  wpb_row td-pb-row\">\n<div class=\"vc_column tdi_7  wpb_column vc_column_container tdc-column td-pb-span8\">\n<div class=\"wpb_wrapper\">\n<div class=\"td_block_wrap tdb_breadcrumbs tdi_8 td-pb-border-top td_block_template_1 tdb-breadcrumbs \" data-td-block-uid=\"tdi_8\">\n<div class=\"tdb-block-inner td-fix-index\"><span><a title=\"Vede\u021bi toate articolele \u00een PRIM PLAN\" class=\"tdb-entry-crumb\" href=\"https:\/\/r3media.ro\/category\/stiri-prim-plan\/\">PRIM PLAN<\/a><\/span><span class=\"tdb-bred-no-url-last\">Calendarul zilei: 1 septembrie, \u00eenceputul noului an bisericesc \u0219i prima zi \u00een&#8230;<\/span><\/div>\n<\/div>\n<div class=\"td_block_wrap tdb_single_categories tdi_9 td-pb-border-top td_block_template_1 \" data-td-block-uid=\"tdi_9\">\n<div class=\"tdb-category td-fix-index\"><a class=\"tdb-entry-category\" href=\"https:\/\/r3media.ro\/category\/stiri-prim-plan\/\">PRIM PLAN<\/a><a class=\"tdb-entry-category\" href=\"https:\/\/r3media.ro\/category\/stiri\/\">\u0218TIRI<\/a><\/div>\n<\/div>\n<div class=\"td_block_wrap tdb_title tdi_10 tdb-single-title td-pb-border-top td_block_template_1\" data-td-block-uid=\"tdi_10\">\n<div class=\"tdb-block-inner td-fix-index\">\n<h1 class=\"tdb-title-text\">Calendarul zilei: 1 septembrie, \u00eenceputul noului an bisericesc \u0219i prima zi \u00een noul an tradi\u021bional rom\u00e2nesc<\/h1>\n<\/div>\n<\/div>\n<div class=\"vc_row_inner tdi_12  vc_row vc_inner wpb_row td-pb-row\">\n<div class=\"vc_column_inner tdi_14  wpb_column vc_column_container tdc-inner-column td-pb-span12\">\n<div class=\"vc_column-inner\">\n<div class=\"wpb_wrapper\">\n<div class=\"td_block_wrap tdb_single_author tdi_15 td-pb-border-top td_block_template_1 tdb-post-meta\" data-td-block-uid=\"tdi_15\">\n<div class=\"tdb-block-inner td-fix-index\">\n<div class=\"tdb-author-name-wrap\"><a class=\"tdb-author-name\" href=\"https:\/\/r3media.ro\/author\/redactia\/\">Redac\u021bia<\/a><\/div>\n<\/div>\n<\/div>\n<div class=\"td_block_wrap tdb_single_date tdi_16 td-pb-border-top td_block_template_1 tdb-post-meta\" data-td-block-uid=\"tdi_16\">\n<div class=\"tdb-block-inner td-fix-index\"><time class=\"entry-date updated td-module-date\" datetime=\"2026-08-31T23:36:56+03:00\">31\/08\/2026<\/time><\/div>\n<\/div>\n<\/div>\n<\/div>\n<\/div>\n<\/div>\n<div class=\"wpb_wrapper td_block_wrap vc_raw_html tdi_19 \">\n<div class=\"td-fix-index\"><a href=\"https:\/\/www.google.com\/preferences\/source?q=r3media.ro\" target=\"_blank\" rel=\"noopener nofollow\">Ad\u0103uga\u021bi R3media la sursele preferate din Google<\/a><\/div>\n<\/div>\n<div class=\"td_block_wrap tdb_single_content tdi_20 td-pb-border-top td_block_template_1 td-post-content tagdiv-type\" data-td-block-uid=\"tdi_20\">\n<div class=\"tdb-block-inner td-fix-index\">\n<p><strong><em>Anul bisericesc<\/em>\u00a0\u00eencepe la 1 septembrie, c\u00e2nd \u00eencepea\u00a0<em>Indictionul<\/em>\u00a0(1) \u00een Imperiul Bizantin. \u0219i se \u00eencheie la 31 august. Dup\u0103 tradi\u021bia iudaic\u0103, \u00een aceast\u0103 zi Dumnezeu a \u00eenceput lucrarea de creare a lumii \u0219i M\u00e2ntuitorul a \u00eenceput activitatea sa de prop\u0103v\u0103duire a Evangheliei.<\/strong><\/p>\n<p><em>Anul bisericesc<\/em>\u00a0nu este identic cu\u00a0<em>anul liturgic<\/em>. Spre deosebire de anul bisericesc, anul liturgic \u00eencepe \u00een ziua de\u00a0Pa\u0219ti.<\/p>\n<p>\u00cenceputul\u00a0<em>Anului Nou bisericesc<\/em>\u00a0a fost instituit \u00een urma hot\u0103r\u00e2rii celor 318 Sfin\u021bi P\u0103rin\u021bi participan\u021bi la\u00a0<em>Sinodul I Ecumenic de la Niceea<\/em>, din anul 325. Ei au stabilit s\u0103 se s\u0103rb\u0103toreasc\u0103 data de 1 septembrie ca un \u00eenceput al m\u00e2ntuirii cre\u0219tinilor, \u00een amintirea intr\u0103rii lui Hristos \u00een mijlocul adun\u0103rii evreilor vestind tuturor anul binepl\u0103cut Domnului.<\/p>\n<div class=\"youtube-embed\" data-video_id=\"K0HNue3yOBY\"><\/div>\n<h4><strong>\u271d \u00cenceputul anului bisericesc (1 septembrie)<\/strong><\/h4>\n<p>Data de 1 septembrie, ca \u00eenceput al anului bisericesc, a fost \u00eemprumutat\u0103 de la evrei, care \u00eencepeau atunci anul civil, numit \u015fi Indictionul, a\u015fa cum apare men\u0163ionat \u015fi \u00een Sinaxarul din Minei, \u00een ziua de 1 septembrie. Cultul cre\u015ftin, av\u00e2nd un caracter mixt, iudeo-cre\u015ftin, \u015fi-a \u00eensu\u015fit \u00een r\u00e2nduiala sa cadrele exterioare ale Legii Vechi, despre care \u00censu\u015fi M\u00e2ntuitorul Hristos zicea: \u201eN-am venit s\u0103 stric, ci s\u0103 \u00eemplinesc\u201c (Matei 5, 17), adic\u0103 s\u0103 des\u0103v\u00e2r\u015feasc\u0103 Legea dat\u0103 prin Moise poporului ales. Dup\u0103 cum afl\u0103m din textul Sinaxarului din Minei, Indictionul era cunoscut \u015fi la romani, care \u00eencepeau noul an de la aceast\u0103 dat\u0103 (Mineiul pe Septembrie, p. 22).<\/p>\n<p>Un al doilea motiv pentru care ziua de 1 septembrie a fost a\u015fezat\u0103 ca zi a \u00eenceputului de an bisericesc este tradi\u0163ia potrivit c\u0103reia, \u00een aceast\u0103 zi, M\u00e2ntuitorul Iisus Hristos \u015ei-a \u00eenceput activitatea Sa public\u0103, intr\u00e2nd \u00een sinagog\u0103 \u015fi citind cuvintele prorocului Isaia, care profe\u0163eau despre Persoana Sa dumnezeiasc\u0103: \u201eDuhul Domnului este peste Mine, pentru c\u0103 M-a uns ca s\u0103 binevestesc s\u0103racilor; M-a trimis s\u0103 vindec pe cei zdrobi\u0163i cu inima; s\u0103 propov\u0103duiesc robilor dezrobirea \u015fi celor orbi vederea; s\u0103 slobozesc pe cei ap\u0103sa\u0163i. \u015ei s\u0103 vestesc anul pl\u0103cut Domnului\u201c (Isaia 61, 1-2 \u015fi Luca 4, 18-19). Apoi d\u00e2nd cartea slujitorului sinagogii \u0219i \u0219ez\u00e2nd a zis: \u201cAst\u0103zi s-a \u00eemplinit Scriptura aceasta \u00een urechile voastre\u201c.<\/p>\n<p>\u00cen fine, al treilea motiv pentru care ziua de 1 septembrie este socotit\u0103 ca ziua de \u00eenceput a anului bisericesc este tradi\u0163ia mo\u015ftenit\u0103 din Legea Veche, potrivit c\u0103reia \u00een aceast\u0103 zi a lunii septembrie a \u00eenceput crea\u0163ia lumii.<\/p>\n<p>Imnografia zilei din Minei se refer\u0103, pe l\u00e2ng\u0103 pr\u0103znuirea sfin\u0163ilor zilei, \u015fi la momentul noului \u00eenceput de an:<\/p>\n<p>\u201eSosit-a intrarea anului, care ne cheam\u0103 s\u0103 cinstim pe cei ce o lumineaz\u0103 pe ea\u201c, \u015fi cere de la Hristos: \u201e\u2026 Doamne, binecuv\u00e2nteaz\u0103 lucrurile m\u00e2inilor Tale \u015fi ne \u00eenvrednice\u015fte pe noi, cu folos a trece crugul anului\u201c (Mineiul pe Septembrie, p. 11).<\/p>\n<p>\u00cen acela\u0219i sens, rug\u0103ciunea liturgic\u0103 de mijlocire adaug\u0103:<\/p>\n<p>\u201eHristoase, Dumnezeul nostru, Cel ce \u00eentru \u00een\u0163elepciune toate le-ai zidit \u015fi din nefiin\u0163\u0103 \u00eentru fiin\u0163\u0103 le-ai adus, binecuv\u00e2nteaz\u0103 cununa anului \u015fi cetatea noastr\u0103 p\u0103ze\u015fte-o nev\u0103t\u0103mat\u0103. \u015ei pe credincio\u015fii no\u015ftri c\u00e2rmuitori cu puterea Ta \u00eei vesele\u015fte, biruin\u0163\u0103 d\u00e2ndu-le asupra potrivnicilor. Pentru N\u0103sc\u0103toarea de Dumnezeu, d\u0103ruie\u015fte lumii mare mil\u0103\u201c (Mineiul pe Septembrie, p. 11);<\/p>\n<p>\u201eTu, \u00cemp\u0103rate, Cel ce e\u015fti pururea \u015fi petreci \u00een vecii cei f\u0103r\u0103 de sf\u00e2r\u015fit, prime\u015fte rug\u0103ciunea p\u0103c\u0103to\u015filor care cerem m\u00e2ntuire. \u015ei d\u0103, Iubitorule de oameni, p\u0103m\u00e2ntului t\u0103u bun\u0103 rodire, bine \u00eentocmite v\u0103zduhuri d\u0103ruind; binecredincio\u015filor cre\u015ftini ajut\u0103-le asupra celor f\u0103r\u0103 de lege\u2026 Ci d\u0103ruie\u015fte-ne biruin\u0163\u0103, Hristoase Dumnezeule\u2026\u201c (Mineiul pe Septembrie, p. 12).<\/p>\n<p>Iar \u00een Troparul Indicitionului, auzim doxologindu-se astfel:<\/p>\n<p>\u201eA toat\u0103 f\u0103ptura Ziditorule, Cel ce timpurile \u015fi anii ai pus \u00eentru puterea Ta, binecuv\u00e2nteaz\u0103 cununa anului bun\u0103t\u0103\u0163ii Tale, Doamne, p\u0103zind \u00een pace poporul \u015fi \u0163ara aceasta, pentru rug\u0103ciunile N\u0103sc\u0103toarei de Dumnezeu \u015fi ne m\u00e2ntuie\u015fte pe noi\u201c (Mineiul pe Septembrie, p. 12).<\/p>\n<p>(1) Termenul de indiction (lat. indictio, gr. indiktion) denume\u0219te o perioad\u0103 de timp (de un num\u0103r de ani diferit la diferite epoci \u0219i locuri), folosit ini\u021bial spre sf\u00e2r\u0219itul secolului al III-lea d.Hr. pentru a data ciclurile de impozite agricole \u0219i funciare din Egiptul roman sau legate de perioada plata soldei solda\u021bilor (indictiones). C\u0103tre sf\u00e2r\u0219itul secolului al V-lea, folosirea indictionului se r\u0103sp\u00e2ndise \u00een toat\u0103 Mediterana. Folosirea sa pe scar\u0103 larg\u0103 la acea vreme se reflect\u0103 \u00eenc\u0103 \u00een calendarul Bisericii.<\/p>\n<p>(2) Etimologic, cuv\u00e2ntul triod provine din grecescul triodion \u03c4\u03c1\u03b9\u03ce\u03b4\u03b9\u03bf\u03bd, format din cuvintele tria (\u03c4\u03c1\u03b9\u03b1), trei, \u0219i odi (\u03ce\u03b4\u03ae), od\u0103, adic\u0103 c\u00e2ntare \u00een trei ode\/ strofe. Practic, \u00een via\u021ba liturgic\u0103, Triodul are dou\u0103 sensuri:<\/p>\n<p>Triodul este una dintre cele trei mari perioade ale anului liturgic. Numit\u0103 \u0219i perioada prepascal\u0103, Triodul precede perioada Penticostarului (opt s\u0103pt\u0103m\u00e2ni de la Pa\u0219ti) \u0219i urmeaz\u0103 perioadei celei mai lungi, Octoihul. Timpul Triodului \u021bine de la Duminica Vame\u0219ului \u0219i Fariseului \u0219i p\u00e2n\u0103 \u00een S\u00e2mb\u0103ta Mare (\u00eenainte de Pa\u0219ti), \u00een total 10 s\u0103pt\u0103m\u00e2ni care ne preg\u0103tesc \u0219i ne provoac\u0103 la o sincer\u0103 cercetare de sine \u0219i la un serios demers al \u00eentregii noastre fiin\u021be pentru \u00eent\u00e2lnirea \u0219i vie\u021buirea cu \u0219i \u00een Hristos cel r\u0103stignit \u0219i \u00eenviat.<\/p>\n<p>(3) Penticostarul este:<\/p>\n<p>\u2013 O perioad\u0103 liturgic\u0103 din anul bisericesc care \u00eencepe din ziua Pa\u0219tilor \u0219i \u021bine p\u00e2n\u0103 \u00een Duminica Tuturor Sfin\u021bilor.<\/p>\n<p>\u2013 O carte liturgic\u0103 ce cuprinde c\u00e2nt\u0103rile din cele 8 s\u0103pt\u0103m\u00e2ni, citite la slujbe \u00een aceast\u0103 perioad\u0103. Ea a fost alc\u0103tuit\u0103 de Sf\u00e2ntul Iosif Studitul, Arhiepiscopul Tesalonicului.<\/p>\n<p>Numele Penticostarului, de la grecescul Pentikostarion \u03c0\u03b5\u03bd\u03c4\u03b7\u03ba\u03bf\u03c3\u03c4\u03b1\u03c1\u03b9\u03bf\u03bd, i se trage tocmai de la perioada de cincizeci de zile ale c\u0103rei c\u00e2nt\u0103ri le cuprinde, numit\u0103 Cincizecime (gr. \u201cpenticosti\u201d, \u03c0\u03b5\u03bd\u03c4\u03b7\u03ba\u03bf\u03c3\u03c4\u03ae). El con\u021bine \u201ec\u00e2nt\u0103rile de veselie ale \u00cenvierii lui Hristos \u00een care se v\u0103de\u0219te pretutindenea bucuria cea mare a cre\u0219tinului\u201d.<br \/>\ncititi mai mult pe ro.orthodoxwiki.org<\/p>\n<p>(4) Octoihul (din grecescul \u03bf\u03ba\u03c4\u03bf\u03b7\u03c7\u03bf\u03c2) este:<\/p>\n<p>\u2013 Perioada liturgic\u0103 cea mai lung\u0103 din anul bisericesc, care dureaz\u0103 din lunea de dup\u0103 Duminica Tuturor Sfin\u021bilor \u0219i p\u00e2n\u0103 \u00een Duminica Vame\u0219ului \u0219i Fariseului. Octoihul are ca s\u0103rb\u0103toare central\u0103 Na\u0219terea Domnului urmat\u0103 de Boboteaz\u0103 \u0219i re\u00eennoie\u0219te, prin slujbele Bisericii, activitatea profetic\u0103, didactic\u0103 \u0219i \u00eenv\u0103\u021b\u0103toreasc\u0103 a M\u00e2ntuitorului nostru Iisus Hristos, \u00een care El a dat lumii \u00eenv\u0103\u021b\u0103tura dumnezeiasc\u0103 a Evangheliei Sale. La Sf\u00e2nta Liturghie, lecturile vor fi \u00een majoritatea din Evangheliile dup\u0103 Matei \u0219i Luca.<\/p>\n<p>\u2013 Cartea care va conduce slujbele din aceast\u0103 perioad\u0103 liturgic\u0103. Se nume\u0219te octoih pentru c\u0103 este structurat\u0103 pe opt glasuri. Octoihul Mare este cartea utilizat\u0103 pentru toate zilele s\u0103pt\u0103m\u00e2nii, iar Octoihul Mic cuprinde c\u00e2nt\u0103rile duminicilor.<\/p>\n<h4><strong>1 septembrie, noul an \u00een tradi\u021bia rom\u00e2neasc\u0103 popular\u0103<\/strong><\/h4>\n<p>P\u0103rintele Mihai-Andrei Aldea, etnolog, a explicat de ce \u00een vechime rom\u00e2nii s\u0103rb\u0103toreau Anul Nou pe 1 septembrie.<\/p>\n<p>\u201eAnul Nou \u00eencepea, la Rom\u00e2ni, cu toamna. A\u0219a cum ziua liturgic\u0103 \u00eencepea cu seara. Repet de mii de ori ceea ce a spus marele g\u00e2nditor \u0219i martir cre\u0219tin Mircea Vulc\u0103nescu (1904-1952): \u201eRom\u00e2nia a avut o cultur\u0103, [18]48 a rupt-o\u201d.<br \/>\nAstfel c\u0103 s-a uitat \u0219i c\u0103 ziua \u00eencepe cu sear\u0103 \u2013 \u0219i primul ceas al unei zile este acela al Vecerniei \u2013 dar \u0219i c\u0103 anul \u00eencepe cu toamna.<\/p>\n<p>Ridicolul Plugu\u0219orului, mutat \u00een miezul iernii, nu mir\u0103 pe nimeni. Combina\u021bia \u00eentre pornirea plugu\u0219orului \u0219i iarna grea, om\u0103tul mare este trecut\u0103 cu vederea. De parc\u0103 brazda de sub plug s-ar trage \u00een miezul iernii pe undeva prin aceast\u0103 lume! De fapt erau ar\u0103turile de toamn\u0103, iar \u00een aceast\u0103 privin\u021b\u0103 este o vorb\u0103 veche: cea mai proast\u0103 ar\u0103tur\u0103 de toamn\u0103 este mai bun\u0103 dec\u00e2t cea mai bun\u0103 ar\u0103tur\u0103 de prim\u0103var\u0103. \u0218i Rom\u00e2nii nu f\u0103ceau ar\u0103turi de prim\u0103var\u0103 dec\u00e2t \u00een cazul unor catastrofe naturale ce distrugeau tot ceea ce ar fi trebuit s\u0103 fie recolta prim\u0103verii.<\/p>\n<p>Iar\u0103\u0219i, s\u0103-\u021bi \u00eenchipui c\u0103 se fac ar\u0103turi \u00een ianuarie \u00eenseamn\u0103 s\u0103 te fi \u00eenstr\u0103inat cu totul de lucrarea p\u0103m\u00e2ntului. Desigur, a\u0219a cum la orice oper\u0103 literar\u0103 popular\u0103 se adaug\u0103 p\u0103r\u021bi noi odat\u0103 cu schimbarea lumii, mutarea Anului Nou, deci \u0219i a Plugu\u0219orului (ini\u021bial obicei de toamn\u0103) a dus la ad\u0103ugarea unor versuri adaptate\u2026<br \/>\nTrec\u00e2nd peste aceste am\u0103nunte, ne \u00eentoarcem la faptul c\u0103 1 Septembrie este Anul Nou Rom\u00e2nesc dup\u0103 o tradi\u021bie str\u0103veche, av\u00e2nd r\u0103d\u0103cini de mii de ani.<\/p>\n<p>\u00cen cancelariile \u021a\u0103rilor Rom\u00e2ne tot 1 septembrie era data de \u00eenceput a anului, a\u0219a cum era \u00een toate Bisericile ortodoxe, \u00een toat\u0103 Ortodoxia. Din secolul al XVIII-lea, \u00een vremea cumplit\u0103 a domniilor fanariote, tradi\u021biile romane\u0219ti \u0219i tot ce este ortodox \u00een general devin \u201ede nedorit\u201d, \u201e\u00eenapoiere\u201d, \u201eprimitivism\u201d etc. \u00cen aceast\u0103 vreme se face \u0219i trecerea la Anul Nou pe 1 ianuarie, de Sf\u00e2ntul Vasile cel Mare.<\/p>\n<p>\u00cen China exist\u0103 obiceiul s\u0103 se s\u0103rb\u0103toreasc\u0103 \u0219i Anul Nou, s\u0103-i zicem civil (pe 1 Ianuarie), dar \u0219i tradi\u021bionalul An Nou Chinezesc. De dorit ar fi ca acum rom\u00e2nii s\u0103 ia exemplul \u00een\u021belept al Chinezilor \u0219i, bucur\u00e2ndu-se cu \u00eentreaga lume de 1 ianuarie, s\u0103 \u00ee\u0219i s\u0103rb\u0103toreasc\u0103 \u0219i Anul Nou Rom\u00e2nesc, pe 1 Septembrie, a\u0219a cum o f\u0103ceau Str\u0103bunii\u201d, a explicat el.<\/p>\n<div class=\"crp_related     crp-masonry\">\n<h2>\u00ceN CONTEXT<\/h2>\n<ul>\n<li><a href=\"https:\/\/r3media.ro\/calendarul-zilei-19-februarie-nasterea-lui-constantin-brancusi-academia-romana-nu-l-a-refuzat-pe-brancusi\/\" target=\"_blank\" class=\"crp_link post-14238\"><span class=\"crp_title\">Calendarul zilei 19 februarie: 150 de ani de la na\u0219terea lui Constantin Br\u00e2ncu\u0219i. Academia\u2026<\/span><\/a><\/li>\n<li><a href=\"https:\/\/r3media.ro\/calendarul-zilei-7-ianuarie-sfantul-ioan-botezatorul-craciunul-pe-calendarul-vechi\/\" target=\"_blank\" class=\"crp_link post-10400\"><span class=\"crp_title\">Calendarul zilei 7 ianuarie: Sf\u00e2ntul Ioan Botez\u0103torul. Cr\u0103ciunul pe calendarul vechi<\/span><\/a><\/li>\n<li><a href=\"https:\/\/r3media.ro\/calendarul-zilei-11-iulie-sf-mare-mc-eufimia-sf-olga-cea-intocmai-cu-apostolii-si-luminatoarea-rusiei\/\" target=\"_blank\" class=\"crp_link post-98044\"><span class=\"crp_title\">Calendarul zilei 11 iulie: Sf. Mare Mc. Eufimia; Sf. Olga, cea \u00eentocmai cu Apostolii \u0219i\u2026<\/span><\/a><\/li>\n<li><a href=\"https:\/\/r3media.ro\/calendarul-zilei-25-septembrie-nasterea-mariei-tanase-probabil-cea-mai-mare-voce-a-muzicii-romanesti\/\" target=\"_blank\" class=\"crp_link post-54931\"><span class=\"crp_title\">Calendarul zilei 25 septembrie: 112 ani de la na\u0219terea Mariei T\u0103nase, probabil cea mai mare\u2026<\/span><\/a><\/li>\n<li><a href=\"https:\/\/r3media.ro\/calendarul-zilei-16-septembrie-sf-mare-mucenita-eufimia\/\" target=\"_blank\" class=\"crp_link post-54317\"><span class=\"crp_title\">Calendarul zilei 16 septembrie: Sf. Cuv. M\u0103rturisitor Sofian de la M\u0103n\u0103stirea Antim; Sf.\u2026<\/span><\/a><\/li>\n<li><a href=\"https:\/\/r3media.ro\/calendarul-zilei-4-aprilie-1944-cea-mai-neagra-zi-a-capitalei-2942-de-bucuresteni-ucisi-de-bombardamentele-americane-aviatorii-care-au-adus-moartea-au-monumente-romanii\/\" target=\"_blank\" class=\"crp_link post-17571\"><span class=\"crp_title\">Calendarul zilei | 4 aprilie 1944, cea mai neagr\u0103 zi a Capitalei: 2942 de bucure\u0219teni uci\u0219i\u2026<\/span><\/a><\/li>\n<li><a href=\"https:\/\/r3media.ro\/15-iunie-1889-moartea-lui-mihai-eminescu\/\" target=\"_blank\" class=\"crp_link post-22475\"><span class=\"crp_title\">Calendarul zilei | 15 iunie 1889: Moartea lui Mihai Eminescu. Misterul mor\u021bii marelui poet\u2026<\/span><\/a><\/li>\n<li><a href=\"https:\/\/r3media.ro\/3-august-iraclie-basarabia-sfintii-isaachie-dalmat-si-faust\/\" target=\"_blank\" class=\"crp_link post-78476\"><span class=\"crp_title\">Calendarul zilei 3 august: Sf.Iraclie din Basarabia. Sfin\u021bii Isaachie, Dalmat \u0219i Faust<\/span><\/a><\/li>\n<\/ul>\n<\/div>\n<\/div>\n<\/div>\n<div class=\"td_block_wrap tdb_single_tags tdi_21 td-pb-border-top td_block_template_1\" data-td-block-uid=\"tdi_21\">\n<div class=\"tdb-block-inner td-fix-index\">\n<ul class=\"tdb-tags\">\n<li><span>SUBIECTE FIERBIN\u021aI<\/span><\/li>\n<li><a href=\"https:\/\/r3media.ro\/tag\/calendar-ortodox\/\">calendar ortodox<\/a><\/li>\n<li><a href=\"https:\/\/r3media.ro\/tag\/calendarul-zilei\/\">calendarul zilei<\/a><\/li>\n<li><a href=\"https:\/\/r3media.ro\/tag\/calendarul-zilei-1-septembrie\/\">calendarul zilei 1 septembrie<\/a><\/li>\n<li><a href=\"https:\/\/r3media.ro\/tag\/inceputul-anului-bisericesc\/\">inceputul anului bisericesc<\/a><\/li>\n<\/ul>\n<\/div>\n<\/div>\n<div class=\"td_block_wrap td_block_9 tdi_22 td_with_ajax_pagination td-pb-border-top td_block_template_1 td-column-2 td_block_padding td_block_bot_line\" data-td-block-uid=\"tdi_22\">\n<div class=\"td-block-title-wrap\">\n<h4 class=\"block-title td-block-title\"><span class=\"td-pulldown-size\">CITE\u0218TE MAI MULT<\/span><\/h4>\n<\/div>\n<div id=\"tdi_22\" class=\"td_block_inner\">\n<div class=\"td-block-row\">\n<div class=\"td-block-span6\">\n<div class=\"td_module_8 td_module_wrap\">\n<div class=\"item-details\">\n<h3 class=\"entry-title td-module-title\"><a href=\"https:\/\/r3media.ro\/america-implicare-capete-razboiul-din-iugoslavia\/\" rel=\"bookmark\" title=\"Cum a jucat America la toate capetele r\u0103zboiului din fosta Iugoslavie\">Cum a jucat America la toate capetele r\u0103zboiului din fosta Iugoslavie<\/a><\/h3>\n<div class=\"td-module-meta-info\"><a href=\"https:\/\/r3media.ro\/category\/actualitate\/\" class=\"td-post-category\">ACTUALITATE<\/a><span class=\"td-post-author-name\"><a href=\"https:\/\/r3media.ro\/author\/radu_ursan\/\">Radu Ursan<\/a><span>&#8211;<\/span><\/span><span class=\"td-post-date\"><time class=\"entry-date updated td-module-date\" datetime=\"2026-08-26T19:58:22+03:00\">26\/08\/2026<\/time><\/span><\/div>\n<\/div>\n<\/div>\n<\/div>\n<div class=\"td-block-span6\">\n<div class=\"td_module_8 td_module_wrap\">\n<div class=\"item-details\">\n<h3 class=\"entry-title td-module-title\"><a href=\"https:\/\/r3media.ro\/jurnalista-liliana-ruse-digi24-cancer-tratament-povara-financiara\/\" rel=\"bookmark\" title=\"Jurnalista Liliana Ruse de la Digi24 se lupt\u0103 cu o form\u0103 de cancer \u0219i \u00ee\u0219i procur\u0103 singur\u0103 tratamentul: Nu mi se pare normal s\u0103 mai suport o asemenea povar\u0103 financiar\u0103\">Jurnalista Liliana Ruse de la Digi24 se lupt\u0103 cu o form\u0103 de cancer \u0219i&#8230;<\/a><\/h3>\n<div class=\"td-module-meta-info\"><a href=\"https:\/\/r3media.ro\/category\/actualitate\/\" class=\"td-post-category\">ACTUALITATE<\/a><span class=\"td-post-author-name\"><a href=\"https:\/\/r3media.ro\/author\/oana\/\">Oana Ivan<\/a><span>&#8211;<\/span><\/span><span class=\"td-post-date\"><time class=\"entry-date updated td-module-date\" datetime=\"2026-08-26T11:35:58+03:00\">26\/08\/2026<\/time><\/span><\/div>\n<\/div>\n<\/div>\n<\/div>\n<\/div>\n<div class=\"td-block-row\">\n<div class=\"td-block-span6\">\n<div class=\"td_module_8 td_module_wrap\">\n<div class=\"item-details\">\n<h3 class=\"entry-title td-module-title\"><a href=\"https:\/\/r3media.ro\/asociatia-parakletos-ong-banci-franci-elvetieni\/\" rel=\"bookmark\" title=\"Asocia\u021bia Parakletos a disp\u0103rut, oficial. ONG-ul a fost distrus de procesul contra b\u0103ncilor care oferiser\u0103 credite \u00een franci elve\u021bieni\">Asocia\u021bia Parakletos a disp\u0103rut, oficial. ONG-ul a fost distrus de procesul contra b\u0103ncilor care&#8230;<\/a><\/h3>\n<div class=\"td-module-meta-info\"><a href=\"https:\/\/r3media.ro\/category\/actualitate\/\" class=\"td-post-category\">ACTUALITATE<\/a><span class=\"td-post-author-name\"><a href=\"https:\/\/r3media.ro\/author\/redactia\/\">Redac\u021bia<\/a><span>&#8211;<\/span><\/span><span class=\"td-post-date\"><time class=\"entry-date updated td-module-date\" datetime=\"2026-08-24T11:50:15+03:00\">24\/08\/2026<\/time><\/span><\/div>\n<\/div>\n<\/div>\n<\/div>\n<div class=\"td-block-span6\">\n<div class=\"td_module_8 td_module_wrap\">\n<div class=\"item-details\">\n<h3 class=\"entry-title td-module-title\"><a href=\"https:\/\/r3media.ro\/drona-aeriana-incarcata-explozibil-ajunsa-plaja-tuzla-ucraineana\/\" rel=\"bookmark\" title=\"VIDEO | O dron\u0103 aerian\u0103 \u00eenc\u0103rcat\u0103 cu explozibil \u0219i ajuns\u0103 pe plaja Tuzla s-a dovedit a fi ucrainean\u0103\">VIDEO | O dron\u0103 aerian\u0103 \u00eenc\u0103rcat\u0103 cu explozibil \u0219i ajuns\u0103 pe plaja Tuzla s-a&#8230;<\/a><\/h3>\n<div class=\"td-module-meta-info\"><a href=\"https:\/\/r3media.ro\/category\/actualitate\/\" class=\"td-post-category\">ACTUALITATE<\/a><span class=\"td-post-author-name\"><a href=\"https:\/\/r3media.ro\/author\/oana\/\">Oana Ivan<\/a><span>&#8211;<\/span><\/span><span class=\"td-post-date\"><time class=\"entry-date updated td-module-date\" datetime=\"2026-08-22T21:13:17+03:00\">22\/08\/2026<\/time><\/span><\/div>\n<\/div>\n<\/div>\n<\/div>\n<\/div>\n<div class=\"td-block-row\">\n<div class=\"td-block-span6\">\n<div class=\"td_module_8 td_module_wrap\">\n<div class=\"item-details\">\n<h3 class=\"entry-title td-module-title\"><a href=\"https:\/\/r3media.ro\/stapanul-ineleor-inelele-puterii-producator-patrick-mckay-public\/\" rel=\"bookmark\" title=\"St\u0103p\u00e2nul Inelelor: Inelele Puterii. Produc\u0103torul Patrick McKay: Nu cred c\u0103 publicul este cu adev\u0103rat preg\u0103tit pentru ceea ce urmeaz\u0103 de data aceasta\">St\u0103p\u00e2nul Inelelor: Inelele Puterii. Produc\u0103torul Patrick McKay: Nu cred c\u0103 publicul este cu adev\u0103rat&#8230;<\/a><\/h3>\n<div class=\"td-module-meta-info\"><a href=\"https:\/\/r3media.ro\/category\/actualitate\/\" class=\"td-post-category\">ACTUALITATE<\/a><span class=\"td-post-author-name\"><a href=\"https:\/\/r3media.ro\/author\/oana\/\">Oana Ivan<\/a><span>&#8211;<\/span><\/span><span class=\"td-post-date\"><time class=\"entry-date updated td-module-date\" datetime=\"2026-08-21T23:24:20+03:00\">21\/08\/2026<\/time><\/span><\/div>\n<\/div>\n<\/div>\n<\/div>\n<div class=\"td-block-span6\">\n<div class=\"td_module_8 td_module_wrap\">\n<div class=\"item-details\">\n<h3 class=\"entry-title td-module-title\"><a href=\"https:\/\/r3media.ro\/ultimul-climat\/\" rel=\"bookmark\" title=\"Ultimul climat\u00a0\u00a0\u00a0\u00a0\u00a0\">Ultimul climat\u00a0\u00a0\u00a0\u00a0\u00a0<\/a><\/h3>\n<div class=\"td-module-meta-info\"><a href=\"https:\/\/r3media.ro\/category\/opinii\/\" class=\"td-post-category\">OPINII<\/a><span class=\"td-post-author-name\"><a href=\"https:\/\/r3media.ro\/author\/tru\/\">TRU (Traian Ungureanu)<\/a><span>&#8211;<\/span><\/span><span class=\"td-post-date\"><time class=\"entry-date updated td-module-date\" datetime=\"2026-08-20T19:12:13+03:00\">20\/08\/2026<\/time><\/span><\/div>\n<\/div>\n<\/div>\n<\/div>\n<\/div>\n<div class=\"td-block-row\">\n<div class=\"td-block-span6\">\n<div class=\"td_module_8 td_module_wrap\">\n<div class=\"item-details\">\n<h3 class=\"entry-title td-module-title\"><a href=\"https:\/\/r3media.ro\/presedintele-serbiei-razboiul-din-ucraina\/\" rel=\"bookmark\" title=\"Pre\u0219edintele Serbiei nu crede c\u0103 r\u0103zboiul din Ucraina se termin\u0103 cur\u00e2nd: Cred c\u0103 ne afl\u0103m la \u00eenceputul unui r\u0103zboi mult, mult mai mare\">Pre\u0219edintele Serbiei nu crede c\u0103 r\u0103zboiul din Ucraina se termin\u0103 cur\u00e2nd: Cred c\u0103 ne&#8230;<\/a><\/h3>\n<div class=\"td-module-meta-info\"><a href=\"https:\/\/r3media.ro\/category\/actualitate\/\" class=\"td-post-category\">ACTUALITATE<\/a><span class=\"td-post-author-name\"><a href=\"https:\/\/r3media.ro\/author\/teodor_stan\/\">Teodor Stan<\/a><span>&#8211;<\/span><\/span><span class=\"td-post-date\"><time class=\"entry-date updated td-module-date\" datetime=\"2026-08-10T12:22:44+03:00\">10\/08\/2026<\/time><\/span><\/div>\n<\/div>\n<\/div>\n<\/div>\n<div class=\"td-block-span6\">\n<div class=\"td_module_8 td_module_wrap\">\n<div class=\"item-details\">\n<h3 class=\"entry-title td-module-title\"><a href=\"https:\/\/r3media.ro\/fara-apa-fara-curent-fara-viitor-cum-au-sacrificat-pro-europenii-romania-pe-altarul-ecologiei-ieftine\/\" rel=\"bookmark\" title=\"F\u0103r\u0103 ap\u0103, f\u0103r\u0103 curent, f\u0103r\u0103 viitor: cum au sacrificat pro-europenii Rom\u00e2nia pe altarul ecologiei ieftine\">F\u0103r\u0103 ap\u0103, f\u0103r\u0103 curent, f\u0103r\u0103 viitor: cum au sacrificat pro-europenii Rom\u00e2nia pe altarul ecologiei&#8230;<\/a><\/h3>\n<div class=\"td-module-meta-info\"><a href=\"https:\/\/r3media.ro\/category\/actualitate\/\" class=\"td-post-category\">ACTUALITATE<\/a><span class=\"td-post-author-name\"><a href=\"https:\/\/r3media.ro\/author\/paul_lazar\/\">Paul-Daniel Laz\u0103r<\/a><span>&#8211;<\/span><\/span><span class=\"td-post-date\"><time class=\"entry-date updated td-module-date\" datetime=\"2026-08-08T22:30:54+03:00\">08\/08\/2026<\/time><\/span><\/div>\n<\/div>\n<\/div>\n<\/div>\n<\/div>\n<div class=\"td-block-row\">\n<div class=\"td-block-span6\">\n<div class=\"td_module_8 td_module_wrap\">\n<div class=\"item-details\">\n<h3 class=\"entry-title td-module-title\"><a href=\"https:\/\/r3media.ro\/show-iluzie-si-realitate-de-la-the-truman-show-la-son-of-a-rich\/\" rel=\"bookmark\" title=\"Show, iluzie \u0219i realitate: de la The Truman Show la Son of a Rich\">Show, iluzie \u0219i realitate: de la The Truman Show la Son of a Rich<\/a><\/h3>\n<div class=\"td-module-meta-info\"><a href=\"https:\/\/r3media.ro\/category\/actualitate\/\" class=\"td-post-category\">ACTUALITATE<\/a><span class=\"td-post-author-name\"><a href=\"https:\/\/r3media.ro\/author\/costi_balasoiu\/\">Constantin B\u0103l\u0103\u0219oiu<\/a><span>&#8211;<\/span><\/span><span class=\"td-post-date\"><time class=\"entry-date updated td-module-date\" datetime=\"2026-08-08T15:30:25+03:00\">08\/08\/2026<\/time><\/span><\/div>\n<\/div>\n<\/div>\n<\/div>\n<div class=\"td-block-span6\">\n<div class=\"td_module_8 td_module_wrap\">\n<div class=\"item-details\">\n<h3 class=\"entry-title td-module-title\"><a href=\"https:\/\/r3media.ro\/fani-stapanul-inelelor-surpriza-sezonul-3-sauron\/\" rel=\"bookmark\" title=\"Fanii \u201eSt\u0103p\u00e2nul Inelelor\u201c ar putea avea o surpriz\u0103 \u00een sezonul 3 din serialul \u201eInelele Puterii\u201c. Sauron se va confrunta cu o creatur\u0103 de temut\">Fanii \u201eSt\u0103p\u00e2nul Inelelor\u201c ar putea avea o surpriz\u0103 \u00een sezonul 3 din serialul \u201eInelele&#8230;<\/a><\/h3>\n<div class=\"td-module-meta-info\"><a href=\"https:\/\/r3media.ro\/category\/actualitate\/\" class=\"td-post-category\">ACTUALITATE<\/a><span class=\"td-post-author-name\"><a href=\"https:\/\/r3media.ro\/author\/oana\/\">Oana Ivan<\/a><span>&#8211;<\/span><\/span><span class=\"td-post-date\"><time class=\"entry-date updated td-module-date\" datetime=\"2026-08-08T00:19:31+03:00\">08\/08\/2026<\/time><\/span><\/div>\n<\/div>\n<\/div>\n<\/div>\n<\/div>\n<div class=\"td-block-row\">\n<div class=\"td-block-span6\">\n<div class=\"td_module_8 td_module_wrap\">\n<div class=\"item-details\">\n<h3 class=\"entry-title td-module-title\"><a href=\"https:\/\/r3media.ro\/david-popovici-fair-play-sportivi-rusi-competitii\/\" rel=\"bookmark\" title=\"David Popovici, fair-play la revenirea sportivilor ru\u0219i \u00een competi\u021bii: Le urez succes, sper s\u0103 fiu mai bun dec\u00e2t ei\">David Popovici, fair-play la revenirea sportivilor ru\u0219i \u00een competi\u021bii: Le urez succes, sper s\u0103&#8230;<\/a><\/h3>\n<div class=\"td-module-meta-info\"><a href=\"https:\/\/r3media.ro\/category\/actualitate\/\" class=\"td-post-category\">ACTUALITATE<\/a><span class=\"td-post-author-name\"><a href=\"https:\/\/r3media.ro\/author\/redactia\/\">Redac\u021bia<\/a><span>&#8211;<\/span><\/span><span class=\"td-post-date\"><time class=\"entry-date updated td-module-date\" datetime=\"2026-08-07T15:07:51+03:00\">07\/08\/2026<\/time><\/span><\/div>\n<\/div>\n<\/div>\n<\/div>\n<div class=\"td-block-span6\">\n<div class=\"td_module_8 td_module_wrap\">\n<div class=\"item-details\">\n<h3 class=\"entry-title td-module-title\"><a href=\"https:\/\/r3media.ro\/kia-recheama-service-prima-generatie-masini-electrice-e-niro-risc-incendiu\/\" rel=\"bookmark\" title=\"Kia recheam\u0103 \u00een service prima genera\u021bie de ma\u0219ini electrice e-Niro din cauza riscului de incendiu\">Kia recheam\u0103 \u00een service prima genera\u021bie de ma\u0219ini electrice e-Niro din cauza riscului de&#8230;<\/a><\/h3>\n<div class=\"td-module-meta-info\"><a href=\"https:\/\/r3media.ro\/category\/actualitate\/\" class=\"td-post-category\">ACTUALITATE<\/a><span class=\"td-post-author-name\"><a href=\"https:\/\/r3media.ro\/author\/oana\/\">Oana Ivan<\/a><span>&#8211;<\/span><\/span><span class=\"td-post-date\"><time class=\"entry-date updated td-module-date\" datetime=\"2026-08-06T17:07:42+03:00\">06\/08\/2026<\/time><\/span><\/div>\n<\/div>\n<\/div>\n<\/div>\n<\/div>\n<\/div>\n<div class=\"td-load-more-wrap td-load-more-infinite-wrap\" id=\"infinite-lm-tdi_22\"><a href=\"https:\/\/r3media.ro\/1-septembrie-inceputul-noului-an-bisericesc-si-prima-zi-in-noul-an-traditional-romanesc\/\" class=\"td_ajax_load_more td_ajax_load_more_js\" aria-label=\"\u00cenc\u0103rca\u021bi mai multe\" id=\"next-page-tdi_22\" data-td_block_id=\"tdi_22\">\u00cenc\u0103rca\u021bi mai multe<\/a><\/div>\n<\/div>\n<div class=\"td_block_wrap tdb_single_comments tdi_23 tdb-comm-layout2 td-pb-border-top td_block_template_1\" data-td-block-uid=\"tdi_23\">\n<div class=\"tdb-block-inner td-fix-index\">\n<div class=\"comments\" id=\"comments\">\n<div class=\"td-comments-title-wrap td_block_template_1\">\n<h4 class=\"td-comments-title block-title\"><span>1 COMENTARIU<\/span><\/h4>\n<\/div>\n<ol class=\"comment-list\">\n<li class=\"comment \" id=\"comment-8811\">\n<article>\n<footer><cite><a href=\"https:\/\/scrieridebine.wordpress.com\/\" class=\"url\" rel=\"ugc external nofollow\">Gabriel<\/a><\/cite><a class=\"comment-link\" href=\"https:\/\/r3media.ro\/1-septembrie-inceputul-noului-an-bisericesc-si-prima-zi-in-noul-an-traditional-romanesc\/#comment-8811\"><time><br \/>\n01\/09\/2021\t\t\t\t\t\t    La\t\t\t\t\t\t    15:28<\/time><\/a><\/footer>\n<div class=\"comment-content\">\n<p>Doamne ajut\u0103! Mai ata\u0219ez c\u00e2teva cuvinte despre \u00cenceputul Anului Nou Bisericesc:<\/p>\n<p><a href=\"https:\/\/scrieridebine.wordpress.com\/2021\/08\/31\/1-septembrie-inceputul-anului-nou-bisericesc\/\" rel=\"nofollow ugc\">https:\/\/scrieridebine.wordpress.com\/2021\/08\/31\/1-septembrie-inceputul-anului-nou-bisericesc\/<\/a><\/p>\n<\/div>\n<div class=\"comment-meta\" id=\"comment-8811\"><a rel=\"nofollow\" class=\"comment-reply-link\" href=\"https:\/\/r3media.ro\/1-septembrie-inceputul-noului-an-bisericesc-si-prima-zi-in-noul-an-traditional-romanesc\/#comment-8811\" data-commentid=\"8811\" data-postid=\"27187\" data-belowelement=\"comment-8811\" data-respondelement=\"respond\" data-replyto=\"R\u0103spunde-i lui Gabriel\" aria-label=\"R\u0103spunde-i lui Gabriel\">R\u0103spund<\/a><\/div>\n<\/article>\n<\/li>\n<\/ol>\n<div id=\"respond\" class=\"comment-respond\">\n<h3 id=\"reply-title\" class=\"comment-reply-title\">AI CEVA DE SPUS? <small><a rel=\"nofollow\" id=\"cancel-comment-reply-link\" href=\"https:\/\/r3media.ro\/1-septembrie-inceputul-noului-an-bisericesc-si-prima-zi-in-noul-an-traditional-romanesc\/#respond\">Renun\u021ba\u021bi la r\u0103spuns<\/a><\/small><\/h3>\n<div class=\"comment-form-input-wrap td-form-comment\">\n<div class=\"td-warning-comment\">V\u0103 rug\u0103m s\u0103 introduce\u021bi comentariul dvs.!<\/div>\n<\/div>\n<div class=\"comment-form-input-wrap td-form-author\">\n<div class=\"td-warning-author\">Introduce\u021bi aici numele dvs.<\/div>\n<\/div>\n<div class=\"comment-form-input-wrap td-form-email\">\n<div class=\"td-warning-email-error\">A\u021bi introdus o adres\u0103 de e-mail incorect\u0103!<\/div>\n<div class=\"td-warning-email\">V\u0103 rug\u0103m s\u0103 introduce\u021bi adresa dvs. de e-mail aici<\/div>\n<\/div>\n<\/div>\n<\/div>\n<\/div>\n<\/div>\n<\/div>\n<\/div>\n<div class=\"vc_column tdi_25  wpb_column vc_column_container tdc-column td-pb-span4 td-is-sticky\">\n<div class=\"wpb_wrapper\" data-sticky-enabled-on=\"W3RydWUsdHJ1ZSx0cnVlLHRydWVd\" data-sticky-offset=\"20\" data-sticky-is-width-auto=\"W2ZhbHNlLGZhbHNlLGZhbHNlLGZhbHNlXQ==\">\n<div class=\"wpb_wrapper td_block_wrap vc_widget_sidebar tdi_27 \">\n<div class=\"td_block_wrap td_block_7 td_block_widget tdi_28 td-pb-border-top td_block_template_1 td-column-1 td_block_padding\" data-td-block-uid=\"tdi_28\">\n<div class=\"td-block-title-wrap\">\n<h4 class=\"block-title td-block-title\"><span class=\"td-pulldown-size\">Articole RELA\u021aIONATE<\/span><\/h4>\n<\/div>\n<div id=\"tdi_28\" class=\"td_block_inner\">\n<div class=\"td-block-span12\">\n<div class=\"td_module_6 td_module_wrap td-animation-stack\">\n<div class=\"td-module-thumb\"><a href=\"https:\/\/r3media.ro\/radu-georgescu-scadere-puternica-bursa-de-valori-bucuresti-bvb\/\" rel=\"bookmark\" class=\"td-image-wrap \" title=\"Radu Georgescu trage linie dup\u0103 o sc\u0103dere puternic\u0103 pe Bursa de Valori Bucure\u0219ti (BVB): S\u0103 fie economie\"><img loading=\"lazy\" decoding=\"async\" class=\"entry-thumb\" src=\"https:\/\/r3media.ro\/wp-content\/uploads\/2025\/08\/radu-georgescu-100x70.png\" alt title=\"Radu Georgescu trage linie dup\u0103 o sc\u0103dere puternic\u0103 pe Bursa de Valori Bucure\u0219ti (BVB): S\u0103 fie economie\" width=\"100\" height=\"70\"><\/a><\/div>\n<div class=\"item-details\">\n<h3 class=\"entry-title td-module-title\"><a href=\"https:\/\/r3media.ro\/radu-georgescu-scadere-puternica-bursa-de-valori-bucuresti-bvb\/\" rel=\"bookmark\" title=\"Radu Georgescu trage linie dup\u0103 o sc\u0103dere puternic\u0103 pe Bursa de Valori Bucure\u0219ti (BVB): S\u0103 fie economie\">Radu Georgescu trage linie dup\u0103 o sc\u0103dere puternic\u0103 pe Bursa de&#8230;<\/a><\/h3>\n<div class=\"td-module-meta-info\"><span class=\"td-post-date\"><time class=\"entry-date updated td-module-date\" datetime=\"2026-08-31T21:22:43+03:00\">31\/08\/2026<\/time><\/span><\/div>\n<\/div>\n<\/div>\n<\/div>\n<div class=\"td-block-span12\">\n<div class=\"td_module_6 td_module_wrap td-animation-stack\">\n<div class=\"td-module-thumb\"><a href=\"https:\/\/r3media.ro\/pilota-din-lana-merinos-sau-pilota-4-anotimpuri-ce-alegi-pentru-un-somn-perfect-in-orice-sezon\/\" rel=\"bookmark\" class=\"td-image-wrap \" title=\"Pilot\u0103 din l\u00e2n\u0103 merinos sau pilot\u0103 4 anotimpuri: ce alegi pentru un somn perfect \u00een orice sezon\"><img loading=\"lazy\" decoding=\"async\" class=\"entry-thumb\" src=\"https:\/\/r3media.ro\/wp-content\/uploads\/2026\/08\/pilot_din_ln_merinos_sau_pilot_4_anotimpuri_ce_alegi_pentru_un_somn_perfect_n_orice_sezon-100x70.jpg\" alt title=\"Pilot\u0103 din l\u00e2n\u0103 merinos sau pilot\u0103 4 anotimpuri: ce alegi pentru un somn perfect \u00een orice sezon\" width=\"100\" height=\"70\"><\/a><\/div>\n<div class=\"item-details\">\n<h3 class=\"entry-title td-module-title\"><a href=\"https:\/\/r3media.ro\/pilota-din-lana-merinos-sau-pilota-4-anotimpuri-ce-alegi-pentru-un-somn-perfect-in-orice-sezon\/\" rel=\"bookmark\" title=\"Pilot\u0103 din l\u00e2n\u0103 merinos sau pilot\u0103 4 anotimpuri: ce alegi pentru un somn perfect \u00een orice sezon\">Pilot\u0103 din l\u00e2n\u0103 merinos sau pilot\u0103 4 anotimpuri: ce alegi pentru&#8230;<\/a><\/h3>\n<div class=\"td-module-meta-info\"><span class=\"td-post-date\"><time class=\"entry-date updated td-module-date\" datetime=\"2026-08-31T19:14:48+03:00\">31\/08\/2026<\/time><\/span><\/div>\n<\/div>\n<\/div>\n<\/div>\n<div class=\"td-block-span12\">\n<div class=\"td_module_6 td_module_wrap td-animation-stack\">\n<div class=\"td-module-thumb\"><a href=\"https:\/\/r3media.ro\/lionel-messi-retragere-argentina\/\" rel=\"bookmark\" class=\"td-image-wrap \" title=\"Final de er\u0103: Lionel Messi s-a retras de la na\u021bionala Argentinei\"><img loading=\"lazy\" decoding=\"async\" class=\"entry-thumb\" src=\"https:\/\/r3media.ro\/wp-content\/uploads\/2026\/08\/lionel-messi-saruta-cupa-mondiala-100x70.png\" alt title=\"Final de er\u0103: Lionel Messi s-a retras de la na\u021bionala Argentinei\" width=\"100\" height=\"70\"><\/a><\/div>\n<div class=\"item-details\">\n<h3 class=\"entry-title td-module-title\"><a href=\"https:\/\/r3media.ro\/lionel-messi-retragere-argentina\/\" rel=\"bookmark\" title=\"Final de er\u0103: Lionel Messi s-a retras de la na\u021bionala Argentinei\">Final de er\u0103: Lionel Messi s-a retras de la na\u021bionala Argentinei<\/a><\/h3>\n<div class=\"td-module-meta-info\"><span class=\"td-post-date\"><time class=\"entry-date updated td-module-date\" datetime=\"2026-08-31T19:03:59+03:00\">31\/08\/2026<\/time><\/span><\/div>\n<\/div>\n<\/div>\n<\/div>\n<div class=\"td-block-span12\">\n<div class=\"td_module_6 td_module_wrap td-animation-stack\">\n<div class=\"td-module-thumb\"><a href=\"https:\/\/r3media.ro\/clotilde-armand-condamnata-inchisoare-amanata-supraveghere\/\" rel=\"bookmark\" class=\"td-image-wrap \" title=\"Clotilde Armand a fost condamnat\u0103 la un an de \u00eenchisoare. Pedeapsa, am\u00e2nat\u0103 pentru un termen de supraveghere de 2 ani\"><img loading=\"lazy\" decoding=\"async\" class=\"entry-thumb\" src=\"https:\/\/r3media.ro\/wp-content\/uploads\/2020\/10\/clotilde-armand-blocat-jurnalista-100x70.jpg\" alt title=\"Clotilde Armand a fost condamnat\u0103 la un an de \u00eenchisoare. Pedeapsa, am\u00e2nat\u0103 pentru un termen de supraveghere de 2 ani\" width=\"100\" height=\"70\"><\/a><\/div>\n<div class=\"item-details\">\n<h3 class=\"entry-title td-module-title\"><a href=\"https:\/\/r3media.ro\/clotilde-armand-condamnata-inchisoare-amanata-supraveghere\/\" rel=\"bookmark\" title=\"Clotilde Armand a fost condamnat\u0103 la un an de \u00eenchisoare. Pedeapsa, am\u00e2nat\u0103 pentru un termen de supraveghere de 2 ani\">Clotilde Armand a fost condamnat\u0103 la un an de \u00eenchisoare. Pedeapsa,&#8230;<\/a><\/h3>\n<div class=\"td-module-meta-info\"><span class=\"td-post-date\"><time class=\"entry-date updated td-module-date\" datetime=\"2026-08-31T18:03:22+03:00\">31\/08\/2026<\/time><\/span><\/div>\n<\/div>\n<\/div>\n<\/div>\n<div class=\"td-block-span12\">\n<div class=\"td_module_6 td_module_wrap td-animation-stack\">\n<div class=\"td-module-thumb\"><a href=\"https:\/\/r3media.ro\/nemti-parasire-germania-afd-putere\/\" rel=\"bookmark\" class=\"td-image-wrap \" title=\"22% dintre nem\u021bi spun c\u0103 vor p\u0103r\u0103si \u021bara dac\u0103 AfD ajunge la putere\"><img loading=\"lazy\" decoding=\"async\" class=\"entry-thumb\" src=\"https:\/\/r3media.ro\/wp-content\/uploads\/2026\/08\/protest-anti-afd-germania-100x70.jpg\" alt title=\"22% dintre nem\u021bi spun c\u0103 vor p\u0103r\u0103si \u021bara dac\u0103 AfD ajunge la putere\" width=\"100\" height=\"70\"><\/a><\/div>\n<div class=\"item-details\">\n<h3 class=\"entry-title td-module-title\"><a href=\"https:\/\/r3media.ro\/nemti-parasire-germania-afd-putere\/\" rel=\"bookmark\" title=\"22% dintre nem\u021bi spun c\u0103 vor p\u0103r\u0103si \u021bara dac\u0103 AfD ajunge la putere\">22% dintre nem\u021bi spun c\u0103 vor p\u0103r\u0103si \u021bara dac\u0103 AfD ajunge&#8230;<\/a><\/h3>\n<div class=\"td-module-meta-info\"><span class=\"td-post-date\"><time class=\"entry-date updated td-module-date\" datetime=\"2026-08-31T17:49:35+03:00\">31\/08\/2026<\/time><\/span><\/div>\n<\/div>\n<\/div>\n<\/div>\n<div class=\"td-block-span12\">\n<div class=\"td_module_6 td_module_wrap td-animation-stack\">\n<div class=\"td-module-thumb\"><a href=\"https:\/\/r3media.ro\/aur-si-record-mondial-romania-81-feminin-canotaj\/\" rel=\"bookmark\" class=\"td-image-wrap \" title=\"AUR \u0219i record mondial pentru Rom\u00e2nia prin echipajul de 8+1 feminin la Campionatele Mondiale de Canotaj\"><img loading=\"lazy\" decoding=\"async\" class=\"entry-thumb\" src=\"https:\/\/r3media.ro\/wp-content\/uploads\/2026\/08\/canotaj-8-1-foto-fr-canotaj-balint-czucz-100x70.jpg\" alt title=\"AUR \u0219i record mondial pentru Rom\u00e2nia prin echipajul de 8+1 feminin la Campionatele Mondiale de Canotaj\" width=\"100\" height=\"70\"><\/a><\/div>\n<div class=\"item-details\">\n<h3 class=\"entry-title td-module-title\"><a href=\"https:\/\/r3media.ro\/aur-si-record-mondial-romania-81-feminin-canotaj\/\" rel=\"bookmark\" title=\"AUR \u0219i record mondial pentru Rom\u00e2nia prin echipajul de 8+1 feminin la Campionatele Mondiale de Canotaj\">AUR \u0219i record mondial pentru Rom\u00e2nia prin echipajul de 8+1 feminin&#8230;<\/a><\/h3>\n<div class=\"td-module-meta-info\"><span class=\"td-post-date\"><time class=\"entry-date updated td-module-date\" datetime=\"2026-08-31T09:48:46+03:00\">31\/08\/2026<\/time><\/span><\/div>\n<\/div>\n<\/div>\n<\/div>\n<div class=\"td-block-span12\">\n<div class=\"td_module_6 td_module_wrap td-animation-stack\">\n<div class=\"td-module-thumb\"><a href=\"https:\/\/r3media.ro\/parteneriatul-strategic-sua\/\" rel=\"bookmark\" class=\"td-image-wrap \" title=\"Parteneriatul strategic cu SUA: alia\u021bi nu subordona\u021bi\"><img loading=\"lazy\" decoding=\"async\" class=\"entry-thumb\" src=\"https:\/\/r3media.ro\/wp-content\/uploads\/2026\/08\/nicusor-dan-congresmani-100x70.jpg\" alt title=\"Parteneriatul strategic cu SUA: alia\u021bi nu subordona\u021bi\" width=\"100\" height=\"70\"><\/a><\/div>\n<div class=\"item-details\">\n<h3 class=\"entry-title td-module-title\"><a href=\"https:\/\/r3media.ro\/parteneriatul-strategic-sua\/\" rel=\"bookmark\" title=\"Parteneriatul strategic cu SUA: alia\u021bi nu subordona\u021bi\">Parteneriatul strategic cu SUA: alia\u021bi nu subordona\u021bi<\/a><\/h3>\n<div class=\"td-module-meta-info\"><span class=\"td-post-date\"><time class=\"entry-date updated td-module-date\" datetime=\"2026-08-31T08:50:56+03:00\">31\/08\/2026<\/time><\/span><\/div>\n<\/div>\n<\/div>\n<\/div>\n<\/div>\n<\/div>\n<aside class=\"td_block_template_1 widget widget_recent_comments\">\n<h4 class=\"block-title\"><span>INTR\u0102 \u00ceN DISCU\u021aIE!<\/span><\/h4>\n<ul id=\"recentcomments\">\n<li class=\"recentcomments\"><span class=\"comment-author-link\">Nelu<\/span> la <a href=\"https:\/\/r3media.ro\/nemti-parasire-germania-afd-putere\/#comment-40446\">22% dintre nem\u021bi spun c\u0103 vor p\u0103r\u0103si \u021bara dac\u0103 AfD ajunge la putere<\/a><\/li>\n<li class=\"recentcomments\"><span class=\"comment-author-link\">Nicu<\/span> la <a href=\"https:\/\/r3media.ro\/parteneriatul-strategic-sua\/#comment-40445\">Parteneriatul strategic cu SUA: alia\u021bi nu subordona\u021bi<\/a><\/li>\n<li class=\"recentcomments\"><span class=\"comment-author-link\">Drago\u0219<\/span> la <a href=\"https:\/\/r3media.ro\/george-simion-mesaj-votanti-nicusor-dan-pahontu\/#comment-40444\">VIDEO | George Simion, mesaj pentru votan\u021bii lui Nicu\u0219or Dan: Pahon\u021bu era securist de mult. Trezi\u021bi-v\u0103, nu suntem noi du\u0219manii vo\u0219tri!<\/a><\/li>\n<li class=\"recentcomments\"><span class=\"comment-author-link\">Marcu<\/span> la <a href=\"https:\/\/r3media.ro\/film-nou-stapanul-inelelor-corect-politic-regizor-andy-serkis-diversitate-tolkien-mitologie-nordica\/#comment-40442\">Noul film \u201eSt\u0103p\u00e2nul Inelelor\u201d nu va fi corect politic. Regizorul Andy Serkis: J.R.R. Tolkien a fost influen\u021bat de mitologia nordic\u0103. Nu vrem o distribu\u021bie de dragul de a bifa c\u0103su\u021be<\/a><\/li>\n<li class=\"recentcomments\"><span class=\"comment-author-link\">Nelu<\/span> la <a href=\"https:\/\/r3media.ro\/actor-alex-bogdan-nicusor-dan-video\/#comment-40441\">VIDEO | Actorul Alex Bogdan: \u00cemi e sc\u00e2rb\u0103 c\u0103 mi-am pus la b\u0103taie reputa\u021bia, familia \u0219i energia pentru Nicu\u0219or Dan. Pentru ce? Dac\u0103-l v\u0103d vreodat\u0103 \u00een fa\u021ba mea, \u00eel scuip!<\/a><\/li>\n<li class=\"recentcomments\"><span class=\"comment-author-link\">alin<\/span> la <a href=\"https:\/\/r3media.ro\/clasare-dosar-neurochirurg-stefan-mindea\/#comment-40440\">Clasare definitiv\u0103 \u00een dosarul neurochirurgului dr. Stefan Mindea: acuza\u021biile s-au dovedit ne\u00eentemeiate<\/a><\/li>\n<li class=\"recentcomments\"><span class=\"comment-author-link\">Mihaela D\u00e2ru<\/span> la <a href=\"https:\/\/r3media.ro\/tema-frumusetii-in-alba-ca-zapada-si-cenusareasa\/#comment-40439\">Tema frumuse\u021bii \u00een Alb\u0103 ca Z\u0103pada \u0219i Cenu\u0219\u0103reasa<\/a><\/li>\n<\/ul>\n<\/aside>\n<aside class=\"td_block_template_1 widget widget_search\">\n<h4 class=\"block-title\"><span>CAUT\u0102 \u0218I VEI G\u0102SI<\/span><\/h4>\n<\/aside>\n<\/div>\n<\/div>\n<\/div>\n<\/div>\n<\/div>\n<\/div>\n<\/div>\n<p><span class=\"td-page-meta\"><\/span><span class=\"td-page-meta\"><span class=\"td-page-meta\"><\/span><\/span><span class=\"td-page-meta\"><\/span><\/article>\n<\/p>\n<div class=\"td_block_wrap tdb_single_content tdi_20 td-pb-border-top td_block_template_1 td-post-content tagdiv-type\" data-td-block-uid=\"tdi_20\">\n<div class=\"tdb-block-inner td-fix-index\">\n<p><strong><em>Anul bisericesc<\/em>\u00a0\u00eencepe la 1 septembrie, c\u00e2nd \u00eencepea\u00a0<em>Indictionul<\/em>\u00a0(1) \u00een Imperiul Bizantin. \u0219i se \u00eencheie la 31 august. Dup\u0103 tradi\u021bia iudaic\u0103, \u00een aceast\u0103 zi Dumnezeu a \u00eenceput lucrarea de creare a lumii \u0219i M\u00e2ntuitorul a \u00eenceput activitatea sa de prop\u0103v\u0103duire a Evangheliei.<\/strong><\/p>\n<p><em>Anul bisericesc<\/em>\u00a0nu este identic cu\u00a0<em>anul liturgic<\/em>. Spre deosebire de anul bisericesc, anul liturgic \u00eencepe \u00een ziua de\u00a0Pa\u0219ti.<\/p>\n<p>\u00cenceputul\u00a0<em>Anului Nou bisericesc<\/em>\u00a0a fost instituit \u00een urma hot\u0103r\u00e2rii celor 318 Sfin\u021bi P\u0103rin\u021bi participan\u021bi la\u00a0<em>Sinodul I Ecumenic de la Niceea<\/em>, din anul 325. Ei au stabilit s\u0103 se s\u0103rb\u0103toreasc\u0103 data de 1 septembrie ca un \u00eenceput al m\u00e2ntuirii cre\u0219tinilor, \u00een amintirea intr\u0103rii lui Hristos \u00een mijlocul adun\u0103rii evreilor vestind tuturor anul binepl\u0103cut Domnului.<\/p>\n<div class=\"youtube-embed\" data-video_id=\"K0HNue3yOBY\"><\/div>\n<h4><strong>\u271d \u00cenceputul anului bisericesc (1 septembrie)<\/strong><\/h4>\n<p>Data de 1 septembrie, ca \u00eenceput al anului bisericesc, a fost \u00eemprumutat\u0103 de la evrei, care \u00eencepeau atunci anul civil, numit \u015fi Indictionul, a\u015fa cum apare men\u0163ionat \u015fi \u00een Sinaxarul din Minei, \u00een ziua de 1 septembrie. Cultul cre\u015ftin, av\u00e2nd un caracter mixt, iudeo-cre\u015ftin, \u015fi-a \u00eensu\u015fit \u00een r\u00e2nduiala sa cadrele exterioare ale Legii Vechi, despre care \u00censu\u015fi M\u00e2ntuitorul Hristos zicea: \u201eN-am venit s\u0103 stric, ci s\u0103 \u00eemplinesc\u201c (Matei 5, 17), adic\u0103 s\u0103 des\u0103v\u00e2r\u015feasc\u0103 Legea dat\u0103 prin Moise poporului ales. Dup\u0103 cum afl\u0103m din textul Sinaxarului din Minei, Indictionul era cunoscut \u015fi la romani, care \u00eencepeau noul an de la aceast\u0103 dat\u0103 (Mineiul pe Septembrie, p. 22).<\/p>\n<p>Un al doilea motiv pentru care ziua de 1 septembrie a fost a\u015fezat\u0103 ca zi a \u00eenceputului de an bisericesc este tradi\u0163ia potrivit c\u0103reia, \u00een aceast\u0103 zi, M\u00e2ntuitorul Iisus Hristos \u015ei-a \u00eenceput activitatea Sa public\u0103, intr\u00e2nd \u00een sinagog\u0103 \u015fi citind cuvintele prorocului Isaia, care profe\u0163eau despre Persoana Sa dumnezeiasc\u0103: \u201eDuhul Domnului este peste Mine, pentru c\u0103 M-a uns ca s\u0103 binevestesc s\u0103racilor; M-a trimis s\u0103 vindec pe cei zdrobi\u0163i cu inima; s\u0103 propov\u0103duiesc robilor dezrobirea \u015fi celor orbi vederea; s\u0103 slobozesc pe cei ap\u0103sa\u0163i. \u015ei s\u0103 vestesc anul pl\u0103cut Domnului\u201c (Isaia 61, 1-2 \u015fi Luca 4, 18-19). Apoi d\u00e2nd cartea slujitorului sinagogii \u0219i \u0219ez\u00e2nd a zis: \u201cAst\u0103zi s-a \u00eemplinit Scriptura aceasta \u00een urechile voastre\u201c.<\/p>\n<p>\u00cen fine, al treilea motiv pentru care ziua de 1 septembrie este socotit\u0103 ca ziua de \u00eenceput a anului bisericesc este tradi\u0163ia mo\u015ftenit\u0103 din Legea Veche, potrivit c\u0103reia \u00een aceast\u0103 zi a lunii septembrie a \u00eenceput crea\u0163ia lumii.<\/p>\n<p>Imnografia zilei din Minei se refer\u0103, pe l\u00e2ng\u0103 pr\u0103znuirea sfin\u0163ilor zilei, \u015fi la momentul noului \u00eenceput de an:<\/p>\n<p>\u201eSosit-a intrarea anului, care ne cheam\u0103 s\u0103 cinstim pe cei ce o lumineaz\u0103 pe ea\u201c, \u015fi cere de la Hristos: \u201e\u2026 Doamne, binecuv\u00e2nteaz\u0103 lucrurile m\u00e2inilor Tale \u015fi ne \u00eenvrednice\u015fte pe noi, cu folos a trece crugul anului\u201c (Mineiul pe Septembrie, p. 11).<\/p>\n<p>\u00cen acela\u0219i sens, rug\u0103ciunea liturgic\u0103 de mijlocire adaug\u0103:<\/p>\n<p>\u201eHristoase, Dumnezeul nostru, Cel ce \u00eentru \u00een\u0163elepciune toate le-ai zidit \u015fi din nefiin\u0163\u0103 \u00eentru fiin\u0163\u0103 le-ai adus, binecuv\u00e2nteaz\u0103 cununa anului \u015fi cetatea noastr\u0103 p\u0103ze\u015fte-o nev\u0103t\u0103mat\u0103. \u015ei pe credincio\u015fii no\u015ftri c\u00e2rmuitori cu puterea Ta \u00eei vesele\u015fte, biruin\u0163\u0103 d\u00e2ndu-le asupra potrivnicilor. Pentru N\u0103sc\u0103toarea de Dumnezeu, d\u0103ruie\u015fte lumii mare mil\u0103\u201c (Mineiul pe Septembrie, p. 11);<\/p>\n<p>\u201eTu, \u00cemp\u0103rate, Cel ce e\u015fti pururea \u015fi petreci \u00een vecii cei f\u0103r\u0103 de sf\u00e2r\u015fit, prime\u015fte rug\u0103ciunea p\u0103c\u0103to\u015filor care cerem m\u00e2ntuire. \u015ei d\u0103, Iubitorule de oameni, p\u0103m\u00e2ntului t\u0103u bun\u0103 rodire, bine \u00eentocmite v\u0103zduhuri d\u0103ruind; binecredincio\u015filor cre\u015ftini ajut\u0103-le asupra celor f\u0103r\u0103 de lege\u2026 Ci d\u0103ruie\u015fte-ne biruin\u0163\u0103, Hristoase Dumnezeule\u2026\u201c (Mineiul pe Septembrie, p. 12).<\/p>\n<p>Iar \u00een Troparul Indicitionului, auzim doxologindu-se astfel:<\/p>\n<p>\u201eA toat\u0103 f\u0103ptura Ziditorule, Cel ce timpurile \u015fi anii ai pus \u00eentru puterea Ta, binecuv\u00e2nteaz\u0103 cununa anului bun\u0103t\u0103\u0163ii Tale, Doamne, p\u0103zind \u00een pace poporul \u015fi \u0163ara aceasta, pentru rug\u0103ciunile N\u0103sc\u0103toarei de Dumnezeu \u015fi ne m\u00e2ntuie\u015fte pe noi\u201c (Mineiul pe Septembrie, p. 12).<\/p>\n<p>(1) Termenul de indiction (lat. indictio, gr. indiktion) denume\u0219te o perioad\u0103 de timp (de un num\u0103r de ani diferit la diferite epoci \u0219i locuri), folosit ini\u021bial spre sf\u00e2r\u0219itul secolului al III-lea d.Hr. pentru a data ciclurile de impozite agricole \u0219i funciare din Egiptul roman sau legate de perioada plata soldei solda\u021bilor (indictiones). C\u0103tre sf\u00e2r\u0219itul secolului al V-lea, folosirea indictionului se r\u0103sp\u00e2ndise \u00een toat\u0103 Mediterana. Folosirea sa pe scar\u0103 larg\u0103 la acea vreme se reflect\u0103 \u00eenc\u0103 \u00een calendarul Bisericii.<\/p>\n<p>(2) Etimologic, cuv\u00e2ntul triod provine din grecescul triodion \u03c4\u03c1\u03b9\u03ce\u03b4\u03b9\u03bf\u03bd, format din cuvintele tria (\u03c4\u03c1\u03b9\u03b1), trei, \u0219i odi (\u03ce\u03b4\u03ae), od\u0103, adic\u0103 c\u00e2ntare \u00een trei ode\/ strofe. Practic, \u00een via\u021ba liturgic\u0103, Triodul are dou\u0103 sensuri:<\/p>\n<p>Triodul este una dintre cele trei mari perioade ale anului liturgic. Numit\u0103 \u0219i perioada prepascal\u0103, Triodul precede perioada Penticostarului (opt s\u0103pt\u0103m\u00e2ni de la Pa\u0219ti) \u0219i urmeaz\u0103 perioadei celei mai lungi, Octoihul. Timpul Triodului \u021bine de la Duminica Vame\u0219ului \u0219i Fariseului \u0219i p\u00e2n\u0103 \u00een S\u00e2mb\u0103ta Mare (\u00eenainte de Pa\u0219ti), \u00een total 10 s\u0103pt\u0103m\u00e2ni care ne preg\u0103tesc \u0219i ne provoac\u0103 la o sincer\u0103 cercetare de sine \u0219i la un serios demers al \u00eentregii noastre fiin\u021be pentru \u00eent\u00e2lnirea \u0219i vie\u021buirea cu \u0219i \u00een Hristos cel r\u0103stignit \u0219i \u00eenviat.<\/p>\n<p>(3) Penticostarul este:<\/p>\n<p>\u2013 O perioad\u0103 liturgic\u0103 din anul bisericesc care \u00eencepe din ziua Pa\u0219tilor \u0219i \u021bine p\u00e2n\u0103 \u00een Duminica Tuturor Sfin\u021bilor.<\/p>\n<p>\u2013 O carte liturgic\u0103 ce cuprinde c\u00e2nt\u0103rile din cele 8 s\u0103pt\u0103m\u00e2ni, citite la slujbe \u00een aceast\u0103 perioad\u0103. Ea a fost alc\u0103tuit\u0103 de Sf\u00e2ntul Iosif Studitul, Arhiepiscopul Tesalonicului.<\/p>\n<p>Numele Penticostarului, de la grecescul Pentikostarion \u03c0\u03b5\u03bd\u03c4\u03b7\u03ba\u03bf\u03c3\u03c4\u03b1\u03c1\u03b9\u03bf\u03bd, i se trage tocmai de la perioada de cincizeci de zile ale c\u0103rei c\u00e2nt\u0103ri le cuprinde, numit\u0103 Cincizecime (gr. \u201cpenticosti\u201d, \u03c0\u03b5\u03bd\u03c4\u03b7\u03ba\u03bf\u03c3\u03c4\u03ae). El con\u021bine \u201ec\u00e2nt\u0103rile de veselie ale \u00cenvierii lui Hristos \u00een care se v\u0103de\u0219te pretutindenea bucuria cea mare a cre\u0219tinului\u201d.<br \/>\ncititi mai mult pe ro.orthodoxwiki.org<\/p>\n<p>(4) Octoihul (din grecescul \u03bf\u03ba\u03c4\u03bf\u03b7\u03c7\u03bf\u03c2) este:<\/p>\n<p>\u2013 Perioada liturgic\u0103 cea mai lung\u0103 din anul bisericesc, care dureaz\u0103 din lunea de dup\u0103 Duminica Tuturor Sfin\u021bilor \u0219i p\u00e2n\u0103 \u00een Duminica Vame\u0219ului \u0219i Fariseului. Octoihul are ca s\u0103rb\u0103toare central\u0103 Na\u0219terea Domnului urmat\u0103 de Boboteaz\u0103 \u0219i re\u00eennoie\u0219te, prin slujbele Bisericii, activitatea profetic\u0103, didactic\u0103 \u0219i \u00eenv\u0103\u021b\u0103toreasc\u0103 a M\u00e2ntuitorului nostru Iisus Hristos, \u00een care El a dat lumii \u00eenv\u0103\u021b\u0103tura dumnezeiasc\u0103 a Evangheliei Sale. La Sf\u00e2nta Liturghie, lecturile vor fi \u00een majoritatea din Evangheliile dup\u0103 Matei \u0219i Luca.<\/p>\n<p>\u2013 Cartea care va conduce slujbele din aceast\u0103 perioad\u0103 liturgic\u0103. Se nume\u0219te octoih pentru c\u0103 este structurat\u0103 pe opt glasuri. Octoihul Mare este cartea utilizat\u0103 pentru toate zilele s\u0103pt\u0103m\u00e2nii, iar Octoihul Mic cuprinde c\u00e2nt\u0103rile duminicilor.<\/p>\n<h4><strong>1 septembrie, noul an \u00een tradi\u021bia rom\u00e2neasc\u0103 popular\u0103<\/strong><\/h4>\n<p>P\u0103rintele Mihai-Andrei Aldea, etnolog, a explicat de ce \u00een vechime rom\u00e2nii s\u0103rb\u0103toreau Anul Nou pe 1 septembrie.<\/p>\n<p>\u201eAnul Nou \u00eencepea, la Rom\u00e2ni, cu toamna. A\u0219a cum ziua liturgic\u0103 \u00eencepea cu seara. Repet de mii de ori ceea ce a spus marele g\u00e2nditor \u0219i martir cre\u0219tin Mircea Vulc\u0103nescu (1904-1952): \u201eRom\u00e2nia a avut o cultur\u0103, [18]48 a rupt-o\u201d.<br \/>\nAstfel c\u0103 s-a uitat \u0219i c\u0103 ziua \u00eencepe cu sear\u0103 \u2013 \u0219i primul ceas al unei zile este acela al Vecerniei \u2013 dar \u0219i c\u0103 anul \u00eencepe cu toamna.<\/p>\n<p>Ridicolul Plugu\u0219orului, mutat \u00een miezul iernii, nu mir\u0103 pe nimeni. Combina\u021bia \u00eentre pornirea plugu\u0219orului \u0219i iarna grea, om\u0103tul mare este trecut\u0103 cu vederea. De parc\u0103 brazda de sub plug s-ar trage \u00een miezul iernii pe undeva prin aceast\u0103 lume! De fapt erau ar\u0103turile de toamn\u0103, iar \u00een aceast\u0103 privin\u021b\u0103 este o vorb\u0103 veche: cea mai proast\u0103 ar\u0103tur\u0103 de toamn\u0103 este mai bun\u0103 dec\u00e2t cea mai bun\u0103 ar\u0103tur\u0103 de prim\u0103var\u0103. \u0218i Rom\u00e2nii nu f\u0103ceau ar\u0103turi de prim\u0103var\u0103 dec\u00e2t \u00een cazul unor catastrofe naturale ce distrugeau tot ceea ce ar fi trebuit s\u0103 fie recolta prim\u0103verii.<\/p>\n<p>Iar\u0103\u0219i, s\u0103-\u021bi \u00eenchipui c\u0103 se fac ar\u0103turi \u00een ianuarie \u00eenseamn\u0103 s\u0103 te fi \u00eenstr\u0103inat cu totul de lucrarea p\u0103m\u00e2ntului. Desigur, a\u0219a cum la orice oper\u0103 literar\u0103 popular\u0103 se adaug\u0103 p\u0103r\u021bi noi odat\u0103 cu schimbarea lumii, mutarea Anului Nou, deci \u0219i a Plugu\u0219orului (ini\u021bial obicei de toamn\u0103) a dus la ad\u0103ugarea unor versuri adaptate\u2026<br \/>\nTrec\u00e2nd peste aceste am\u0103nunte, ne \u00eentoarcem la faptul c\u0103 1 Septembrie este Anul Nou Rom\u00e2nesc dup\u0103 o tradi\u021bie str\u0103veche, av\u00e2nd r\u0103d\u0103cini de mii de ani.<\/p>\n<p>\u00cen cancelariile \u021a\u0103rilor Rom\u00e2ne tot 1 septembrie era data de \u00eenceput a anului, a\u0219a cum era \u00een toate Bisericile ortodoxe, \u00een toat\u0103 Ortodoxia. Din secolul al XVIII-lea, \u00een vremea cumplit\u0103 a domniilor fanariote, tradi\u021biile romane\u0219ti \u0219i tot ce este ortodox \u00een general devin \u201ede nedorit\u201d, \u201e\u00eenapoiere\u201d, \u201eprimitivism\u201d etc. \u00cen aceast\u0103 vreme se face \u0219i trecerea la Anul Nou pe 1 ianuarie, de Sf\u00e2ntul Vasile cel Mare.<\/p>\n<p>\u00cen China exist\u0103 obiceiul s\u0103 se s\u0103rb\u0103toreasc\u0103 \u0219i Anul Nou, s\u0103-i zicem civil (pe 1 Ianuarie), dar \u0219i tradi\u021bionalul An Nou Chinezesc. De dorit ar fi ca acum rom\u00e2nii s\u0103 ia exemplul \u00een\u021belept al Chinezilor \u0219i, bucur\u00e2ndu-se cu \u00eentreaga lume de 1 ianuarie, s\u0103 \u00ee\u0219i s\u0103rb\u0103toreasc\u0103 \u0219i Anul Nou Rom\u00e2nesc, pe 1 Septembrie, a\u0219a cum o f\u0103ceau Str\u0103bunii\u201d, a explicat el.<\/p>\n<div class=\"crp_related     crp-masonry\">\n<h2>\u00ceN CONTEXT<\/h2>\n<ul>\n<li><a href=\"https:\/\/r3media.ro\/calendarul-zilei-19-februarie-nasterea-lui-constantin-brancusi-academia-romana-nu-l-a-refuzat-pe-brancusi\/\" target=\"_blank\" class=\"crp_link post-14238\"><span class=\"crp_title\">Calendarul zilei 19 februarie: 150 de ani de la na\u0219terea lui Constantin Br\u00e2ncu\u0219i. Academia\u2026<\/span><\/a><\/li>\n<li><a href=\"https:\/\/r3media.ro\/calendarul-zilei-7-ianuarie-sfantul-ioan-botezatorul-craciunul-pe-calendarul-vechi\/\" target=\"_blank\" class=\"crp_link post-10400\"><span class=\"crp_title\">Calendarul zilei 7 ianuarie: Sf\u00e2ntul Ioan Botez\u0103torul. Cr\u0103ciunul pe calendarul vechi<\/span><\/a><\/li>\n<li><a href=\"https:\/\/r3media.ro\/calendarul-zilei-11-iulie-sf-mare-mc-eufimia-sf-olga-cea-intocmai-cu-apostolii-si-luminatoarea-rusiei\/\" target=\"_blank\" class=\"crp_link post-98044\"><span class=\"crp_title\">Calendarul zilei 11 iulie: Sf. Mare Mc. Eufimia; Sf. Olga, cea \u00eentocmai cu Apostolii \u0219i\u2026<\/span><\/a><\/li>\n<li><a href=\"https:\/\/r3media.ro\/calendarul-zilei-25-septembrie-nasterea-mariei-tanase-probabil-cea-mai-mare-voce-a-muzicii-romanesti\/\" target=\"_blank\" class=\"crp_link post-54931\"><span class=\"crp_title\">Calendarul zilei 25 septembrie: 112 ani de la na\u0219terea Mariei T\u0103nase, probabil cea mai mare\u2026<\/span><\/a><\/li>\n<li><a href=\"https:\/\/r3media.ro\/calendarul-zilei-16-septembrie-sf-mare-mucenita-eufimia\/\" target=\"_blank\" class=\"crp_link post-54317\"><span class=\"crp_title\">Calendarul zilei 16 septembrie: Sf. Cuv. M\u0103rturisitor Sofian de la M\u0103n\u0103stirea Antim; Sf.\u2026<\/span><\/a><\/li>\n<li><a href=\"https:\/\/r3media.ro\/calendarul-zilei-4-aprilie-1944-cea-mai-neagra-zi-a-capitalei-2942-de-bucuresteni-ucisi-de-bombardamentele-americane-aviatorii-care-au-adus-moartea-au-monumente-romanii\/\" target=\"_blank\" class=\"crp_link post-17571\"><span class=\"crp_title\">Calendarul zilei | 4 aprilie 1944, cea mai neagr\u0103 zi a Capitalei: 2942 de bucure\u0219teni uci\u0219i\u2026<\/span><\/a><\/li>\n<li><a href=\"https:\/\/r3media.ro\/15-iunie-1889-moartea-lui-mihai-eminescu\/\" target=\"_blank\" class=\"crp_link post-22475\"><span class=\"crp_title\">Calendarul zilei | 15 iunie 1889: Moartea lui Mihai Eminescu. Misterul mor\u021bii marelui poet\u2026<\/span><\/a><\/li>\n<li><a href=\"https:\/\/r3media.ro\/3-august-iraclie-basarabia-sfintii-isaachie-dalmat-si-faust\/\" target=\"_blank\" class=\"crp_link post-78476\"><span class=\"crp_title\">Calendarul zilei 3 august: Sf.Iraclie din Basarabia. Sfin\u021bii Isaachie, Dalmat \u0219i Faust<\/span><\/a><\/li>\n<\/ul>\n<\/div>\n<\/div>\n<\/div>\n<p>[analyse_source url=&#8221;https:\/\/r3media.ro\/1-septembrie-inceputul-noului-an-bisericesc-si-prima-zi-in-noul-an-traditional-romanesc\/&#8221;]<\/p>\n","protected":false},"excerpt":{"rendered":"<p>[analyse_image type=&#8221;featured&#8221; src=&#8221;https:\/\/r3media.ro\/wp-content\/uploads\/2021\/09\/1-septembrie-noul-an-bisericesc.jpghttps:\/\/r3media.ro\/wp-content\/uploads\/2021\/09\/1-septembrie-noul-an-bisericesc.jpg&#8221;] PRIM PLANCalendarul zilei: 1 septembrie, \u00eenceputul noului an bisericesc \u0219i prima zi \u00een&#8230; PRIM PLAN\u0218TIRI Calendarul zilei: 1 septembrie, \u00eenceputul noului an bisericesc \u0219i prima zi \u00een noul an tradi\u021bional rom\u00e2nesc Redac\u021bia 31\/08\/2026 Ad\u0103uga\u021bi R3media la sursele preferate din Google Anul bisericesc\u00a0\u00eencepe la 1 septembrie, c\u00e2nd \u00eencepea\u00a0Indictionul\u00a0(1) \u00een Imperiul Bizantin. \u0219i se [&hellip;]<\/p>\n","protected":false},"author":1,"featured_media":0,"comment_status":"open","ping_status":"","sticky":false,"template":"","format":"standard","meta":{"footnotes":""},"categories":[89],"tags":[226,93],"class_list":["post-2120984","post","type-post","status-publish","format-standard","hentry","category-romania","tag-crawlmanager","tag-r3media-ro"],"_links":{"self":[{"href":"https:\/\/analyse.optim.biz\/index.php?rest_route=\/wp\/v2\/posts\/2120984","targetHints":{"allow":["GET"]}}],"collection":[{"href":"https:\/\/analyse.optim.biz\/index.php?rest_route=\/wp\/v2\/posts"}],"about":[{"href":"https:\/\/analyse.optim.biz\/index.php?rest_route=\/wp\/v2\/types\/post"}],"author":[{"embeddable":true,"href":"https:\/\/analyse.optim.biz\/index.php?rest_route=\/wp\/v2\/users\/1"}],"replies":[{"embeddable":true,"href":"https:\/\/analyse.optim.biz\/index.php?rest_route=%2Fwp%2Fv2%2Fcomments&post=2120984"}],"version-history":[{"count":0,"href":"https:\/\/analyse.optim.biz\/index.php?rest_route=\/wp\/v2\/posts\/2120984\/revisions"}],"wp:attachment":[{"href":"https:\/\/analyse.optim.biz\/index.php?rest_route=%2Fwp%2Fv2%2Fmedia&parent=2120984"}],"wp:term":[{"taxonomy":"category","embeddable":true,"href":"https:\/\/analyse.optim.biz\/index.php?rest_route=%2Fwp%2Fv2%2Fcategories&post=2120984"},{"taxonomy":"post_tag","embeddable":true,"href":"https:\/\/analyse.optim.biz\/index.php?rest_route=%2Fwp%2Fv2%2Ftags&post=2120984"}],"curies":[{"name":"wp","href":"https:\/\/api.w.org\/{rel}","templated":true}]}}