{"id":2120980,"date":"2026-08-31T18:22:43","date_gmt":"2026-08-31T15:22:43","guid":{"rendered":"https:\/\/analyse.optim.biz\/?p=2120980"},"modified":"2026-08-31T18:22:43","modified_gmt":"2026-08-31T15:22:43","slug":"radu-georgescu-trage-linie-dupa-o-scadere-puternica-pe-bursa-de-valori-bucuresti-bvb-sa-fie-economie","status":"publish","type":"post","link":"https:\/\/analyse.optim.biz\/?p=2120980","title":{"rendered":"Radu Georgescu trage linie dup\u0103 o sc\u0103dere puternic\u0103 pe Bursa de Valori Bucure\u0219ti (BVB): S\u0103 fie economie"},"content":{"rendered":"<p>[analyse_image type=&#8221;featured&#8221; src=&#8221;https:\/\/r3media.ro\/wp-content\/uploads\/2025\/08\/radu-georgescu.pnghttps:\/\/r3media.ro\/wp-content\/uploads\/2025\/08\/radu-georgescu.png&#8221;]<\/p>\n<article id=\"template-id-109\" class=\"post-109 tdb_templates type-tdb_templates status-publish post\">\n<div id=\"tdi_2\" class=\"tdc-zone\">\n<div class=\"tdc_zone tdi_3  wpb_row td-pb-row\">\n<div id=\"tdi_4\" class=\"tdc-row\">\n<div class=\"vc_row tdi_5  wpb_row td-pb-row\">\n<div class=\"vc_column tdi_7  wpb_column vc_column_container tdc-column td-pb-span8\">\n<div class=\"wpb_wrapper\">\n<div class=\"td_block_wrap tdb_breadcrumbs tdi_8 td-pb-border-top td_block_template_1 tdb-breadcrumbs \" data-td-block-uid=\"tdi_8\">\n<div class=\"tdb-block-inner td-fix-index\"><span><a title=\"Vede\u021bi toate articolele \u00een ECONOMIE\" class=\"tdb-entry-crumb\" href=\"https:\/\/r3media.ro\/category\/economie\/\">ECONOMIE<\/a><\/span><span class=\"tdb-bred-no-url-last\">Radu Georgescu trage linie dup\u0103 o sc\u0103dere puternic\u0103 pe Bursa de Valori&#8230;<\/span><\/div>\n<\/div>\n<div class=\"td_block_wrap tdb_single_categories tdi_9 td-pb-border-top td_block_template_1 \" data-td-block-uid=\"tdi_9\">\n<div class=\"tdb-category td-fix-index\"><a class=\"tdb-entry-category\" href=\"https:\/\/r3media.ro\/category\/economie\/\">ECONOMIE<\/a><a class=\"tdb-entry-category\" href=\"https:\/\/r3media.ro\/category\/featured\/\">FEATURED<\/a><a class=\"tdb-entry-category\" href=\"https:\/\/r3media.ro\/category\/stiri\/\">\u0218TIRI<\/a><\/div>\n<\/div>\n<div class=\"td_block_wrap tdb_title tdi_10 tdb-single-title td-pb-border-top td_block_template_1\" data-td-block-uid=\"tdi_10\">\n<div class=\"tdb-block-inner td-fix-index\">\n<h1 class=\"tdb-title-text\">Radu Georgescu trage linie dup\u0103 o sc\u0103dere puternic\u0103 pe Bursa de Valori Bucure\u0219ti (BVB): S\u0103 fie economie<\/h1>\n<\/div>\n<\/div>\n<div class=\"vc_row_inner tdi_12  vc_row vc_inner wpb_row td-pb-row\">\n<div class=\"vc_column_inner tdi_14  wpb_column vc_column_container tdc-inner-column td-pb-span12\">\n<div class=\"vc_column-inner\">\n<div class=\"wpb_wrapper\">\n<div class=\"td_block_wrap tdb_single_author tdi_15 td-pb-border-top td_block_template_1 tdb-post-meta\" data-td-block-uid=\"tdi_15\">\n<div class=\"tdb-block-inner td-fix-index\">\n<div class=\"tdb-author-name-wrap\"><a class=\"tdb-author-name\" href=\"https:\/\/r3media.ro\/author\/oana\/\">Oana Ivan<\/a><\/div>\n<\/div>\n<\/div>\n<div class=\"td_block_wrap tdb_single_date tdi_16 td-pb-border-top td_block_template_1 tdb-post-meta\" data-td-block-uid=\"tdi_16\">\n<div class=\"tdb-block-inner td-fix-index\"><time class=\"entry-date updated td-module-date\" datetime=\"2026-08-31T21:22:43+03:00\">31\/08\/2026<\/time><\/div>\n<\/div>\n<\/div>\n<\/div>\n<\/div>\n<\/div>\n<div class=\"td_block_wrap tdb_single_featured_image tdi_17 tdb-content-horiz-left td-pb-border-top td_block_template_1\" data-td-block-uid=\"tdi_17\">\n<div class=\"tdb-block-inner td-fix-index\">\n<figure><figcaption class=\"tdb-caption-text\">Surs\u0103 &#8211; Radu Georgescu<\/figcaption><\/figure>\n<\/div>\n<\/div>\n<div class=\"wpb_wrapper td_block_wrap vc_raw_html tdi_19 \">\n<div class=\"td-fix-index\"><a href=\"https:\/\/www.google.com\/preferences\/source?q=r3media.ro\" target=\"_blank\" rel=\"noopener nofollow\">Ad\u0103uga\u021bi R3media la sursele preferate din Google<\/a><\/div>\n<\/div>\n<div class=\"td_block_wrap tdb_single_content tdi_20 td-pb-border-top td_block_template_1 td-post-content tagdiv-type\" data-td-block-uid=\"tdi_20\">\n<div class=\"tdb-block-inner td-fix-index\">\n<p><strong>Bursa de Valori Bucure\u0219ti (BVB) a \u00eenregistrat o sc\u0103dere puternic\u0103 pe to\u021bi indicii \u00een ultima zi de var\u0103, mult peste sc\u0103derile pie\u021belor europene.\u00a0 Indicele BET, al celor mai lichide dou\u0103zeci de titluri ale BVB, a avut un declin de 3,61%, p\u00e2n\u0103 la 33.743 de puncte. Totodat\u0103, indicele BET-NG, al companiilor energetice \u015fi de utilit\u0103\u0163i, a cobor\u00e2t cu 3,98%, la 2.571 de puncte, potrivit <a href=\"https:\/\/www.bursa.ro\/scadere-puternica-la-bvb-indicele-bet-pierde-3-6-procente-intr-o-singura-sedinta-01170065\" target=\"_blank\" rel=\"noopener\">Ziarul Bursa<\/a>.<\/strong><\/p>\n<p>Declinul vine pe fondul unei dinamici economice slabe \u00een Rom\u00e2nia. Economia stagneaz\u0103 \u00een trimestrul 2 din 2026 fa\u021b\u0103 de primele luni ale anului. \u00cen plus, fa\u021b\u0103 de aceea\u0219i perioad\u0103 din 2025, PIB-ul a sc\u0103zut cu 0,4^ pe serie brut\u0103.<\/p>\n<p>La nivelul primului semestru, economia s-a contractat cu 0,8% fa\u0163\u0103 de aceea\u015fi perioad\u0103 a anului trecut, potrivit BNS.<\/p>\n<p>Sc\u0103derea mai coincide \u0219i cu termenul limit\u0103 pentru \u00eendeplinirea jaloanelor din PNRR. P\u00e2n\u0103 la 31 august Rom\u00e2nia trebuie s\u0103 \u00eendeplineasc\u0103 toate \u021bintele pentru ca sumele de bani s\u0103 fie virate de Comisia European\u0103.<\/p>\n<h2><strong>Radu Georgescu trage linie dup\u0103 o sc\u0103dere puternic\u0103 pe Bursa de Valori Bucure\u0219ti (BVB): S\u0103 fie economie<\/strong><\/h2>\n<p>\u00a0<\/p>\n<p>Economistul <a href=\"https:\/\/r3media.ro\/tag\/radu-georgescu\/\" target=\"_blank\" rel=\"noopener\"><strong>Radu Georgescu<\/strong><\/a> spune c\u0103 pierderile de pe burs\u0103 vin ca urmare a panicii, iar zilele urm\u0103toare ar putea fi decisive pentru pia\u021ba de capital.<\/p>\n<p>\u201eAzi, mii de oameni s-au \u00eembulzit s\u0103 ias\u0103 de la burs\u0103.<\/p>\n<p>Acum o lun\u0103 se \u00eembulzeau s\u0103 intre.<\/p>\n<p>Azi s-a ap\u0103sat pe butonul de v\u00e2nzare, la bursa din Bucure\u0219ti, de peste 25.000 de ori!<\/p>\n<p>De vreo trei ori mai mult dec\u00e2t \u00eentr-o zi normal\u0103.<\/p>\n<p>Ace\u0219tia sunt faimo\u0219ii retaileri.<\/p>\n<p>Adic\u0103 oamenii care au o aplica\u021bie \u0219i apas\u0103 pe butoane.<\/p>\n<p>Bursa a sc\u0103zut cu 3,6%<\/p>\n<p>Acum partea interesant\u0103.<\/p>\n<p>Fondurile mari ies pe u\u0219a din spate.<\/p>\n<p>De exemplu, joi s-au v\u00e2ndut, printr-o tranzac\u021bie special\u0103, ac\u021biuni ale B\u0103ncii Transilvania \u00een valoare de 73.000.000 de lei.<\/p>\n<p>Ace\u0219tia nu v\u00e2nd pe aplica\u021bie, pentru c\u0103 ar pr\u0103bu\u0219i de tot bursa.<\/p>\n<p>Acum, \u00eentrebarea de 100 de puncte.<\/p>\n<p>Ce se va \u00eent\u00e2mpla m\u00e2ine?<\/p>\n<p>Dar s\u0103pt\u0103m\u00e2na viitoare<\/p>\n<p>Vor cump\u0103ra fondurile de pensii pentru a sus\u021bine pia\u021ba \u0219i a evita pr\u0103bu\u0219irea bursei?<\/p>\n<p>Companiile \u00ee\u0219i vor r\u0103scump\u0103ra ac\u021biunile pentru a evita pr\u0103bu\u0219irea cota\u021biilor?<\/p>\n<p>\u00cen ambele cazuri, \u0219i pentru fondurile de pensii, \u0219i pentru companii, eu cred c\u0103 sunt bani ar\u0219i degeaba.<\/p>\n<p>De v\u0103zut m\u00e2ine c\u00e2\u021bi vor mai fugi de la burs\u0103.<\/p>\n<p>S\u0103 fie economie\u201c, a scris Radu Georgescu.<\/p>\n<div class=\"crp_related     crp-masonry\">\n<h2>\u00ceN CONTEXT<\/h2>\n<ul>\n<li><a href=\"https:\/\/r3media.ro\/radu-georgescu-romania-intrat-iarna-economica-masuri-guvernul-bolojan\/\" target=\"_blank\" class=\"crp_link post-115306\"><span class=\"crp_title\">Radu Georgescu: Rom\u00e2nia a intrat \u00eentr-o iarn\u0103 economic\u0103, iar m\u0103surile luate de Guvernul\u2026<\/span><\/a><\/li>\n<li><a href=\"https:\/\/r3media.ro\/economist-radu-georgescu-economia-romania\/\" target=\"_blank\" class=\"crp_link post-116121\"><span class=\"crp_title\">Economistul Radu Georgescu: Miercuri, 13 mai, vom afla dac\u0103 economia Romaniei se pr\u0103bu\u0219e\u0219te<\/span><\/a><\/li>\n<li><a href=\"https:\/\/r3media.ro\/economistul-radu-georgescu-prognoza-scadere-pret-locuinte\/\" target=\"_blank\" class=\"crp_link post-117707\"><span class=\"crp_title\">Economistul Radu Georgescu prognozeaz\u0103 o SC\u0102DERE a pre\u021burilor locuin\u021belor cu 50%<\/span><\/a><\/li>\n<li><a href=\"https:\/\/r3media.ro\/radu-georgescu-romania-cea-mai-mare-inflatie-europa\/\" target=\"_blank\" class=\"crp_link post-116522\"><span class=\"crp_title\">Radu Georgescu: Rom\u00e2nia are cea mai mare infla\u021bie din Europa, mai mare dec\u00e2t Ucraina \u0219i Rusia<\/span><\/a><\/li>\n<li><a href=\"https:\/\/r3media.ro\/cursul-leu-euro-va-exploda-radu-georgescu-bomba-cu-ceas-ticaie-rapid-romania\/\" target=\"_blank\" class=\"crp_link post-114009\"><span class=\"crp_title\">Cursul leu &#8211; euro va exploda. Radu Georgescu: Aceast\u0103 bomb\u0103 cu ceas tic\u0103ie din ce \u00een ce mai\u2026<\/span><\/a><\/li>\n<li><a href=\"https:\/\/r3media.ro\/radu-georgescu-maxim-capitalism-anii-2000-garsoniera-salarii\/\" target=\"_blank\" class=\"crp_link post-119741\"><span class=\"crp_title\">Radu Georgescu: Maximul capitalismului \u00een Rom\u00e2nia, cred eu, a fost \u00een perioada 2000\u20132008.\u2026<\/span><\/a><\/li>\n<li><a href=\"https:\/\/r3media.ro\/economistul-radu-georgescu-guvernul-bolojan-nu-mai-poate-sa-se-imprumute-intr-o-luna-romania-intra-in-incapacitate-de-plata\/\" target=\"_blank\" class=\"crp_link post-115455\"><span class=\"crp_title\">Economistul Radu Georgescu: Guvernul Bolojan nu mai poate s\u0103 se \u00eemprumute. \u00centr-o lun\u0103,\u2026<\/span><\/a><\/li>\n<li><a href=\"https:\/\/r3media.ro\/inflatia-99-august-radu-georgescu-crestere-rate-banca-utilitati-tva-31-romania\/\" target=\"_blank\" class=\"crp_link post-113011\"><span class=\"crp_title\">Infla\u021bia a ajuns la 9,9% \u00een august. Radu Georgescu: Urmeaz\u0103 cre\u0219terea ratelor la banc\u0103,\u2026<\/span><\/a><\/li>\n<\/ul>\n<\/div>\n<\/div>\n<\/div>\n<div class=\"td_block_wrap tdb_single_tags tdi_21 td-pb-border-top td_block_template_1\" data-td-block-uid=\"tdi_21\">\n<div class=\"tdb-block-inner td-fix-index\">\n<ul class=\"tdb-tags\">\n<li><span>SUBIECTE FIERBIN\u021aI<\/span><\/li>\n<li><a href=\"https:\/\/r3media.ro\/tag\/bursa-de-valori-bucuresti-bvb\/\">bursa de valori bucuresti (BVB)<\/a><\/li>\n<li><a href=\"https:\/\/r3media.ro\/tag\/radu-georgescu\/\">radu georgescu<\/a><\/li>\n<\/ul>\n<\/div>\n<\/div>\n<div class=\"td_block_wrap td_block_9 tdi_22 td_with_ajax_pagination td-pb-border-top td_block_template_1 td-column-2 td_block_padding td_block_bot_line\" data-td-block-uid=\"tdi_22\">\n<div class=\"td-block-title-wrap\">\n<h4 class=\"block-title td-block-title\"><span class=\"td-pulldown-size\">CITE\u0218TE MAI MULT<\/span><\/h4>\n<\/div>\n<div id=\"tdi_22\" class=\"td_block_inner\">\n<div class=\"td-block-row\">\n<div class=\"td-block-span6\">\n<div class=\"td_module_8 td_module_wrap\">\n<div class=\"item-details\">\n<h3 class=\"entry-title td-module-title\"><a href=\"https:\/\/r3media.ro\/america-implicare-capete-razboiul-din-iugoslavia\/\" rel=\"bookmark\" title=\"Cum a jucat America la toate capetele r\u0103zboiului din fosta Iugoslavie\">Cum a jucat America la toate capetele r\u0103zboiului din fosta Iugoslavie<\/a><\/h3>\n<div class=\"td-module-meta-info\"><a href=\"https:\/\/r3media.ro\/category\/actualitate\/\" class=\"td-post-category\">ACTUALITATE<\/a><span class=\"td-post-author-name\"><a href=\"https:\/\/r3media.ro\/author\/radu_ursan\/\">Radu Ursan<\/a><span>&#8211;<\/span><\/span><span class=\"td-post-date\"><time class=\"entry-date updated td-module-date\" datetime=\"2026-08-26T19:58:22+03:00\">26\/08\/2026<\/time><\/span><\/div>\n<\/div>\n<\/div>\n<\/div>\n<div class=\"td-block-span6\">\n<div class=\"td_module_8 td_module_wrap\">\n<div class=\"item-details\">\n<h3 class=\"entry-title td-module-title\"><a href=\"https:\/\/r3media.ro\/jurnalista-liliana-ruse-digi24-cancer-tratament-povara-financiara\/\" rel=\"bookmark\" title=\"Jurnalista Liliana Ruse de la Digi24 se lupt\u0103 cu o form\u0103 de cancer \u0219i \u00ee\u0219i procur\u0103 singur\u0103 tratamentul: Nu mi se pare normal s\u0103 mai suport o asemenea povar\u0103 financiar\u0103\">Jurnalista Liliana Ruse de la Digi24 se lupt\u0103 cu o form\u0103 de cancer \u0219i&#8230;<\/a><\/h3>\n<div class=\"td-module-meta-info\"><a href=\"https:\/\/r3media.ro\/category\/actualitate\/\" class=\"td-post-category\">ACTUALITATE<\/a><span class=\"td-post-author-name\"><a href=\"https:\/\/r3media.ro\/author\/oana\/\">Oana Ivan<\/a><span>&#8211;<\/span><\/span><span class=\"td-post-date\"><time class=\"entry-date updated td-module-date\" datetime=\"2026-08-26T11:35:58+03:00\">26\/08\/2026<\/time><\/span><\/div>\n<\/div>\n<\/div>\n<\/div>\n<\/div>\n<div class=\"td-block-row\">\n<div class=\"td-block-span6\">\n<div class=\"td_module_8 td_module_wrap\">\n<div class=\"item-details\">\n<h3 class=\"entry-title td-module-title\"><a href=\"https:\/\/r3media.ro\/asociatia-parakletos-ong-banci-franci-elvetieni\/\" rel=\"bookmark\" title=\"Asocia\u021bia Parakletos a disp\u0103rut, oficial. ONG-ul a fost distrus de procesul contra b\u0103ncilor care oferiser\u0103 credite \u00een franci elve\u021bieni\">Asocia\u021bia Parakletos a disp\u0103rut, oficial. ONG-ul a fost distrus de procesul contra b\u0103ncilor care&#8230;<\/a><\/h3>\n<div class=\"td-module-meta-info\"><a href=\"https:\/\/r3media.ro\/category\/actualitate\/\" class=\"td-post-category\">ACTUALITATE<\/a><span class=\"td-post-author-name\"><a href=\"https:\/\/r3media.ro\/author\/redactia\/\">Redac\u021bia<\/a><span>&#8211;<\/span><\/span><span class=\"td-post-date\"><time class=\"entry-date updated td-module-date\" datetime=\"2026-08-24T11:50:15+03:00\">24\/08\/2026<\/time><\/span><\/div>\n<\/div>\n<\/div>\n<\/div>\n<div class=\"td-block-span6\">\n<div class=\"td_module_8 td_module_wrap\">\n<div class=\"item-details\">\n<h3 class=\"entry-title td-module-title\"><a href=\"https:\/\/r3media.ro\/drona-aeriana-incarcata-explozibil-ajunsa-plaja-tuzla-ucraineana\/\" rel=\"bookmark\" title=\"VIDEO | O dron\u0103 aerian\u0103 \u00eenc\u0103rcat\u0103 cu explozibil \u0219i ajuns\u0103 pe plaja Tuzla s-a dovedit a fi ucrainean\u0103\">VIDEO | O dron\u0103 aerian\u0103 \u00eenc\u0103rcat\u0103 cu explozibil \u0219i ajuns\u0103 pe plaja Tuzla s-a&#8230;<\/a><\/h3>\n<div class=\"td-module-meta-info\"><a href=\"https:\/\/r3media.ro\/category\/actualitate\/\" class=\"td-post-category\">ACTUALITATE<\/a><span class=\"td-post-author-name\"><a href=\"https:\/\/r3media.ro\/author\/oana\/\">Oana Ivan<\/a><span>&#8211;<\/span><\/span><span class=\"td-post-date\"><time class=\"entry-date updated td-module-date\" datetime=\"2026-08-22T21:13:17+03:00\">22\/08\/2026<\/time><\/span><\/div>\n<\/div>\n<\/div>\n<\/div>\n<\/div>\n<div class=\"td-block-row\">\n<div class=\"td-block-span6\">\n<div class=\"td_module_8 td_module_wrap\">\n<div class=\"item-details\">\n<h3 class=\"entry-title td-module-title\"><a href=\"https:\/\/r3media.ro\/stapanul-ineleor-inelele-puterii-producator-patrick-mckay-public\/\" rel=\"bookmark\" title=\"St\u0103p\u00e2nul Inelelor: Inelele Puterii. Produc\u0103torul Patrick McKay: Nu cred c\u0103 publicul este cu adev\u0103rat preg\u0103tit pentru ceea ce urmeaz\u0103 de data aceasta\">St\u0103p\u00e2nul Inelelor: Inelele Puterii. Produc\u0103torul Patrick McKay: Nu cred c\u0103 publicul este cu adev\u0103rat&#8230;<\/a><\/h3>\n<div class=\"td-module-meta-info\"><a href=\"https:\/\/r3media.ro\/category\/actualitate\/\" class=\"td-post-category\">ACTUALITATE<\/a><span class=\"td-post-author-name\"><a href=\"https:\/\/r3media.ro\/author\/oana\/\">Oana Ivan<\/a><span>&#8211;<\/span><\/span><span class=\"td-post-date\"><time class=\"entry-date updated td-module-date\" datetime=\"2026-08-21T23:24:20+03:00\">21\/08\/2026<\/time><\/span><\/div>\n<\/div>\n<\/div>\n<\/div>\n<div class=\"td-block-span6\">\n<div class=\"td_module_8 td_module_wrap\">\n<div class=\"item-details\">\n<h3 class=\"entry-title td-module-title\"><a href=\"https:\/\/r3media.ro\/ultimul-climat\/\" rel=\"bookmark\" title=\"Ultimul climat\u00a0\u00a0\u00a0\u00a0\u00a0\">Ultimul climat\u00a0\u00a0\u00a0\u00a0\u00a0<\/a><\/h3>\n<div class=\"td-module-meta-info\"><a href=\"https:\/\/r3media.ro\/category\/opinii\/\" class=\"td-post-category\">OPINII<\/a><span class=\"td-post-author-name\"><a href=\"https:\/\/r3media.ro\/author\/tru\/\">TRU (Traian Ungureanu)<\/a><span>&#8211;<\/span><\/span><span class=\"td-post-date\"><time class=\"entry-date updated td-module-date\" datetime=\"2026-08-20T19:12:13+03:00\">20\/08\/2026<\/time><\/span><\/div>\n<\/div>\n<\/div>\n<\/div>\n<\/div>\n<div class=\"td-block-row\">\n<div class=\"td-block-span6\">\n<div class=\"td_module_8 td_module_wrap\">\n<div class=\"item-details\">\n<h3 class=\"entry-title td-module-title\"><a href=\"https:\/\/r3media.ro\/presedintele-serbiei-razboiul-din-ucraina\/\" rel=\"bookmark\" title=\"Pre\u0219edintele Serbiei nu crede c\u0103 r\u0103zboiul din Ucraina se termin\u0103 cur\u00e2nd: Cred c\u0103 ne afl\u0103m la \u00eenceputul unui r\u0103zboi mult, mult mai mare\">Pre\u0219edintele Serbiei nu crede c\u0103 r\u0103zboiul din Ucraina se termin\u0103 cur\u00e2nd: Cred c\u0103 ne&#8230;<\/a><\/h3>\n<div class=\"td-module-meta-info\"><a href=\"https:\/\/r3media.ro\/category\/actualitate\/\" class=\"td-post-category\">ACTUALITATE<\/a><span class=\"td-post-author-name\"><a href=\"https:\/\/r3media.ro\/author\/teodor_stan\/\">Teodor Stan<\/a><span>&#8211;<\/span><\/span><span class=\"td-post-date\"><time class=\"entry-date updated td-module-date\" datetime=\"2026-08-10T12:22:44+03:00\">10\/08\/2026<\/time><\/span><\/div>\n<\/div>\n<\/div>\n<\/div>\n<div class=\"td-block-span6\">\n<div class=\"td_module_8 td_module_wrap\">\n<div class=\"item-details\">\n<h3 class=\"entry-title td-module-title\"><a href=\"https:\/\/r3media.ro\/fara-apa-fara-curent-fara-viitor-cum-au-sacrificat-pro-europenii-romania-pe-altarul-ecologiei-ieftine\/\" rel=\"bookmark\" title=\"F\u0103r\u0103 ap\u0103, f\u0103r\u0103 curent, f\u0103r\u0103 viitor: cum au sacrificat pro-europenii Rom\u00e2nia pe altarul ecologiei ieftine\">F\u0103r\u0103 ap\u0103, f\u0103r\u0103 curent, f\u0103r\u0103 viitor: cum au sacrificat pro-europenii Rom\u00e2nia pe altarul ecologiei&#8230;<\/a><\/h3>\n<div class=\"td-module-meta-info\"><a href=\"https:\/\/r3media.ro\/category\/actualitate\/\" class=\"td-post-category\">ACTUALITATE<\/a><span class=\"td-post-author-name\"><a href=\"https:\/\/r3media.ro\/author\/paul_lazar\/\">Paul-Daniel Laz\u0103r<\/a><span>&#8211;<\/span><\/span><span class=\"td-post-date\"><time class=\"entry-date updated td-module-date\" datetime=\"2026-08-08T22:30:54+03:00\">08\/08\/2026<\/time><\/span><\/div>\n<\/div>\n<\/div>\n<\/div>\n<\/div>\n<div class=\"td-block-row\">\n<div class=\"td-block-span6\">\n<div class=\"td_module_8 td_module_wrap\">\n<div class=\"item-details\">\n<h3 class=\"entry-title td-module-title\"><a href=\"https:\/\/r3media.ro\/show-iluzie-si-realitate-de-la-the-truman-show-la-son-of-a-rich\/\" rel=\"bookmark\" title=\"Show, iluzie \u0219i realitate: de la The Truman Show la Son of a Rich\">Show, iluzie \u0219i realitate: de la The Truman Show la Son of a Rich<\/a><\/h3>\n<div class=\"td-module-meta-info\"><a href=\"https:\/\/r3media.ro\/category\/actualitate\/\" class=\"td-post-category\">ACTUALITATE<\/a><span class=\"td-post-author-name\"><a href=\"https:\/\/r3media.ro\/author\/costi_balasoiu\/\">Constantin B\u0103l\u0103\u0219oiu<\/a><span>&#8211;<\/span><\/span><span class=\"td-post-date\"><time class=\"entry-date updated td-module-date\" datetime=\"2026-08-08T15:30:25+03:00\">08\/08\/2026<\/time><\/span><\/div>\n<\/div>\n<\/div>\n<\/div>\n<div class=\"td-block-span6\">\n<div class=\"td_module_8 td_module_wrap\">\n<div class=\"item-details\">\n<h3 class=\"entry-title td-module-title\"><a href=\"https:\/\/r3media.ro\/fani-stapanul-inelelor-surpriza-sezonul-3-sauron\/\" rel=\"bookmark\" title=\"Fanii \u201eSt\u0103p\u00e2nul Inelelor\u201c ar putea avea o surpriz\u0103 \u00een sezonul 3 din serialul \u201eInelele Puterii\u201c. Sauron se va confrunta cu o creatur\u0103 de temut\">Fanii \u201eSt\u0103p\u00e2nul Inelelor\u201c ar putea avea o surpriz\u0103 \u00een sezonul 3 din serialul \u201eInelele&#8230;<\/a><\/h3>\n<div class=\"td-module-meta-info\"><a href=\"https:\/\/r3media.ro\/category\/actualitate\/\" class=\"td-post-category\">ACTUALITATE<\/a><span class=\"td-post-author-name\"><a href=\"https:\/\/r3media.ro\/author\/oana\/\">Oana Ivan<\/a><span>&#8211;<\/span><\/span><span class=\"td-post-date\"><time class=\"entry-date updated td-module-date\" datetime=\"2026-08-08T00:19:31+03:00\">08\/08\/2026<\/time><\/span><\/div>\n<\/div>\n<\/div>\n<\/div>\n<\/div>\n<div class=\"td-block-row\">\n<div class=\"td-block-span6\">\n<div class=\"td_module_8 td_module_wrap\">\n<div class=\"item-details\">\n<h3 class=\"entry-title td-module-title\"><a href=\"https:\/\/r3media.ro\/david-popovici-fair-play-sportivi-rusi-competitii\/\" rel=\"bookmark\" title=\"David Popovici, fair-play la revenirea sportivilor ru\u0219i \u00een competi\u021bii: Le urez succes, sper s\u0103 fiu mai bun dec\u00e2t ei\">David Popovici, fair-play la revenirea sportivilor ru\u0219i \u00een competi\u021bii: Le urez succes, sper s\u0103&#8230;<\/a><\/h3>\n<div class=\"td-module-meta-info\"><a href=\"https:\/\/r3media.ro\/category\/actualitate\/\" class=\"td-post-category\">ACTUALITATE<\/a><span class=\"td-post-author-name\"><a href=\"https:\/\/r3media.ro\/author\/redactia\/\">Redac\u021bia<\/a><span>&#8211;<\/span><\/span><span class=\"td-post-date\"><time class=\"entry-date updated td-module-date\" datetime=\"2026-08-07T15:07:51+03:00\">07\/08\/2026<\/time><\/span><\/div>\n<\/div>\n<\/div>\n<\/div>\n<div class=\"td-block-span6\">\n<div class=\"td_module_8 td_module_wrap\">\n<div class=\"item-details\">\n<h3 class=\"entry-title td-module-title\"><a href=\"https:\/\/r3media.ro\/kia-recheama-service-prima-generatie-masini-electrice-e-niro-risc-incendiu\/\" rel=\"bookmark\" title=\"Kia recheam\u0103 \u00een service prima genera\u021bie de ma\u0219ini electrice e-Niro din cauza riscului de incendiu\">Kia recheam\u0103 \u00een service prima genera\u021bie de ma\u0219ini electrice e-Niro din cauza riscului de&#8230;<\/a><\/h3>\n<div class=\"td-module-meta-info\"><a href=\"https:\/\/r3media.ro\/category\/actualitate\/\" class=\"td-post-category\">ACTUALITATE<\/a><span class=\"td-post-author-name\"><a href=\"https:\/\/r3media.ro\/author\/oana\/\">Oana Ivan<\/a><span>&#8211;<\/span><\/span><span class=\"td-post-date\"><time class=\"entry-date updated td-module-date\" datetime=\"2026-08-06T17:07:42+03:00\">06\/08\/2026<\/time><\/span><\/div>\n<\/div>\n<\/div>\n<\/div>\n<\/div>\n<\/div>\n<div class=\"td-load-more-wrap td-load-more-infinite-wrap\" id=\"infinite-lm-tdi_22\"><a href=\"https:\/\/r3media.ro\/radu-georgescu-scadere-puternica-bursa-de-valori-bucuresti-bvb\/\" class=\"td_ajax_load_more td_ajax_load_more_js\" aria-label=\"\u00cenc\u0103rca\u021bi mai multe\" id=\"next-page-tdi_22\" data-td_block_id=\"tdi_22\">\u00cenc\u0103rca\u021bi mai multe<\/a><\/div>\n<\/div>\n<div class=\"td_block_wrap tdb_single_comments tdi_23 tdb-comm-layout2 td-pb-border-top td_block_template_1\" data-td-block-uid=\"tdi_23\">\n<div class=\"tdb-block-inner td-fix-index\">\n<div class=\"comments\" id=\"comments\">\n<div id=\"respond\" class=\"comment-respond\">\n<h3 id=\"reply-title\" class=\"comment-reply-title\">AI CEVA DE SPUS? <small><a rel=\"nofollow\" id=\"cancel-comment-reply-link\" href=\"https:\/\/r3media.ro\/radu-georgescu-scadere-puternica-bursa-de-valori-bucuresti-bvb\/#respond\">Renun\u021ba\u021bi la r\u0103spuns<\/a><\/small><\/h3>\n<div class=\"comment-form-input-wrap td-form-comment\">\n<div class=\"td-warning-comment\">V\u0103 rug\u0103m s\u0103 introduce\u021bi comentariul dvs.!<\/div>\n<\/div>\n<div class=\"comment-form-input-wrap td-form-author\">\n<div class=\"td-warning-author\">Introduce\u021bi aici numele dvs.<\/div>\n<\/div>\n<div class=\"comment-form-input-wrap td-form-email\">\n<div class=\"td-warning-email-error\">A\u021bi introdus o adres\u0103 de e-mail incorect\u0103!<\/div>\n<div class=\"td-warning-email\">V\u0103 rug\u0103m s\u0103 introduce\u021bi adresa dvs. de e-mail aici<\/div>\n<\/div>\n<\/div>\n<\/div>\n<\/div>\n<\/div>\n<\/div>\n<\/div>\n<div class=\"vc_column tdi_25  wpb_column vc_column_container tdc-column td-pb-span4 td-is-sticky\">\n<div class=\"wpb_wrapper\" data-sticky-enabled-on=\"W3RydWUsdHJ1ZSx0cnVlLHRydWVd\" data-sticky-offset=\"20\" data-sticky-is-width-auto=\"W2ZhbHNlLGZhbHNlLGZhbHNlLGZhbHNlXQ==\">\n<div class=\"wpb_wrapper td_block_wrap vc_widget_sidebar tdi_27 \">\n<div class=\"td_block_wrap td_block_7 td_block_widget tdi_28 td-pb-border-top td_block_template_1 td-column-1 td_block_padding\" data-td-block-uid=\"tdi_28\">\n<div class=\"td-block-title-wrap\">\n<h4 class=\"block-title td-block-title\"><span class=\"td-pulldown-size\">Articole RELA\u021aIONATE<\/span><\/h4>\n<\/div>\n<div id=\"tdi_28\" class=\"td_block_inner\">\n<div class=\"td-block-span12\">\n<div class=\"td_module_6 td_module_wrap td-animation-stack\">\n<div class=\"td-module-thumb\"><a href=\"https:\/\/r3media.ro\/1-septembrie-inceputul-noului-an-bisericesc-si-prima-zi-in-noul-an-traditional-romanesc\/\" rel=\"bookmark\" class=\"td-image-wrap \" title=\"Calendarul zilei: 1 septembrie, \u00eenceputul noului an bisericesc \u0219i prima zi \u00een noul an tradi\u021bional rom\u00e2nesc\"><img loading=\"lazy\" decoding=\"async\" class=\"entry-thumb\" src=\"https:\/\/r3media.ro\/wp-content\/uploads\/2021\/09\/1-septembrie-noul-an-bisericesc-100x70.jpg\" alt title=\"Calendarul zilei: 1 septembrie, \u00eenceputul noului an bisericesc \u0219i prima zi \u00een noul an tradi\u021bional rom\u00e2nesc\" width=\"100\" height=\"70\"><\/a><\/div>\n<div class=\"item-details\">\n<h3 class=\"entry-title td-module-title\"><a href=\"https:\/\/r3media.ro\/1-septembrie-inceputul-noului-an-bisericesc-si-prima-zi-in-noul-an-traditional-romanesc\/\" rel=\"bookmark\" title=\"Calendarul zilei: 1 septembrie, \u00eenceputul noului an bisericesc \u0219i prima zi \u00een noul an tradi\u021bional rom\u00e2nesc\">Calendarul zilei: 1 septembrie, \u00eenceputul noului an bisericesc \u0219i prima zi&#8230;<\/a><\/h3>\n<div class=\"td-module-meta-info\"><span class=\"td-post-date\"><time class=\"entry-date updated td-module-date\" datetime=\"2026-08-31T23:36:56+03:00\">31\/08\/2026<\/time><\/span><\/div>\n<\/div>\n<\/div>\n<\/div>\n<div class=\"td-block-span12\">\n<div class=\"td_module_6 td_module_wrap td-animation-stack\">\n<div class=\"td-module-thumb\"><a href=\"https:\/\/r3media.ro\/pilota-din-lana-merinos-sau-pilota-4-anotimpuri-ce-alegi-pentru-un-somn-perfect-in-orice-sezon\/\" rel=\"bookmark\" class=\"td-image-wrap \" title=\"Pilot\u0103 din l\u00e2n\u0103 merinos sau pilot\u0103 4 anotimpuri: ce alegi pentru un somn perfect \u00een orice sezon\"><img loading=\"lazy\" decoding=\"async\" class=\"entry-thumb\" src=\"https:\/\/r3media.ro\/wp-content\/uploads\/2026\/08\/pilot_din_ln_merinos_sau_pilot_4_anotimpuri_ce_alegi_pentru_un_somn_perfect_n_orice_sezon-100x70.jpg\" alt title=\"Pilot\u0103 din l\u00e2n\u0103 merinos sau pilot\u0103 4 anotimpuri: ce alegi pentru un somn perfect \u00een orice sezon\" width=\"100\" height=\"70\"><\/a><\/div>\n<div class=\"item-details\">\n<h3 class=\"entry-title td-module-title\"><a href=\"https:\/\/r3media.ro\/pilota-din-lana-merinos-sau-pilota-4-anotimpuri-ce-alegi-pentru-un-somn-perfect-in-orice-sezon\/\" rel=\"bookmark\" title=\"Pilot\u0103 din l\u00e2n\u0103 merinos sau pilot\u0103 4 anotimpuri: ce alegi pentru un somn perfect \u00een orice sezon\">Pilot\u0103 din l\u00e2n\u0103 merinos sau pilot\u0103 4 anotimpuri: ce alegi pentru&#8230;<\/a><\/h3>\n<div class=\"td-module-meta-info\"><span class=\"td-post-date\"><time class=\"entry-date updated td-module-date\" datetime=\"2026-08-31T19:14:48+03:00\">31\/08\/2026<\/time><\/span><\/div>\n<\/div>\n<\/div>\n<\/div>\n<div class=\"td-block-span12\">\n<div class=\"td_module_6 td_module_wrap td-animation-stack\">\n<div class=\"td-module-thumb\"><a href=\"https:\/\/r3media.ro\/lionel-messi-retragere-argentina\/\" rel=\"bookmark\" class=\"td-image-wrap \" title=\"Final de er\u0103: Lionel Messi s-a retras de la na\u021bionala Argentinei\"><img loading=\"lazy\" decoding=\"async\" class=\"entry-thumb\" src=\"https:\/\/r3media.ro\/wp-content\/uploads\/2026\/08\/lionel-messi-saruta-cupa-mondiala-100x70.png\" alt title=\"Final de er\u0103: Lionel Messi s-a retras de la na\u021bionala Argentinei\" width=\"100\" height=\"70\"><\/a><\/div>\n<div class=\"item-details\">\n<h3 class=\"entry-title td-module-title\"><a href=\"https:\/\/r3media.ro\/lionel-messi-retragere-argentina\/\" rel=\"bookmark\" title=\"Final de er\u0103: Lionel Messi s-a retras de la na\u021bionala Argentinei\">Final de er\u0103: Lionel Messi s-a retras de la na\u021bionala Argentinei<\/a><\/h3>\n<div class=\"td-module-meta-info\"><span class=\"td-post-date\"><time class=\"entry-date updated td-module-date\" datetime=\"2026-08-31T19:03:59+03:00\">31\/08\/2026<\/time><\/span><\/div>\n<\/div>\n<\/div>\n<\/div>\n<div class=\"td-block-span12\">\n<div class=\"td_module_6 td_module_wrap td-animation-stack\">\n<div class=\"td-module-thumb\"><a href=\"https:\/\/r3media.ro\/clotilde-armand-condamnata-inchisoare-amanata-supraveghere\/\" rel=\"bookmark\" class=\"td-image-wrap \" title=\"Clotilde Armand a fost condamnat\u0103 la un an de \u00eenchisoare. Pedeapsa, am\u00e2nat\u0103 pentru un termen de supraveghere de 2 ani\"><img loading=\"lazy\" decoding=\"async\" class=\"entry-thumb\" src=\"https:\/\/r3media.ro\/wp-content\/uploads\/2020\/10\/clotilde-armand-blocat-jurnalista-100x70.jpg\" alt title=\"Clotilde Armand a fost condamnat\u0103 la un an de \u00eenchisoare. Pedeapsa, am\u00e2nat\u0103 pentru un termen de supraveghere de 2 ani\" width=\"100\" height=\"70\"><\/a><\/div>\n<div class=\"item-details\">\n<h3 class=\"entry-title td-module-title\"><a href=\"https:\/\/r3media.ro\/clotilde-armand-condamnata-inchisoare-amanata-supraveghere\/\" rel=\"bookmark\" title=\"Clotilde Armand a fost condamnat\u0103 la un an de \u00eenchisoare. Pedeapsa, am\u00e2nat\u0103 pentru un termen de supraveghere de 2 ani\">Clotilde Armand a fost condamnat\u0103 la un an de \u00eenchisoare. Pedeapsa,&#8230;<\/a><\/h3>\n<div class=\"td-module-meta-info\"><span class=\"td-post-date\"><time class=\"entry-date updated td-module-date\" datetime=\"2026-08-31T18:03:22+03:00\">31\/08\/2026<\/time><\/span><\/div>\n<\/div>\n<\/div>\n<\/div>\n<div class=\"td-block-span12\">\n<div class=\"td_module_6 td_module_wrap td-animation-stack\">\n<div class=\"td-module-thumb\"><a href=\"https:\/\/r3media.ro\/nemti-parasire-germania-afd-putere\/\" rel=\"bookmark\" class=\"td-image-wrap \" title=\"22% dintre nem\u021bi spun c\u0103 vor p\u0103r\u0103si \u021bara dac\u0103 AfD ajunge la putere\"><img loading=\"lazy\" decoding=\"async\" class=\"entry-thumb\" src=\"https:\/\/r3media.ro\/wp-content\/uploads\/2026\/08\/protest-anti-afd-germania-100x70.jpg\" alt title=\"22% dintre nem\u021bi spun c\u0103 vor p\u0103r\u0103si \u021bara dac\u0103 AfD ajunge la putere\" width=\"100\" height=\"70\"><\/a><\/div>\n<div class=\"item-details\">\n<h3 class=\"entry-title td-module-title\"><a href=\"https:\/\/r3media.ro\/nemti-parasire-germania-afd-putere\/\" rel=\"bookmark\" title=\"22% dintre nem\u021bi spun c\u0103 vor p\u0103r\u0103si \u021bara dac\u0103 AfD ajunge la putere\">22% dintre nem\u021bi spun c\u0103 vor p\u0103r\u0103si \u021bara dac\u0103 AfD ajunge&#8230;<\/a><\/h3>\n<div class=\"td-module-meta-info\"><span class=\"td-post-date\"><time class=\"entry-date updated td-module-date\" datetime=\"2026-08-31T17:49:35+03:00\">31\/08\/2026<\/time><\/span><\/div>\n<\/div>\n<\/div>\n<\/div>\n<div class=\"td-block-span12\">\n<div class=\"td_module_6 td_module_wrap td-animation-stack\">\n<div class=\"td-module-thumb\"><a href=\"https:\/\/r3media.ro\/aur-si-record-mondial-romania-81-feminin-canotaj\/\" rel=\"bookmark\" class=\"td-image-wrap \" title=\"AUR \u0219i record mondial pentru Rom\u00e2nia prin echipajul de 8+1 feminin la Campionatele Mondiale de Canotaj\"><img loading=\"lazy\" decoding=\"async\" class=\"entry-thumb\" src=\"https:\/\/r3media.ro\/wp-content\/uploads\/2026\/08\/canotaj-8-1-foto-fr-canotaj-balint-czucz-100x70.jpg\" alt title=\"AUR \u0219i record mondial pentru Rom\u00e2nia prin echipajul de 8+1 feminin la Campionatele Mondiale de Canotaj\" width=\"100\" height=\"70\"><\/a><\/div>\n<div class=\"item-details\">\n<h3 class=\"entry-title td-module-title\"><a href=\"https:\/\/r3media.ro\/aur-si-record-mondial-romania-81-feminin-canotaj\/\" rel=\"bookmark\" title=\"AUR \u0219i record mondial pentru Rom\u00e2nia prin echipajul de 8+1 feminin la Campionatele Mondiale de Canotaj\">AUR \u0219i record mondial pentru Rom\u00e2nia prin echipajul de 8+1 feminin&#8230;<\/a><\/h3>\n<div class=\"td-module-meta-info\"><span class=\"td-post-date\"><time class=\"entry-date updated td-module-date\" datetime=\"2026-08-31T09:48:46+03:00\">31\/08\/2026<\/time><\/span><\/div>\n<\/div>\n<\/div>\n<\/div>\n<div class=\"td-block-span12\">\n<div class=\"td_module_6 td_module_wrap td-animation-stack\">\n<div class=\"td-module-thumb\"><a href=\"https:\/\/r3media.ro\/parteneriatul-strategic-sua\/\" rel=\"bookmark\" class=\"td-image-wrap \" title=\"Parteneriatul strategic cu SUA: alia\u021bi nu subordona\u021bi\"><img loading=\"lazy\" decoding=\"async\" class=\"entry-thumb\" src=\"https:\/\/r3media.ro\/wp-content\/uploads\/2026\/08\/nicusor-dan-congresmani-100x70.jpg\" alt title=\"Parteneriatul strategic cu SUA: alia\u021bi nu subordona\u021bi\" width=\"100\" height=\"70\"><\/a><\/div>\n<div class=\"item-details\">\n<h3 class=\"entry-title td-module-title\"><a href=\"https:\/\/r3media.ro\/parteneriatul-strategic-sua\/\" rel=\"bookmark\" title=\"Parteneriatul strategic cu SUA: alia\u021bi nu subordona\u021bi\">Parteneriatul strategic cu SUA: alia\u021bi nu subordona\u021bi<\/a><\/h3>\n<div class=\"td-module-meta-info\"><span class=\"td-post-date\"><time class=\"entry-date updated td-module-date\" datetime=\"2026-08-31T08:50:56+03:00\">31\/08\/2026<\/time><\/span><\/div>\n<\/div>\n<\/div>\n<\/div>\n<\/div>\n<\/div>\n<aside class=\"td_block_template_1 widget widget_recent_comments\">\n<h4 class=\"block-title\"><span>INTR\u0102 \u00ceN DISCU\u021aIE!<\/span><\/h4>\n<ul id=\"recentcomments\">\n<li class=\"recentcomments\"><span class=\"comment-author-link\">Nelu<\/span> la <a href=\"https:\/\/r3media.ro\/nemti-parasire-germania-afd-putere\/#comment-40446\">22% dintre nem\u021bi spun c\u0103 vor p\u0103r\u0103si \u021bara dac\u0103 AfD ajunge la putere<\/a><\/li>\n<li class=\"recentcomments\"><span class=\"comment-author-link\">Nicu<\/span> la <a href=\"https:\/\/r3media.ro\/parteneriatul-strategic-sua\/#comment-40445\">Parteneriatul strategic cu SUA: alia\u021bi nu subordona\u021bi<\/a><\/li>\n<li class=\"recentcomments\"><span class=\"comment-author-link\">Drago\u0219<\/span> la <a href=\"https:\/\/r3media.ro\/george-simion-mesaj-votanti-nicusor-dan-pahontu\/#comment-40444\">VIDEO | George Simion, mesaj pentru votan\u021bii lui Nicu\u0219or Dan: Pahon\u021bu era securist de mult. Trezi\u021bi-v\u0103, nu suntem noi du\u0219manii vo\u0219tri!<\/a><\/li>\n<li class=\"recentcomments\"><span class=\"comment-author-link\">Marcu<\/span> la <a href=\"https:\/\/r3media.ro\/film-nou-stapanul-inelelor-corect-politic-regizor-andy-serkis-diversitate-tolkien-mitologie-nordica\/#comment-40442\">Noul film \u201eSt\u0103p\u00e2nul Inelelor\u201d nu va fi corect politic. Regizorul Andy Serkis: J.R.R. Tolkien a fost influen\u021bat de mitologia nordic\u0103. Nu vrem o distribu\u021bie de dragul de a bifa c\u0103su\u021be<\/a><\/li>\n<li class=\"recentcomments\"><span class=\"comment-author-link\">Nelu<\/span> la <a href=\"https:\/\/r3media.ro\/actor-alex-bogdan-nicusor-dan-video\/#comment-40441\">VIDEO | Actorul Alex Bogdan: \u00cemi e sc\u00e2rb\u0103 c\u0103 mi-am pus la b\u0103taie reputa\u021bia, familia \u0219i energia pentru Nicu\u0219or Dan. Pentru ce? Dac\u0103-l v\u0103d vreodat\u0103 \u00een fa\u021ba mea, \u00eel scuip!<\/a><\/li>\n<li class=\"recentcomments\"><span class=\"comment-author-link\">alin<\/span> la <a href=\"https:\/\/r3media.ro\/clasare-dosar-neurochirurg-stefan-mindea\/#comment-40440\">Clasare definitiv\u0103 \u00een dosarul neurochirurgului dr. Stefan Mindea: acuza\u021biile s-au dovedit ne\u00eentemeiate<\/a><\/li>\n<li class=\"recentcomments\"><span class=\"comment-author-link\">Mihaela D\u00e2ru<\/span> la <a href=\"https:\/\/r3media.ro\/tema-frumusetii-in-alba-ca-zapada-si-cenusareasa\/#comment-40439\">Tema frumuse\u021bii \u00een Alb\u0103 ca Z\u0103pada \u0219i Cenu\u0219\u0103reasa<\/a><\/li>\n<\/ul>\n<\/aside>\n<aside class=\"td_block_template_1 widget widget_search\">\n<h4 class=\"block-title\"><span>CAUT\u0102 \u0218I VEI G\u0102SI<\/span><\/h4>\n<\/aside>\n<\/div>\n<\/div>\n<\/div>\n<\/div>\n<\/div>\n<\/div>\n<\/div>\n<p><span class=\"td-page-meta\"><\/span><span class=\"td-page-meta\"><span class=\"td-page-meta\"><\/span><\/span><span class=\"td-page-meta\"><\/span><\/article>\n<\/p>\n<div class=\"td_block_wrap tdb_single_content tdi_20 td-pb-border-top td_block_template_1 td-post-content tagdiv-type\" data-td-block-uid=\"tdi_20\">\n<div class=\"tdb-block-inner td-fix-index\">\n<p><strong>Bursa de Valori Bucure\u0219ti (BVB) a \u00eenregistrat o sc\u0103dere puternic\u0103 pe to\u021bi indicii \u00een ultima zi de var\u0103, mult peste sc\u0103derile pie\u021belor europene.\u00a0 Indicele BET, al celor mai lichide dou\u0103zeci de titluri ale BVB, a avut un declin de 3,61%, p\u00e2n\u0103 la 33.743 de puncte. Totodat\u0103, indicele BET-NG, al companiilor energetice \u015fi de utilit\u0103\u0163i, a cobor\u00e2t cu 3,98%, la 2.571 de puncte, potrivit <a href=\"https:\/\/www.bursa.ro\/scadere-puternica-la-bvb-indicele-bet-pierde-3-6-procente-intr-o-singura-sedinta-01170065\" target=\"_blank\" rel=\"noopener\">Ziarul Bursa<\/a>.<\/strong><\/p>\n<p>Declinul vine pe fondul unei dinamici economice slabe \u00een Rom\u00e2nia. Economia stagneaz\u0103 \u00een trimestrul 2 din 2026 fa\u021b\u0103 de primele luni ale anului. \u00cen plus, fa\u021b\u0103 de aceea\u0219i perioad\u0103 din 2025, PIB-ul a sc\u0103zut cu 0,4^ pe serie brut\u0103.<\/p>\n<p>La nivelul primului semestru, economia s-a contractat cu 0,8% fa\u0163\u0103 de aceea\u015fi perioad\u0103 a anului trecut, potrivit BNS.<\/p>\n<p>Sc\u0103derea mai coincide \u0219i cu termenul limit\u0103 pentru \u00eendeplinirea jaloanelor din PNRR. P\u00e2n\u0103 la 31 august Rom\u00e2nia trebuie s\u0103 \u00eendeplineasc\u0103 toate \u021bintele pentru ca sumele de bani s\u0103 fie virate de Comisia European\u0103.<\/p>\n<h2><strong>Radu Georgescu trage linie dup\u0103 o sc\u0103dere puternic\u0103 pe Bursa de Valori Bucure\u0219ti (BVB): S\u0103 fie economie<\/strong><\/h2>\n<p>\u00a0<\/p>\n<p>Economistul <a href=\"https:\/\/r3media.ro\/tag\/radu-georgescu\/\" target=\"_blank\" rel=\"noopener\"><strong>Radu Georgescu<\/strong><\/a> spune c\u0103 pierderile de pe burs\u0103 vin ca urmare a panicii, iar zilele urm\u0103toare ar putea fi decisive pentru pia\u021ba de capital.<\/p>\n<p>\u201eAzi, mii de oameni s-au \u00eembulzit s\u0103 ias\u0103 de la burs\u0103.<\/p>\n<p>Acum o lun\u0103 se \u00eembulzeau s\u0103 intre.<\/p>\n<p>Azi s-a ap\u0103sat pe butonul de v\u00e2nzare, la bursa din Bucure\u0219ti, de peste 25.000 de ori!<\/p>\n<p>De vreo trei ori mai mult dec\u00e2t \u00eentr-o zi normal\u0103.<\/p>\n<p>Ace\u0219tia sunt faimo\u0219ii retaileri.<\/p>\n<p>Adic\u0103 oamenii care au o aplica\u021bie \u0219i apas\u0103 pe butoane.<\/p>\n<p>Bursa a sc\u0103zut cu 3,6%<\/p>\n<p>Acum partea interesant\u0103.<\/p>\n<p>Fondurile mari ies pe u\u0219a din spate.<\/p>\n<p>De exemplu, joi s-au v\u00e2ndut, printr-o tranzac\u021bie special\u0103, ac\u021biuni ale B\u0103ncii Transilvania \u00een valoare de 73.000.000 de lei.<\/p>\n<p>Ace\u0219tia nu v\u00e2nd pe aplica\u021bie, pentru c\u0103 ar pr\u0103bu\u0219i de tot bursa.<\/p>\n<p>Acum, \u00eentrebarea de 100 de puncte.<\/p>\n<p>Ce se va \u00eent\u00e2mpla m\u00e2ine?<\/p>\n<p>Dar s\u0103pt\u0103m\u00e2na viitoare<\/p>\n<p>Vor cump\u0103ra fondurile de pensii pentru a sus\u021bine pia\u021ba \u0219i a evita pr\u0103bu\u0219irea bursei?<\/p>\n<p>Companiile \u00ee\u0219i vor r\u0103scump\u0103ra ac\u021biunile pentru a evita pr\u0103bu\u0219irea cota\u021biilor?<\/p>\n<p>\u00cen ambele cazuri, \u0219i pentru fondurile de pensii, \u0219i pentru companii, eu cred c\u0103 sunt bani ar\u0219i degeaba.<\/p>\n<p>De v\u0103zut m\u00e2ine c\u00e2\u021bi vor mai fugi de la burs\u0103.<\/p>\n<p>S\u0103 fie economie\u201c, a scris Radu Georgescu.<\/p>\n<div class=\"crp_related     crp-masonry\">\n<h2>\u00ceN CONTEXT<\/h2>\n<ul>\n<li><a href=\"https:\/\/r3media.ro\/radu-georgescu-romania-intrat-iarna-economica-masuri-guvernul-bolojan\/\" target=\"_blank\" class=\"crp_link post-115306\"><span class=\"crp_title\">Radu Georgescu: Rom\u00e2nia a intrat \u00eentr-o iarn\u0103 economic\u0103, iar m\u0103surile luate de Guvernul\u2026<\/span><\/a><\/li>\n<li><a href=\"https:\/\/r3media.ro\/economist-radu-georgescu-economia-romania\/\" target=\"_blank\" class=\"crp_link post-116121\"><span class=\"crp_title\">Economistul Radu Georgescu: Miercuri, 13 mai, vom afla dac\u0103 economia Romaniei se pr\u0103bu\u0219e\u0219te<\/span><\/a><\/li>\n<li><a href=\"https:\/\/r3media.ro\/economistul-radu-georgescu-prognoza-scadere-pret-locuinte\/\" target=\"_blank\" class=\"crp_link post-117707\"><span class=\"crp_title\">Economistul Radu Georgescu prognozeaz\u0103 o SC\u0102DERE a pre\u021burilor locuin\u021belor cu 50%<\/span><\/a><\/li>\n<li><a href=\"https:\/\/r3media.ro\/radu-georgescu-romania-cea-mai-mare-inflatie-europa\/\" target=\"_blank\" class=\"crp_link post-116522\"><span class=\"crp_title\">Radu Georgescu: Rom\u00e2nia are cea mai mare infla\u021bie din Europa, mai mare dec\u00e2t Ucraina \u0219i Rusia<\/span><\/a><\/li>\n<li><a href=\"https:\/\/r3media.ro\/cursul-leu-euro-va-exploda-radu-georgescu-bomba-cu-ceas-ticaie-rapid-romania\/\" target=\"_blank\" class=\"crp_link post-114009\"><span class=\"crp_title\">Cursul leu &#8211; euro va exploda. Radu Georgescu: Aceast\u0103 bomb\u0103 cu ceas tic\u0103ie din ce \u00een ce mai\u2026<\/span><\/a><\/li>\n<li><a href=\"https:\/\/r3media.ro\/radu-georgescu-maxim-capitalism-anii-2000-garsoniera-salarii\/\" target=\"_blank\" class=\"crp_link post-119741\"><span class=\"crp_title\">Radu Georgescu: Maximul capitalismului \u00een Rom\u00e2nia, cred eu, a fost \u00een perioada 2000\u20132008.\u2026<\/span><\/a><\/li>\n<li><a href=\"https:\/\/r3media.ro\/economistul-radu-georgescu-guvernul-bolojan-nu-mai-poate-sa-se-imprumute-intr-o-luna-romania-intra-in-incapacitate-de-plata\/\" target=\"_blank\" class=\"crp_link post-115455\"><span class=\"crp_title\">Economistul Radu Georgescu: Guvernul Bolojan nu mai poate s\u0103 se \u00eemprumute. \u00centr-o lun\u0103,\u2026<\/span><\/a><\/li>\n<li><a href=\"https:\/\/r3media.ro\/inflatia-99-august-radu-georgescu-crestere-rate-banca-utilitati-tva-31-romania\/\" target=\"_blank\" class=\"crp_link post-113011\"><span class=\"crp_title\">Infla\u021bia a ajuns la 9,9% \u00een august. Radu Georgescu: Urmeaz\u0103 cre\u0219terea ratelor la banc\u0103,\u2026<\/span><\/a><\/li>\n<\/ul>\n<\/div>\n<\/div>\n<\/div>\n<p>[analyse_source url=&#8221;https:\/\/r3media.ro\/radu-georgescu-scadere-puternica-bursa-de-valori-bucuresti-bvb\/&#8221;]<\/p>\n","protected":false},"excerpt":{"rendered":"<p>[analyse_image type=&#8221;featured&#8221; src=&#8221;https:\/\/r3media.ro\/wp-content\/uploads\/2025\/08\/radu-georgescu.pnghttps:\/\/r3media.ro\/wp-content\/uploads\/2025\/08\/radu-georgescu.png&#8221;] ECONOMIERadu Georgescu trage linie dup\u0103 o sc\u0103dere puternic\u0103 pe Bursa de Valori&#8230; ECONOMIEFEATURED\u0218TIRI Radu Georgescu trage linie dup\u0103 o sc\u0103dere puternic\u0103 pe Bursa de Valori Bucure\u0219ti (BVB): S\u0103 fie economie Oana Ivan 31\/08\/2026 Surs\u0103 &#8211; Radu Georgescu Ad\u0103uga\u021bi R3media la sursele preferate din Google Bursa de Valori Bucure\u0219ti (BVB) a \u00eenregistrat o [&hellip;]<\/p>\n","protected":false},"author":1,"featured_media":0,"comment_status":"open","ping_status":"","sticky":false,"template":"","format":"standard","meta":{"footnotes":""},"categories":[89],"tags":[226,93],"class_list":["post-2120980","post","type-post","status-publish","format-standard","hentry","category-romania","tag-crawlmanager","tag-r3media-ro"],"_links":{"self":[{"href":"https:\/\/analyse.optim.biz\/index.php?rest_route=\/wp\/v2\/posts\/2120980","targetHints":{"allow":["GET"]}}],"collection":[{"href":"https:\/\/analyse.optim.biz\/index.php?rest_route=\/wp\/v2\/posts"}],"about":[{"href":"https:\/\/analyse.optim.biz\/index.php?rest_route=\/wp\/v2\/types\/post"}],"author":[{"embeddable":true,"href":"https:\/\/analyse.optim.biz\/index.php?rest_route=\/wp\/v2\/users\/1"}],"replies":[{"embeddable":true,"href":"https:\/\/analyse.optim.biz\/index.php?rest_route=%2Fwp%2Fv2%2Fcomments&post=2120980"}],"version-history":[{"count":0,"href":"https:\/\/analyse.optim.biz\/index.php?rest_route=\/wp\/v2\/posts\/2120980\/revisions"}],"wp:attachment":[{"href":"https:\/\/analyse.optim.biz\/index.php?rest_route=%2Fwp%2Fv2%2Fmedia&parent=2120980"}],"wp:term":[{"taxonomy":"category","embeddable":true,"href":"https:\/\/analyse.optim.biz\/index.php?rest_route=%2Fwp%2Fv2%2Fcategories&post=2120980"},{"taxonomy":"post_tag","embeddable":true,"href":"https:\/\/analyse.optim.biz\/index.php?rest_route=%2Fwp%2Fv2%2Ftags&post=2120980"}],"curies":[{"name":"wp","href":"https:\/\/api.w.org\/{rel}","templated":true}]}}