{"id":2120951,"date":"2026-08-31T15:22:19","date_gmt":"2026-08-31T12:22:19","guid":{"rendered":"https:\/\/analyse.optim.biz\/?p=2120951"},"modified":"2026-08-31T15:22:19","modified_gmt":"2026-08-31T12:22:19","slug":"primaria-buzau-a-demarat-etapa-pregatitoare-pentru-elaborarea-puz-pasaj-strada-aurel-vlaicu-conectare-zona-industriilor-cu-zona-garii-pe-terenurile-cu-n-c-68437-si-n-c-69","status":"publish","type":"post","link":"https:\/\/analyse.optim.biz\/?p=2120951","title":{"rendered":"Prim\u0103ria Buz\u0103u a demarat etapa preg\u0103titoare pentru elaborarea PUZ \u201ePASAJ STRADA AUREL VLAICU \u2013 CONECTARE ZONA INDUSTRIILOR CU ZONA G\u0102RII\u201d, pe terenurile cu N.C. 68437 \u0219i N.C.69018"},"content":{"rendered":"<p>[analyse_image type=&#8221;featured&#8221; src=&#8221;https:\/\/stiridebuzau.ro\/wp-content\/uploads\/2023\/09\/Primaria-Buzau-e1757173521456.jpg&#8221;]<\/p>\n<div class=\"elementor-element elementor-element-22c955c elementor-widget elementor-widget-theme-post-content\" data-id=\"22c955c\" data-element_type=\"widget\" data-widget_type=\"theme-post-content.default\">\n<div class=\"elementor-widget-container\">\n<p>\u00cen vederea implic\u0103rii publicului cu privire la inten\u021bia de elaborare a unui Plan Urbanistic Zonal (P.U.Z.), v\u0103 aducem la cuno\u015ftin\u0163\u0103 c\u0103 PRIM\u0102RIA MUNICIPIULUI BUZ\u0102U cu sediul \u00een str. Pia\u021ba Daciei, nr. 1, a demarat etapa preg\u0103titoare elabor\u0103rii propunerilor Planului Urbanistic Zonal pentru \u201ePASAJ STRADA AUREL VLAICU \u2013 CONECTARE ZONA INDUSTRIILOR CU ZONA G\u0102RII\u201d, pe terenurile cu N.C. 68437 (Str. Aurel Vlaicu) \u0219i N.C.69018 (B-dul Republicii).<br \/>\nConsultarea propunerilor pentru P.U.Z. se poate face pe site-ul www.primariabuzau.ro, sec\u0163iunea Urbanism \u2013 Anun\u0163uri publice privind documenta\u0163ii de urbanism.<\/p>\n<p>\u00cen calitate de proprietar \/vecin al terenului din zona de studiu a P.U.Z.-ului, v\u0103 solicit\u0103m s\u0103 ne comunica\u0163i punctul de vedere \/ observa\u021biile, prin po\u015ft\u0103 (Prim\u0103ria Buz\u0103u, Pia\u0163aTeatrului, nr.1) sau prin e-mail (viorel.cernat@primariabuzau.ro), p\u00e2n\u0103 la data de 27.09.2026.<br \/>\nR\u0103spunsul la observa\u0163iile transmise va fi afi\u015fat pe pagina de internet a Primariei Municipiului Buz\u0103u \u2013 www.primariabuzau.ro \u2013 \u00een perioada: 28.09.2026 \u2013 12.10.2026.<br \/><a href=\"https:\/\/stiridebuzau.ro\/wp-content\/uploads\/2026\/08\/Screenshot_20260831-172014_WPS-Office.jpg\"><img loading=\"lazy\" decoding=\"async\" class=\"aligncenter size-large wp-image-77572\" src=\"https:\/\/stiridebuzau.ro\/wp-content\/uploads\/2026\/08\/Screenshot_20260831-172014_WPS-Office-722x1024.jpg\" alt width=\"722\" height=\"1024\"><\/a><\/p>\n<\/div>\n<\/div>\n<div class=\"elementor-element elementor-element-22c955c elementor-widget elementor-widget-theme-post-content\" data-id=\"22c955c\" data-element_type=\"widget\" data-widget_type=\"theme-post-content.default\">\n<div class=\"elementor-widget-container\">\n<p>\u00cen vederea implic\u0103rii publicului cu privire la inten\u021bia de elaborare a unui Plan Urbanistic Zonal (P.U.Z.), v\u0103 aducem la cuno\u015ftin\u0163\u0103 c\u0103 PRIM\u0102RIA MUNICIPIULUI BUZ\u0102U cu sediul \u00een str. Pia\u021ba Daciei, nr. 1, a demarat etapa preg\u0103titoare elabor\u0103rii propunerilor Planului Urbanistic Zonal pentru \u201ePASAJ STRADA AUREL VLAICU \u2013 CONECTARE ZONA INDUSTRIILOR CU ZONA G\u0102RII\u201d, pe terenurile cu N.C. 68437 (Str. Aurel Vlaicu) \u0219i N.C.69018 (B-dul Republicii).<br \/>\nConsultarea propunerilor pentru P.U.Z. se poate face pe site-ul www.primariabuzau.ro, sec\u0163iunea Urbanism \u2013 Anun\u0163uri publice privind documenta\u0163ii de urbanism.<\/p>\n<p>\u00cen calitate de proprietar \/vecin al terenului din zona de studiu a P.U.Z.-ului, v\u0103 solicit\u0103m s\u0103 ne comunica\u0163i punctul de vedere \/ observa\u021biile, prin po\u015ft\u0103 (Prim\u0103ria Buz\u0103u, Pia\u0163aTeatrului, nr.1) sau prin e-mail (viorel.cernat@primariabuzau.ro), p\u00e2n\u0103 la data de 27.09.2026.<br \/>\nR\u0103spunsul la observa\u0163iile transmise va fi afi\u015fat pe pagina de internet a Primariei Municipiului Buz\u0103u \u2013 www.primariabuzau.ro \u2013 \u00een perioada: 28.09.2026 \u2013 12.10.2026.<br \/><a href=\"https:\/\/stiridebuzau.ro\/wp-content\/uploads\/2026\/08\/Screenshot_20260831-172014_WPS-Office.jpg\"><img loading=\"lazy\" decoding=\"async\" class=\"aligncenter size-large wp-image-77572\" src=\"https:\/\/stiridebuzau.ro\/wp-content\/uploads\/2026\/08\/Screenshot_20260831-172014_WPS-Office-722x1024.jpg\" alt width=\"722\" height=\"1024\"><\/a><\/p>\n<\/div>\n<\/div>\n<p>[analyse_source url=&#8221;https:\/\/stiridebuzau.ro\/primaria-buzau-a-demarat-etapa-pregatitoare-pentru-elaborarea-puz-pasaj-strada-aurel-vlaicu-conectare-zona-industriilor-cu-zona-garii-pe-terenurile-cu-n-c-68437-si-n-c-69\/&#8221;]<\/p>\n","protected":false},"excerpt":{"rendered":"<p>[analyse_image type=&#8221;featured&#8221; src=&#8221;https:\/\/stiridebuzau.ro\/wp-content\/uploads\/2023\/09\/Primaria-Buzau-e1757173521456.jpg&#8221;] \u00cen vederea implic\u0103rii publicului cu privire la inten\u021bia de elaborare a unui Plan Urbanistic Zonal (P.U.Z.), v\u0103 aducem la cuno\u015ftin\u0163\u0103 c\u0103 PRIM\u0102RIA MUNICIPIULUI BUZ\u0102U cu sediul \u00een str. Pia\u021ba Daciei, nr. 1, a demarat etapa preg\u0103titoare elabor\u0103rii propunerilor Planului Urbanistic Zonal pentru \u201ePASAJ STRADA AUREL VLAICU \u2013 CONECTARE ZONA INDUSTRIILOR CU ZONA [&hellip;]<\/p>\n","protected":false},"author":1,"featured_media":0,"comment_status":"open","ping_status":"","sticky":false,"template":"","format":"standard","meta":{"footnotes":""},"categories":[2],"tags":[226,117],"class_list":["post-2120951","post","type-post","status-publish","format-standard","hentry","category-politics","tag-crawlmanager","tag-stiridebuzau-ro"],"_links":{"self":[{"href":"https:\/\/analyse.optim.biz\/index.php?rest_route=\/wp\/v2\/posts\/2120951","targetHints":{"allow":["GET"]}}],"collection":[{"href":"https:\/\/analyse.optim.biz\/index.php?rest_route=\/wp\/v2\/posts"}],"about":[{"href":"https:\/\/analyse.optim.biz\/index.php?rest_route=\/wp\/v2\/types\/post"}],"author":[{"embeddable":true,"href":"https:\/\/analyse.optim.biz\/index.php?rest_route=\/wp\/v2\/users\/1"}],"replies":[{"embeddable":true,"href":"https:\/\/analyse.optim.biz\/index.php?rest_route=%2Fwp%2Fv2%2Fcomments&post=2120951"}],"version-history":[{"count":0,"href":"https:\/\/analyse.optim.biz\/index.php?rest_route=\/wp\/v2\/posts\/2120951\/revisions"}],"wp:attachment":[{"href":"https:\/\/analyse.optim.biz\/index.php?rest_route=%2Fwp%2Fv2%2Fmedia&parent=2120951"}],"wp:term":[{"taxonomy":"category","embeddable":true,"href":"https:\/\/analyse.optim.biz\/index.php?rest_route=%2Fwp%2Fv2%2Fcategories&post=2120951"},{"taxonomy":"post_tag","embeddable":true,"href":"https:\/\/analyse.optim.biz\/index.php?rest_route=%2Fwp%2Fv2%2Ftags&post=2120951"}],"curies":[{"name":"wp","href":"https:\/\/api.w.org\/{rel}","templated":true}]}}