{"id":2120948,"date":"2026-08-31T00:00:00","date_gmt":"2026-08-30T21:00:00","guid":{"rendered":"https:\/\/analyse.optim.biz\/?p=2120948"},"modified":"2026-08-31T00:00:00","modified_gmt":"2026-08-30T21:00:00","slug":"mae-oana-toiu-la-reuniunea-gymnich-gazduita-de-presedintia-irlandeza-a-consiliului-ue","status":"publish","type":"post","link":"https:\/\/analyse.optim.biz\/?p=2120948","title":{"rendered":"MAE: Oana \u021aoiu &#8211; la reuniunea Gymnich g\u0103zduit\u0103 de Pre\u0219edin\u021bia irlandez\u0103 a Consiliului UE"},"content":{"rendered":"<p>[analyse_image type=&#8221;featured&#8221; src=&#8221;https:\/\/agerpres.ro\/data\/202608\/20260831231056_659433.jpg&#8221;]<\/p>\n<div class=\"mx-auto pt-3\">\n<p><strong>Ministrul interimar al Afacerilor Externe, Oana \u021aoiu, va participa, mar\u021bi \u0219i miercuri, la reuniunea informal\u0103 a mini\u0219trilor afacerilor externe ai UE, la Wicklow, \u00een Irlanda, \u021bara care de\u021bine Pre\u0219edin\u021bia Consiliului UE.<\/strong><\/p>\n<p>Potrivit unui comunicat al MAE, transmis AGERPRES, au fost invita\u021bi s\u0103 se al\u0103ture discu\u021biei \u0219i omologii din Canada, Elve\u021bia, Islanda, Norvegia, Marea Britanie \u0219i Ucraina.<\/p>\n<p>Prima sesiune va aborda r\u0103spunsul UE la agresiunea Rusiei asupra Ucrainei \u0219i escaladarea conflictului, cu accent pe extinderea incidentelor de securitate din Marea Neagr\u0103 \u0219i impactul asupra exporturilor de gr\u00e2ne \u0219i securit\u0103\u021bii globale alimentare, sprijinul pentru Ucraina \u0219i m\u0103suri de limitare a capacit\u0103\u021bii Rusiei de a continua r\u0103zboiul de agresiune, precizeaz\u0103 sursa citat\u0103.<\/p>\n<p>A doua sesiune se va axa pe \u00eembun\u0103t\u0103\u021birea ac\u021biunii UE pe dimensiunea de Politic\u0103 extern\u0103 \u0219i de securitate comun\u0103\/PESC, inclusiv pe consolidarea eficien\u021bei, reforma cadrului institu\u021bional, metode de lucru \u0219i procese decizionale, arat\u0103 MAE.<\/p>\n<p>De asemenea, vor fi abordate priorit\u0103\u021bile UE la Adunarea General\u0103 a ONU 81, \u00een special sprijinul pentru reforma ONU \u0219i multilateralism.<\/p>\n<p>Cea de a treia sesiune va fi dedicat\u0103 situa\u021biei din Orientul Mijlociu \u0219i evolu\u021biilor pe palierele libert\u0103\u021bii de naviga\u021bie, sprijinului pentru Liban, implement\u0103rii Planului de pace din Gaza \u0219i deterior\u0103rii situa\u021biei din Cisiordania, informeaz\u0103 MAE. AGERPRES\/(AS &#8211; editor: Andreea Rotaru, editor online: Andreea Preda)<\/p>\n<\/div>\n<div class=\"mx-auto pt-3\">\n                                Afisari: 13\n                            <\/div>\n<p>[analyse_source url=&#8221;https:\/\/agerpres.ro\/politic\/2026\/08\/31\/mae-oana-toiu&#8212;la-reuniunea-gymnich-gazduita-de-presedintia-irlandeza-a-consiliului-ue&#8211;1589448&#8243;]<\/p>\n","protected":false},"excerpt":{"rendered":"<p>[analyse_image type=&#8221;featured&#8221; src=&#8221;https:\/\/agerpres.ro\/data\/202608\/20260831231056_659433.jpg&#8221;] Ministrul interimar al Afacerilor Externe, Oana \u021aoiu, va participa, mar\u021bi \u0219i miercuri, la reuniunea informal\u0103 a mini\u0219trilor afacerilor externe ai UE, la Wicklow, \u00een Irlanda, \u021bara care de\u021bine Pre\u0219edin\u021bia Consiliului UE. Potrivit unui comunicat al MAE, transmis AGERPRES, au fost invita\u021bi s\u0103 se al\u0103ture discu\u021biei \u0219i omologii din Canada, Elve\u021bia, Islanda, Norvegia, [&hellip;]<\/p>\n","protected":false},"author":1,"featured_media":0,"comment_status":"open","ping_status":"","sticky":false,"template":"","format":"standard","meta":{"footnotes":""},"categories":[2],"tags":[37,226],"class_list":["post-2120948","post","type-post","status-publish","format-standard","hentry","category-politics","tag-agerpres-ro","tag-crawlmanager"],"_links":{"self":[{"href":"https:\/\/analyse.optim.biz\/index.php?rest_route=\/wp\/v2\/posts\/2120948","targetHints":{"allow":["GET"]}}],"collection":[{"href":"https:\/\/analyse.optim.biz\/index.php?rest_route=\/wp\/v2\/posts"}],"about":[{"href":"https:\/\/analyse.optim.biz\/index.php?rest_route=\/wp\/v2\/types\/post"}],"author":[{"embeddable":true,"href":"https:\/\/analyse.optim.biz\/index.php?rest_route=\/wp\/v2\/users\/1"}],"replies":[{"embeddable":true,"href":"https:\/\/analyse.optim.biz\/index.php?rest_route=%2Fwp%2Fv2%2Fcomments&post=2120948"}],"version-history":[{"count":0,"href":"https:\/\/analyse.optim.biz\/index.php?rest_route=\/wp\/v2\/posts\/2120948\/revisions"}],"wp:attachment":[{"href":"https:\/\/analyse.optim.biz\/index.php?rest_route=%2Fwp%2Fv2%2Fmedia&parent=2120948"}],"wp:term":[{"taxonomy":"category","embeddable":true,"href":"https:\/\/analyse.optim.biz\/index.php?rest_route=%2Fwp%2Fv2%2Fcategories&post=2120948"},{"taxonomy":"post_tag","embeddable":true,"href":"https:\/\/analyse.optim.biz\/index.php?rest_route=%2Fwp%2Fv2%2Ftags&post=2120948"}],"curies":[{"name":"wp","href":"https:\/\/api.w.org\/{rel}","templated":true}]}}