{"id":2120947,"date":"2026-08-31T17:15:00","date_gmt":"2026-08-31T14:15:00","guid":{"rendered":"https:\/\/analyse.optim.biz\/?p=2120947"},"modified":"2026-08-31T17:15:00","modified_gmt":"2026-08-31T14:15:00","slug":"de-ce-putin-sfideaza-propunerea-de-pace-a-lui-trump-ma-vor-spanzura-daca-nu-cuceresc-donbas","status":"publish","type":"post","link":"https:\/\/analyse.optim.biz\/?p=2120947","title":{"rendered":"De ce Putin sfideaz\u0103 propunerea de pace a lui Trump. \u201eM\u0103 vor sp\u00e2nzura dac\u0103 nu cuceresc Donbas\u201d"},"content":{"rendered":"<p>[analyse_image type=&#8221;featured&#8221; src=&#8221;https:\/\/newsweek.ro\/resize\/-MOzP0eL5mEtnwLMO59MXo4zd6ttDSCwrNtxAcSPatQ\/rs:fill:1200:630:1\/g:ce\/aHR0cHM6Ly9uZXdzd2Vlay5yby9zdG9yYWdlL211bHRpbWVkaWEvMjAyNi8wOC9RMEpLb0ZEblZ0MzRydU9Yd3NNalF5dVUxMzhkZVZoYWFVU2NBMXlYLmpwZw.webp&#8221;]<\/p>\n<article>\n<h1 class=\"font-title text-3xl md:text-4xl font-bold mb-4 leading-tight\">\n                    De ce Putin sfideaz\u0103 propunerea de pace a lui Trump. \u201eM\u0103 vor sp\u00e2nzura dac\u0103 nu cuceresc Donbas\u201d<br \/>\n                <\/h1>\n<div class=\"flex flex-col md:flex-row items-start md:items-center justify-between space-y-4 md:space-y-0 mb-4\">\n<div class=\"flex items-center justify-start leading-none\"><a href=\"https:\/\/newsweek.ro\/international\" class=\"bg-red-600 text-white text-base uppercase font-title font-bold leading-none px-2 py-1\"><br \/>\n                            Interna\u021bional<br \/>\n                        <\/a><span class=\"text-zinc-500 mx-1 leading-none text-nowrap\">\u2022 DE<\/span><a href=\"https:\/\/newsweek.ro\/autor\/adina-mutar\"><span class=\"text-red-600 text-base uppercase leading-none\">Adina Mut\u0103r<\/span><\/a><\/div>\n<div class=\"flex flex-col items-start md:items-end space-y-0.5\"><span class=\"text-sm text-zinc-500 text-base leading-none\"><br \/>\n                            Data public\u0103rii: 31.08.2026 \u2022 20:15<br \/>\n                        <\/span><\/div>\n<\/div>\n<div class=\"flex flex-col justify-center items-center\">\n<div class=\"w-full relative\">\n<figure class=\"relative w-full aspect-4\/3 bg-zinc-500 z-0\">\n                                                <source srcset=\"https:\/\/newsweek.ro\/resize\/ogH6nQVQxhOQq_GxFjLLpA6HzdrKr7fv03IV_3mA-jc\/rs:fill:800:600:1\/g:ce\/aHR0cHM6Ly9uZXdzd2Vlay5yby9zdG9yYWdlL211bHRpbWVkaWEvMjAyNi8wOC9RMEpLb0ZEblZ0MzRydU9Yd3NNalF5dVUxMzhkZVZoYWFVU2NBMXlYLmpwZw.webp\" media=\"(min-width: 1200px)\" \/><figcaption class=\"absolute bottom-0 left-0 w-full bg-black\/50 m-0 px-4 py-2\"><span class=\"block text-sm md:text-base text-white font-title font-semibold leading-tight\">Putin sfideaz\u0103 propunerea de pace a lui Trump. Motivul: \u201eM\u0103 vor sp\u00e2nzura dac\u0103 nu cuceresc Donbas\u201d &#8211;  Foto: Profimedia Images (imagine cu  rol ilustrativ)<\/span><\/figcaption><\/figure>\n<figure class=\"relative w-full aspect-4\/3 bg-zinc-500 z-0\">\n                                                <source srcset=\"https:\/\/newsweek.ro\/resize\/9d_SPS8iCPL49OddxCcGJ-fUyvCrOguQ8KuPYteb_0M\/rs:fill:800:600:1\/g:ce\/aHR0cHM6Ly9uZXdzd2Vlay5yby9zdG9yYWdlL211bHRpbWVkaWEvMjAyNi8wOC90VjZqVW5qQjV0UmVqaWViWjh4OUFIS2JkeUNGa01SdEQwVVVFOU5xLmpwZw.webp\" media=\"(min-width: 1200px)\" \/><figcaption class=\"absolute bottom-0 left-0 w-full bg-black\/50 m-0 px-4 py-2\"><span class=\"block text-sm md:text-base text-white font-title font-semibold leading-tight\">Putin se preg\u0103te\u0219te s\u0103 trimit\u0103 \u00eenc\u0103 400.000 de solda\u021bi pe front &#8211; Foto: Profimedia Images (imagine cu  rol ilustrativ)<\/span><\/figcaption><\/figure>\n<\/div>\n<\/div>\n<p class=\"break-words text-left text-lg md:text-xl text-zinc-700 font-text font-bold my-8\">\n                    O surs\u0103 a declarat c\u0103 Putin consider\u0103 c\u0103 \u00eencheierea r\u0103zboiului f\u0103r\u0103 a cuceri cel pu\u021bin \u00eentregul Donbas i-ar putea amenin\u021ba supravie\u021buirea. \u201eM\u0103 vor sp\u00e2nzura\u201d, le-ar fi spus el apropia\u021bilor s\u0103i.\n                <\/p>\n<div class=\"content break-words text-left text-lg md:text-xl font-text px-4 md:px-8 mt-8\">\n<p>Pre\u0219edintele rus Vladimir Putin se teme de \u00eenfr\u00e2ngere \u00een Ucraina \u0219i pl\u0103nuie\u0219te s\u0103 trimit\u0103 \u00eenc\u0103 400.000 de solda\u021bi la r\u0103zboi. \u201eM\u0103 vor sp\u00e2nzura, dac\u0103 nu iau Donbas\u201d, ar fi spus el apropia\u021bilor.<\/p>\n<p>Putin intensific\u0103 r\u0103zboiul \u00eempotriva Ucrainei prin trimiterea a 400.000 de ru\u0219i suplimentari pe c\u00e2mpul de lupt\u0103, au declarat surse apropiate Kremlinului pentru The Economist.<\/p>\n<p>Decretul de mobilizare semnat de Putin \u00een septembrie 2022 r\u0103m\u00e2ne \u00een vigoare, permi\u021b\u00e2nd autorit\u0103\u021bilor s\u0103 recruteze trupe suplimentare f\u0103r\u0103 a emite un nou ordin la nivel na\u021bional, potrivit raportului.<\/p>\n<h2>De ce Putin sfideaz\u0103 propunerea de pace a lui Trump. \u201eM\u0103 vor sp\u00e2nzura dac\u0103 nu cuceresc Donbas\u201d<\/h2>\n<p>O surs\u0103 a declarat c\u0103 Putin consider\u0103 c\u0103 \u00eencheierea r\u0103zboiului f\u0103r\u0103 a cuceri cel pu\u021bin \u00eentregul Donbas i-ar putea amenin\u021ba supravie\u021buirea.<\/p>\n<p>\u201eM\u0103 vor sp\u00e2nzura\u201d, le-ar fi spus el apropiatilor s\u0103i, potrivit <a href=\"https:\/\/www.kyivpost.com\/post\/83426\">Kyiv Post<\/a>.<\/p>\n<p>Recrutarea planificat\u0103 ar putea fi delegat\u0103 autorit\u0103\u021bilor regionale din Rusia, care vor folosi tactici de presiune pentru a respecta cotele, \u00eencerc\u00e2nd \u00een acela\u0219i timp s\u0103 \u00eempiedice r\u0103sp\u00e2ndirea furiei dincolo de nivelul local.<\/p>\n<figure id=\"236986\" class=\"relative block w-full aspect-16\/9 bg-zinc-500 rounded z-0 overflow-hidden\"><img decoding=\"async\" class=\"w-full h-full object-cover\" src=\"https:\/\/newsweek.ro\/resize\/qiJq9upPMxLs1dYcl5yKICzQWmojnbgWj_6TF24h0bs\/rs:fill:800:0:1\/g:ce\/aHR0cHM6Ly9uZXdzd2Vlay5yby9zdG9yYWdlL211bHRpbWVkaWEvMjAyNi8wOC90VjZqVW5qQjV0UmVqaWViWjh4OUFIS2JkeUNGa01SdEQwVVVFOU5xLmpwZw.webp\" alt=\"Putin se preg\u0103te\u0219te s\u0103 trimit\u0103 \u00eenc\u0103 400.000 de solda\u021bi pe front - Foto: Profimedia Images (imagine cu  rol ilustrativ)\"><figcaption class=\"absolute bottom-0 left-0 right-0 bg-zinc-700\/75 m-0 p-1\"><span class=\"block font-normal text-xs text-white leading-tight\">Putin se preg\u0103te\u0219te s\u0103 trimit\u0103 \u00eenc\u0103 400.000 de solda\u021bi pe front &#8211; Foto: Profimedia Images (imagine cu rol ilustrativ)<\/span><\/figcaption><\/figure>\n<p>Se pare c\u0103 sistemul este deja testat \u00een regiunea Penza din Rusia, unde b\u0103rba\u021bi au fost re\u021binu\u021bi pe str\u0103zi \u0219i trimi\u0219i cu for\u021ba s\u0103 lupte \u00een Ucraina.<\/p>\n<p>Presiunile lui Putin pentru escaladarea situa\u021biei vin \u00een contextul \u00een care armata rus\u0103 nu a reu\u0219it s\u0103 realizeze un progres decisiv \u00een ciuda anilor de lupte.<\/p>\n<p>Un membru al elitei ruse a declarat pentru The Economist c\u0103 o\u00a0 continuare a r\u0103zboiului \u00eempotriva \u201einer\u021biei\u201d este din ce \u00een ce mai costisitoare, dren\u00e2nd at\u00e2t resurse economice, c\u00e2t \u0219i capital politic.<\/p>\n<p>Kremlinul ar putea, de asemenea, s\u0103-\u0219i extind\u0103 campania hibrid\u0103 \u00eempotriva alia\u021bilor occidentali ai Ucrainei.<\/p>\n<p>Oficialii serviciilor secrete occidentale raporteaz\u0103 c\u0103 Rusia vizeaz\u0103 fabricile europene care produc arme \u0219i echipamente militare pentru Ucraina.<\/p>\n<p>Cu toate acestea, sursele consider\u0103 c\u0103 Putin nu dore\u0219te o confruntare militar\u0103 direct\u0103 cu NATO.<\/p>\n<h2>Putin, presat s\u0103 foloseasc\u0103 arme nucleare tactice<\/h2>\n<p>Pe plan intern, Putin ar putea r\u0103spunde presiunii cresc\u00e2nde prin intensificarea represiunii \u00eempotriva oponen\u021bilor politici.<\/p>\n<p>O surs\u0103 a declarat c\u0103 pre\u0219edintele rus vede nevoia de a-\u0219i manifesta puterea, chiar dac\u0103 oponen\u021bii s\u0103i nu reprezint\u0103 o amenin\u021bare imediat\u0103 la adresa puterii sale.<\/p>\n<p>De asemenea, Kremlinul ar fi considerat o vizit\u0103 recent\u0103 la Moscova a directorului CIA ca un semn de sl\u0103biciune.<\/p>\n<p>Directorul CIA i-a propus liderului rus o \u00eent\u00e2lnire Zelenski &#8211; Putin mediat\u0103 de SUA pentru a se \u00eencheia pacea. Dar Putin nu renun\u021b\u0103 la cererea sa de a trece sub controlul Rusiei \u0219i ceea ce nu a cucerit.<\/p>\n<p>\u00cen ciuda nelini\u0219tii cresc\u00e2nde \u00een r\u00e2ndul elitei ruse, pozi\u021bia lui Putin r\u0103m\u00e2ne sigur\u0103. O surs\u0103 din interior a spus c\u0103 cel mai mare cost al r\u0103zboiului ar putea fi, \u00een cele din urm\u0103, anii pe care Rusia i-a pierdut.<\/p>\n<p>Aproape cinci ani de lupte, a spus o alt\u0103 figur\u0103 a elitei, las\u0103 din ce \u00een ce mai mult impresia c\u0103 \u201e\u021barul este gol\u201d.<\/p>\n<p>Un important parlamentar rus a cerut deschis Moscovei s\u0103 foloseasc\u0103 o arm\u0103 nuclear\u0103 \u00eempotriva Ucrainei pentru a for\u021ba Kievul s\u0103 capituleze, pe m\u0103sur\u0103 ce cresc \u00eengrijor\u0103rile cu privire la o posibil\u0103 escaladare ulterioar\u0103 a conflictului din partea Rusiei.<\/p>\n<p>Alexei Juravlev, deputat al Dumei de Stat \u0219i lider al partidului na\u021bionalist Rodina, a declarat c\u0103 Rusia ar trebui s\u0103 foloseasc\u0103 arme nucleare tactice dac\u0103 este necesar \u0219i a respins orice dezbatere cu privire la dac\u0103 Moscova ar trebui s\u0103 treac\u0103 pragul nuclear.<\/p>\n<p>\u201eRusia trebuie s\u0103 loveasc\u0103 \u00een a\u0219a fel \u00eenc\u00e2t inamicul s\u0103 \u00een\u021beleag\u0103 c\u0103 trebuie s\u0103 capituleze\u201d, a declarat Juravlev \u00eentr-un discurs video, postat pe Telegram, duminic\u0103.<\/p>\n<\/div>\n<\/article>\n<article class=\"group border-b md:border-b-0 border-zinc-400 py-2 md:py-0\"><a href=\"https:\/\/www.digisport.ro\/fotbal\/super-lig\/cum-l-a-numit-baskanul-lui-gaziantep-pe-mirel-radoi-dupa-ce-l-a-dat-afara-nu-exagerez-cu-nimic-4460619\" target=\"_blank\" rel=\"external\"><\/p>\n<div class=\"flex flex-row md:flex-col items-center gap-2\">\n<div class=\"flex-none w-auto md:w-full\">\n<figure class=\"relative w-20 md:w-full aspect-square md:aspect-4\/3 bg-zinc-500 z-0 overflow-hidden\">\n                        <source srcset=\"https:\/\/newsweek.ro\/resize\/fX2bgfiH8RjsXNpxjgUewM29jlfLH0ZzqrfaEQW7-48\/rs:fill:250:188:1\/g:ce\/aHR0cHM6Ly9zLml3LnJvL2dhdGV3YXkvZy9abWxzWlZOdmRYSmpaVDFvZEhSd0pUTkJKVEpHSlRKRy9jM1J2Y21GblpUQXhaR2xuYVhNdWNtTnpMWEprY3k1eS9ieVV5Um5OMGIzSmhaMlVsTWtZeU1ESTFKVEpHTURZbC9Na1l5TnlVeVJqSXlPVEkyTURCZk1qSTVNall3TUY5eS9ZV1J2YVM1d2JtY21kejAxT1RBbWFEMHpNekltZW1NOS9NU1pvWVhOb1BXTTNOall3T0RWbFl6YzVNelUzTVRJMk1qRXhPVGhrT0RBM016Z3dOR1JtLnRodW1iLmpwZw.webp\" media=\"(min-width: 1200px)\" \/><figcaption class=\"hidden md:block absolute z-10 bottom-0 left-0 bg-digisport p-1\"><span class=\"block font-title text-white text-xs text-nowrap font-bold uppercase leading-none\">Digi Sport<\/span><\/figcaption><\/figure>\n<\/div>\n<div class=\"grow flex flex-col gap-1 md:gap-2 \"><span class=\"md:hidden font-title text-xs md:text-sm text-digisport text-nowrap font-bold uppercase leading-none\"><br \/>\n                    Digi Sport<br \/>\n                <\/span><span class=\"font-title font-bold text-base md:text-base text-black group-hover:text-red-600 leading-tight\"><br \/>\n                    Cum l-a numit ba\u0219kanul lui Gaziantep pe Mirel R\u0103doi, dup\u0103 ce l-a dat afar\u0103: &#8220;Nu exagerez&#8221;<br \/>\n                <\/span><\/div>\n<\/div>\n<p><\/a><\/article>\n<article class=\"group border-b md:border-b-0 border-zinc-400 py-2 md:py-0\"><a href=\"https:\/\/www.digisport.ro\/special\/lovitura-de-proportii-dani-alves-a-primit-vestea-la-un-an-si-cinci-luni-de-cand-a-fost-achitat-4460957\" target=\"_blank\" rel=\"external\"><\/p>\n<div class=\"flex flex-row md:flex-col items-center gap-2\">\n<div class=\"flex-none w-auto md:w-full\">\n<figure class=\"relative w-20 md:w-full aspect-square md:aspect-4\/3 bg-zinc-500 z-0 overflow-hidden\">\n                        <source srcset=\"https:\/\/newsweek.ro\/resize\/k9NaoZ7Fkh-JL8WlM8HbCX1AKO8_YCVvXCowuqPwXE0\/rs:fill:250:188:1\/g:ce\/aHR0cHM6Ly9zLml3LnJvL2dhdGV3YXkvZy9abWxzWlZOdmRYSmpaVDFvZEhSd0pUTkJKVEpHSlRKRy9jM1J2Y21GblpUQXhaR2xuYVhNdWNtTnpMWEprY3k1eS9ieVV5Um5OMGIzSmhaMlVsTWtZeU1ESTBKVEpHTURJbC9Na1l5TWlVeVJqRTVNRGszTmpOZk1Ua3dPVGMyTTE5dy9jbTltYVcxbFpHbGhMVEE0TkRNMk56UTJNekV1YW5Cbi9KbmM5TlRrd0ptZzlNek15Sm5walBURW1hR0Z6YUQwMC9NVFk1WWpVNU5EUm1aRE5pWWpNME5EZG1aVFprTnpNNFpETmhNR1JpWWc9PS50aHVtYi5qcGc.webp\" media=\"(min-width: 1200px)\" \/><figcaption class=\"hidden md:block absolute z-10 bottom-0 left-0 bg-digisport p-1\"><span class=\"block font-title text-white text-xs text-nowrap font-bold uppercase leading-none\">Digi Sport<\/span><\/figcaption><\/figure>\n<\/div>\n<div class=\"grow flex flex-col gap-1 md:gap-2 \"><span class=\"md:hidden font-title text-xs md:text-sm text-digisport text-nowrap font-bold uppercase leading-none\"><br \/>\n                    Digi Sport<br \/>\n                <\/span><span class=\"font-title font-bold text-base md:text-base text-black group-hover:text-red-600 leading-tight\"><br \/>\n                    Lovitur\u0103 de propor\u021bii: Dani Alves a primit vestea, la un an \u0219i cinci luni de c\u00e2nd a fost achitat!<br \/>\n                <\/span><\/div>\n<\/div>\n<p><\/a><\/article>\n<article class=\"group border-b md:border-b-0 border-zinc-400 py-2 md:py-0\"><a href=\"https:\/\/www.digisport.ro\/fotbal\/fara-mila-a-postat-o-poza-si-cinci-cuvinte-pe-internet-iar-a-doua-zi-i-au-dat-copilul-afara-4460781\" target=\"_blank\" rel=\"external\"><\/p>\n<div class=\"flex flex-row md:flex-col items-center gap-2\">\n<div class=\"flex-none w-auto md:w-full\">\n<figure class=\"relative w-20 md:w-full aspect-square md:aspect-4\/3 bg-zinc-500 z-0 overflow-hidden\">\n                        <source srcset=\"https:\/\/newsweek.ro\/resize\/YbLdc3mzJLSH9wCEqOn__haHE_PT2HCC1Uds_D7PIUo\/rs:fill:250:188:1\/g:ce\/aHR0cHM6Ly9zLml3LnJvL2dhdGV3YXkvZy9abWxzWlZOdmRYSmpaVDFvZEhSd0pUTkJKVEpHSlRKRy9jM1J2Y21GblpUQXhaR2xuYVhNdWNtTnpMWEprY3k1eS9ieVV5Um5OMGIzSmhaMlVsTWtZeU1ESTJKVEpHTURnbC9Na1l6TVNVeVJqSTVNekl6TnpWZk1qa3pNak0zTlY5dy9iM0owWVhJdWNHNW5KbmM5TlRrd0ptZzlNek15Sm5wai9QVEVtYUdGemFEMHhPRGN4WkRsak1qaGpPVGRsTXpRek9HTTBOMkUwWldOaVlUa3pObUpqT1E9PS50aHVtYi5qcGc.webp\" media=\"(min-width: 1200px)\" \/><figcaption class=\"hidden md:block absolute z-10 bottom-0 left-0 bg-digisport p-1\"><span class=\"block font-title text-white text-xs text-nowrap font-bold uppercase leading-none\">Digi Sport<\/span><\/figcaption><\/figure>\n<\/div>\n<div class=\"grow flex flex-col gap-1 md:gap-2 \"><span class=\"md:hidden font-title text-xs md:text-sm text-digisport text-nowrap font-bold uppercase leading-none\"><br \/>\n                    Digi Sport<br \/>\n                <\/span><span class=\"font-title font-bold text-base md:text-base text-black group-hover:text-red-600 leading-tight\"><br \/>\n                    F\u0103r\u0103 mil\u0103: a postat o poz\u0103 \u0219i cinci cuvinte pe internet, iar a doua zi i-au dat copilul afar\u0103!<br \/>\n                <\/span><\/div>\n<\/div>\n<p><\/a><\/article>\n<article class=\"group border-b md:border-b-0 border-zinc-400 py-2 md:py-0\"><a href=\"https:\/\/www.digi24.ro\/stiri\/externe\/mapamond\/imagini-virale-lider-spiritual-indian-in-cabina-de-sticla-cu-aer-conditionat-si-picioarele-afara-pentru-a-fi-sarutate-3928785\" target=\"_blank\" rel=\"external\"><\/p>\n<div class=\"flex flex-row md:flex-col items-center gap-2\">\n<div class=\"flex-none w-auto md:w-full\">\n<figure class=\"relative w-20 md:w-full aspect-square md:aspect-4\/3 bg-zinc-500 z-0 overflow-hidden\">\n                        <source srcset=\"https:\/\/newsweek.ro\/resize\/WdAmfWN5PKTAeynm1gISmwigIE1D_vMht1emP6hehGs\/rs:fill:250:188:1\/g:ce\/aHR0cHM6Ly9zLml3LnJvL2dhdGV3YXkvZy9abWxzWlZOdmRYSmpaVDFvZEhSd0pUTkJKVEpHSlRKRy9jM1J2Y21GblpUQTRkSEpoYm5OamIyUmxjaTV5WTNNdC9jbVJ6TG5KdkpUSkdjM1J2Y21GblpTVXlSakl3TWpZbC9Na1l3T0NVeVJqTXhKVEpHTWprek1Ua3pNMTh5T1RNeC9PVE16WDJsdVpHbGhiaTVxY0djbWR6MDFPVEFtYUQwei9NekltZW1NOU1TWm9ZWE5vUFRWa01XUmhPVEUzTlRnd01URmxORGt4TkRFeE1XVTBNVGs1TVRjNE9EbGoudGh1bWIuanBn.webp\" media=\"(min-width: 1200px)\" \/><figcaption class=\"hidden md:block absolute z-10 bottom-0 left-0 bg-digi24 p-1\"><span class=\"block font-title text-white text-xs text-nowrap font-bold uppercase leading-none\">Digi24<\/span><\/figcaption><\/figure>\n<\/div>\n<div class=\"grow flex flex-col gap-1 md:gap-2 \"><span class=\"md:hidden font-title text-xs md:text-sm text-digi24 text-nowrap font-bold uppercase leading-none\"><br \/>\n                    Digi24<br \/>\n                <\/span><span class=\"font-title font-bold text-base md:text-base text-black group-hover:text-red-600 leading-tight\"><br \/>\n                    Imagini virale: lider spiritual indian, \u00een cabin\u0103 de sticl\u0103 cu aer condi\u021bionat \u0219i picioarele afar\u0103 pentru a fi s\u0103rutate<br \/>\n                <\/span><\/div>\n<\/div>\n<p><\/a><\/article>\n<article class=\"group border-b md:border-b-0 border-zinc-400 py-2 md:py-0\"><a href=\"https:\/\/www.digi24.ro\/stiri\/actualitate\/social\/cui-apartine-spatiul-din-fata-casei-sau-a-blocului-cine-il-poate-folosi-si-ce-amenzi-risca-cei-care-incalca-regulile-3925841\" target=\"_blank\" rel=\"external\"><\/p>\n<div class=\"flex flex-row md:flex-col items-center gap-2\">\n<div class=\"flex-none w-auto md:w-full\">\n<figure class=\"relative w-20 md:w-full aspect-square md:aspect-4\/3 bg-zinc-500 z-0 overflow-hidden\">\n                        <source srcset=\"https:\/\/newsweek.ro\/resize\/y5aopdDcEpJO-61oDiqDCB87Q38bC0-fwfBk0ivK62Q\/rs:fill:250:188:1\/g:ce\/aHR0cHM6Ly9zLml3LnJvL2dhdGV3YXkvZy9abWxzWlZOdmRYSmpaVDFvZEhSd0pUTkJKVEpHSlRKRy9jM1J2Y21GblpUQTRkSEpoYm5OamIyUmxjaTV5WTNNdC9jbVJ6TG5KdkpUSkdjM1J2Y21GblpTVXlSakl3TWpZbC9Na1l3T0NVeVJqTXhKVEpHTWprek1UQTJORjh5T1RNeC9NRFkwWDFsWFNYaGFhbFUxVDBSUmQxcHFVWHBQUjBreS9UbnBHYkUxNmJHcE5WRVpvV1cxWk1scFVhRzFQVVY5MC9hSFZ0WWkweExtcHdaeVozUFRVNU1DWm9QVE16TWlaNi9ZejB4Sm1oaGMyZzlNRFkwTW1VM01XUmlNelU0WXpobVl6ZGpPVFprTVdRNFpUUXhaak5tT0dFPS50aHVtYi5qcGc.webp\" media=\"(min-width: 1200px)\" \/><figcaption class=\"hidden md:block absolute z-10 bottom-0 left-0 bg-digi24 p-1\"><span class=\"block font-title text-white text-xs text-nowrap font-bold uppercase leading-none\">Digi24<\/span><\/figcaption><\/figure>\n<\/div>\n<div class=\"grow flex flex-col gap-1 md:gap-2 \"><span class=\"md:hidden font-title text-xs md:text-sm text-digi24 text-nowrap font-bold uppercase leading-none\"><br \/>\n                    Digi24<br \/>\n                <\/span><span class=\"font-title font-bold text-base md:text-base text-black group-hover:text-red-600 leading-tight\"><br \/>\n                    Cui apar\u021bine spa\u021biul din fa\u021ba casei sau a blocului. Cine \u00eel poate folosi \u0219i ce amenzi risc\u0103 cei care \u00eencalc\u0103 regulile<br \/>\n                <\/span><\/div>\n<\/div>\n<p><\/a><\/article>\n<article class=\"group border-b md:border-b-0 border-zinc-400 py-2 md:py-0\"><a href=\"https:\/\/www.digi24.ro\/stiri\/sci-tech\/natura-si-mediu\/o-musca-din-arctica-a-ajuns-in-antarctica-oamenii-de-stiinta-avertizeaza-poate-provoca-o-destabilizare-ecosistemica-a-mediului-3926147\" target=\"_blank\" rel=\"external\"><\/p>\n<div class=\"flex flex-row md:flex-col items-center gap-2\">\n<div class=\"flex-none w-auto md:w-full\">\n<figure class=\"relative w-20 md:w-full aspect-square md:aspect-4\/3 bg-zinc-500 z-0 overflow-hidden\">\n                        <source srcset=\"https:\/\/newsweek.ro\/resize\/UOxpu6zr2e2Rv4lqLzTxArhy_tKNDFnh9nH1vfPGBsM\/rs:fill:250:188:1\/g:ce\/aHR0cHM6Ly9zLml3LnJvL2dhdGV3YXkvZy9abWxzWlZOdmRYSmpaVDFvZEhSd0pUTkJKVEpHSlRKRy9jM1J2Y21GblpUQTRkSEpoYm5OamIyUmxjaTV5WTNNdC9jbVJ6TG5KdkpUSkdjM1J2Y21GblpTVXlSakl3TWpZbC9Na1l3T0NVeVJqTXhKVEpHTWprek1UTXpNVjh5T1RNeC9Nek14WDA5VVVtMVBWMVpvVGtSV2FGcHRWVFZOVkVFdy9XV3BuTlZwVWFHeGFiVmt6V2xSR2FGbHRTbXRhUVY5MC9hSFZ0WWkweExtcHdaeVozUFRVNU1DWm9QVE16TWlaNi9ZejB4Sm1oaGMyZzlaR1E0Wm1RNE5UTmxOVGt5T0RSaE5UYzJaV014TXpBNU0yUTJOak15T0RNPS50aHVtYi5qcGc.webp\" media=\"(min-width: 1200px)\" \/><figcaption class=\"hidden md:block absolute z-10 bottom-0 left-0 bg-digi24 p-1\"><span class=\"block font-title text-white text-xs text-nowrap font-bold uppercase leading-none\">Digi24<\/span><\/figcaption><\/figure>\n<\/div>\n<div class=\"grow flex flex-col gap-1 md:gap-2 \"><span class=\"md:hidden font-title text-xs md:text-sm text-digi24 text-nowrap font-bold uppercase leading-none\"><br \/>\n                    Digi24<br \/>\n                <\/span><span class=\"font-title font-bold text-base md:text-base text-black group-hover:text-red-600 leading-tight\"><br \/>\n                    O musc\u0103 din Arctica a ajuns \u00een Antarctica. Oamenii de \u015ftiin\u0163\u0103 avertizeaz\u0103: poate provoca \u201eo destabilizare ecosistemic\u0103 a mediului\u201d<br \/>\n                <\/span><\/div>\n<\/div>\n<p><\/a><\/article>\n<article class=\"group border-b md:border-b-0 border-zinc-400 py-2 md:py-0\"><a href=\"https:\/\/adevarul.ro\/securitate-si-aparare\/razboi-in-inima-ue-pe-bani-de-ce-risca-romania-2552763.html?utm_source=Site&amp;utm_medium=newsweek&amp;utm_campaign=CrossExtern\" target=\"_blank\" rel=\"external\"><\/p>\n<div class=\"flex flex-row md:flex-col items-center gap-2\">\n<div class=\"flex-none w-auto md:w-full\">\n<figure class=\"relative w-20 md:w-full aspect-square md:aspect-4\/3 bg-zinc-500 z-0 overflow-hidden\">\n                        <source srcset=\"https:\/\/newsweek.ro\/resize\/RuENu3J2PJloL8A4BaLE0i8qaeWdx62p1itrHrdEMA4\/rs:fill:250:188:1\/g:ce\/aHR0cHM6Ly9jZG4uYWRoLnJlcGVyaW8ubmV3cy9pbWFnZS1kL2RkZjk3OWExLWI3OTUtNDkzYy05NzFjLTUyOWU2MmExMTJlYy9pbmRleC5qcGVnP3A9ZiUzRHBuZyUyNnclM0Q2NTAlMjZoJTNENjUwJTI2ciUzRGNvbnRhaW4lMjZxJTNEOTElMjZhJTNEMA.webp\" media=\"(min-width: 1200px)\" \/><figcaption class=\"hidden md:block absolute z-10 bottom-0 left-0 bg-adevarul p-1\"><span class=\"block font-title text-white text-xs text-nowrap font-bold uppercase leading-none\">Adev\u0103rul<\/span><\/figcaption><\/figure>\n<\/div>\n<div class=\"grow flex flex-col gap-1 md:gap-2 \"><span class=\"md:hidden font-title text-xs md:text-sm text-adevarul text-nowrap font-bold uppercase leading-none\"><br \/>\n                    Adev\u0103rul<br \/>\n                <\/span><span class=\"font-title font-bold text-base md:text-base text-black group-hover:text-red-600 leading-tight\"><br \/>\n                    \u201eR\u0103zboi\u201d \u00een inima UE pe bani. De ce risc\u0103 Rom\u00e2nia s\u0103 ias\u0103 pierz\u0103toare din confruntarea Comisiei Europene cu Germania<br \/>\n                <\/span><\/div>\n<\/div>\n<p><\/a><\/article>\n<article class=\"group border-b md:border-b-0 border-zinc-400 py-2 md:py-0\"><a href=\"https:\/\/newsweek.ro\/international\/putin-sfideaza-propunerea-de-pace-a-lui-trump-motivul-ma-vor-spanzura-daca-nu-cuceresc-donbas-spune-el?utm_source=rss&amp;utm_medium=feed&amp;utm_campaign=rss_digi24_homepage\" target=\"_blank\" rel=\"external\"><\/p>\n<div class=\"flex flex-row md:flex-col items-center gap-2\">\n<div class=\"flex-none w-auto md:w-full\">\n<figure class=\"relative w-20 md:w-full aspect-square md:aspect-4\/3 bg-zinc-500 z-0 overflow-hidden\">\n                        <source srcset=\"https:\/\/newsweek.ro\/resize\/bGE30bdPVtqdN3sGKyJDgV14f9-5CLyoFNDfsvjZjJI\/rs:fill:250:188:1\/g:ce\/aHR0cHM6Ly9uZXdzd2Vlay5yby9yZXNpemUvWjFOWHdGLTlsTEExM2VoUGxoMVJKT0xIdHlRTHl1R1lKRjU2TXlucmRJTS9yczpmaWxsOjEyMDA6OTAwOjEvZzpjZS9hSFIwY0hNNkx5OXVaWGR6ZDJWbGF5NXlieTl6ZEc5eVlXZGxMMjExYkhScGJXVmthV0V2TWpBeU5pOHdPQzlSTUVwTGIwWkVibFowTXpSeWRVOVlkM05OYWxGNWRWVXhNemhrWlZab1lXRlZVMk5CTVhsWUxtcHdady53ZWJw.webp\" media=\"(min-width: 1200px)\" \/><figcaption class=\"hidden md:block absolute z-10 bottom-0 left-0 bg-newsweek p-1\"><span class=\"block font-title text-white text-xs text-nowrap font-bold uppercase leading-none\">Newsweek<\/span><\/figcaption><\/figure>\n<\/div>\n<div class=\"grow flex flex-col gap-1 md:gap-2 \"><span class=\"md:hidden font-title text-xs md:text-sm text-newsweek text-nowrap font-bold uppercase leading-none\"><br \/>\n                    Newsweek<br \/>\n                <\/span><span class=\"font-title font-bold text-base md:text-base text-black group-hover:text-red-600 leading-tight\"><br \/>\n                    De ce Putin sfideaz\u0103 propunerea de pace a lui Trump. \u201eM\u0103 vor sp\u00e2nzura dac\u0103 nu cuceresc Donbas\u201d<br \/>\n                <\/span><\/div>\n<\/div>\n<p><\/a><\/article>\n<article class=\"group border-b md:border-b-0 border-zinc-400 py-2 md:py-0\"><a href=\"https:\/\/newsweek.ro\/social\/pensionarii-vor-plati-cass-la-pensie-in-2026-parlamentarii-au-pensie-speciala-de-12000-lei?utm_source=rss&amp;utm_medium=feed&amp;utm_campaign=rss_digi24_article\" target=\"_blank\" rel=\"external\"><\/p>\n<div class=\"flex flex-row md:flex-col items-center gap-2\">\n<div class=\"flex-none w-auto md:w-full\">\n<figure class=\"relative w-20 md:w-full aspect-square md:aspect-4\/3 bg-zinc-500 z-0 overflow-hidden\">\n                        <source srcset=\"https:\/\/newsweek.ro\/resize\/HjnkwxOnd-kkaxrgFr2JPovQiBR_5Uk8CYGVzUxEN5s\/rs:fill:250:188:1\/g:ce\/aHR0cHM6Ly9uZXdzd2Vlay5yby9yZXNpemUvYVlXYmpaWm9EOVlwYVNFVVdxbW1aRkEtVS0xN1lwVjRtckRUVkQ4X2NRMC9yczpmaWxsOjEyMDA6OTAwOjEvZzpjZS9hSFIwY0hNNkx5OXVaWGR6ZDJWbGF5NXlieTl6ZEc5eVlXZGxMMjExYkhScGJXVmthV0V2TWpBeU5pOHdPQzlvVTA1WGRrWjRkRkpLZFhOcWNrWmhWekk0ZG04d2RHSlVhMWhQZUc5eVRtTlhXRWQ1WjFaS0xtcHdady53ZWJw.webp\" media=\"(min-width: 1200px)\" \/><figcaption class=\"hidden md:block absolute z-10 bottom-0 left-0 bg-newsweek p-1\"><span class=\"block font-title text-white text-xs text-nowrap font-bold uppercase leading-none\">Newsweek<\/span><\/figcaption><\/figure>\n<\/div>\n<div class=\"grow flex flex-col gap-1 md:gap-2 \"><span class=\"md:hidden font-title text-xs md:text-sm text-newsweek text-nowrap font-bold uppercase leading-none\"><br \/>\n                    Newsweek<br \/>\n                <\/span><span class=\"font-title font-bold text-base md:text-base text-black group-hover:text-red-600 leading-tight\"><br \/>\n                    Pensionarii vor pl\u0103ti 1.000.000.000\u20ac CASS din pensie \u00een 2026. Parlamentarii au pensie special\u0103 de 12.000 lei<br \/>\n                <\/span><\/div>\n<\/div>\n<p><\/a><\/article>\n<article class=\"group\"><a href=\"https:\/\/newsweek.ro\/international\/beretele-verzi-ale-sua-antreneaza-trupe-speciale-poloneze-pentru-misiuni-de-infiltrare-pe-teritoriul-inamic\"><\/p>\n<div class=\"flex flex-col gap-1 md:gap-2\">\n<figure class=\"relative w-full aspect-4\/3 bg-zinc-500 z-0 overflow-hidden\">\n                            <source srcset=\"https:\/\/newsweek.ro\/resize\/Cga_MpILGae8s8AwEkciZ8iSdpnc3XY68wcG5MFvjbA\/rs:fill:250:188:1\/g:ce\/aHR0cHM6Ly9uZXdzd2Vlay5yby9zdG9yYWdlL211bHRpbWVkaWEvMjAyNi8wOC9uRk9CbzFjelRtWmZIbTBFMXNRY1lCY3FtSUp6eW5rTWVzb1VWaHBlLmpwZw.webp\" media=\"(min-width: 1200px)\" \/><\/figure>\n<p><span class=\"text-base font-title font-bold text-black group-hover:text-red-600 leading-tight\"><br \/>\n                        Beretele Verzi ale SUA antreneaz\u0103 trupe speciale poloneze pentru misiuni de infiltrare pe teritoriul inamic<br \/>\n                    <\/span><\/div>\n<p><\/a><\/article>\n<article class=\"group\"><a href=\"https:\/\/newsweek.ro\/international\/rusia-in-plin-razboi-hibrid-cu-europa-un-alt-incendiu-la-o-fabrica-de-drone-pentru-ucraina-din-polonia\"><\/p>\n<div class=\"flex flex-col gap-1 md:gap-2\">\n<figure class=\"relative w-full aspect-4\/3 bg-zinc-500 z-0 overflow-hidden\">\n                            <source srcset=\"https:\/\/newsweek.ro\/resize\/5AD4k4E5eH-Xmn2cTw41hRwNw9WtFarj2ZcyUgpophw\/rs:fill:250:188:1\/g:ce\/aHR0cHM6Ly9uZXdzd2Vlay5yby9zdG9yYWdlL211bHRpbWVkaWEvMjAyNi8wOC9LOFNyZFJNSEhOZzN0MXdIMUFZMFN0R0JaUUNWSVlrMFdTWXFwbXM4LmpwZw.webp\" media=\"(min-width: 1200px)\" \/><\/figure>\n<p><span class=\"text-base font-title font-bold text-black group-hover:text-red-600 leading-tight\"><br \/>\n                        Rusia,  campanie de sabotaje \u00een Europa. Un alt incendiu, la o fabric\u0103 de drone pentru Ucraina din Polonia<br \/>\n                    <\/span><\/div>\n<p><\/a><\/article>\n<article class=\"group\"><a href=\"https:\/\/newsweek.ro\/international\/un-certificat-medical-ar-putea-duce-la-concediere-imediata-mii-de-romani-din-germania-ar-putea-fi-afectati\"><\/p>\n<div class=\"flex flex-col gap-1 md:gap-2\">\n<figure class=\"relative w-full aspect-4\/3 bg-zinc-500 z-0 overflow-hidden\">\n                            <source srcset=\"https:\/\/newsweek.ro\/resize\/jOPuMO8PSgBXqjtJdmhVXC_AWZ7x-ljrmZYFV03KU2s\/rs:fill:250:188:1\/g:ce\/aHR0cHM6Ly9uZXdzd2Vlay5yby9zdG9yYWdlL211bHRpbWVkaWEvMjAyNi8wOC9KYWprcFVWNElSalhubDNNS3UxWXllUkw3NFpZMDZIdmQ0eDJDSlFiLmpwZw.webp\" media=\"(min-width: 1200px)\" \/><\/figure>\n<p><span class=\"text-base font-title font-bold text-black group-hover:text-red-600 leading-tight\"><br \/>\n                        Un certificat medical ar putea duce la concediere imediat\u0103. Mii de rom\u00e2ni din Germania ar putea fi afecta\u021bi<br \/>\n                    <\/span><\/div>\n<p><\/a><\/article>\n<article class=\"group\"><a href=\"https:\/\/newsweek.ro\/international\/val-de-incidente-armate-in-koln-germania-acum-un-pistolar-necunoscut-a-tras-asupra-unei-cafenele\"><\/p>\n<div class=\"flex flex-col gap-1 md:gap-2\">\n<figure class=\"relative w-full aspect-4\/3 bg-zinc-500 z-0 overflow-hidden\">\n                            <source srcset=\"https:\/\/newsweek.ro\/resize\/GhtVI3RBhQGMjGBDTSIqJhGPgBHheLEpZYuJPRqNtd0\/rs:fill:250:188:1\/g:ce\/aHR0cHM6Ly9uZXdzd2Vlay5yby9zdG9yYWdlL211bHRpbWVkaWEvMjAyNi8wOC9RZmhhcTRSVGtCSDUyU1NxSjB2QXdXcGNYc0pONDBRd29FakZoR2MwLmpwZw.webp\" media=\"(min-width: 1200px)\" \/><\/figure>\n<p><span class=\"text-base font-title font-bold text-black group-hover:text-red-600 leading-tight\"><br \/>\n                        Val de incidente armate \u00een K\u00f6ln-Germania. Acum un pistolar necunoscut a tras asupra unei cafenele<br \/>\n                    <\/span><\/div>\n<p><\/a><\/article>\n<article class=\"group\"><a href=\"https:\/\/newsweek.ro\/international\/pete-hegseth-sub-presiune-armata-sua-doboara-un-record-negativ-in-plin-razboi\"><\/p>\n<div class=\"flex flex-col gap-1 md:gap-2\">\n<figure class=\"relative w-full aspect-4\/3 bg-zinc-500 z-0 overflow-hidden\">\n                            <source srcset=\"https:\/\/newsweek.ro\/resize\/jzQ0iG1bsSaZVZR_WEFbOdrkvfl_qQNw-71o4hcSpZU\/rs:fill:250:188:1\/g:ce\/aHR0cHM6Ly9uZXdzd2Vlay5yby9zdG9yYWdlL211bHRpbWVkaWEvMjAyNi8wOC82Q0RyekdtaU5OQkRDQjVaYmFBWHU5c25rOVppWXNPUFJqWUlwSm9xLmpwZw.webp\" media=\"(min-width: 1200px)\" \/><\/figure>\n<p><span class=\"text-base font-title font-bold text-black group-hover:text-red-600 leading-tight\"><br \/>\n                        Pete Hegseth, sub presiune. Armata SUA doboar\u0103 un record negativ \u00een plin r\u0103zboi<br \/>\n                    <\/span><\/div>\n<p><\/a><\/article>\n<article class=\"group\"><a href=\"https:\/\/newsweek.ro\/international\/raspunsul-ucrainei-la-asaltul-ordonat-de-putin-zelenski-vrea-lansarea-zilnica-a-1000-de-drone-catre-rusia\"><\/p>\n<div class=\"flex flex-col gap-1 md:gap-2\">\n<figure class=\"relative w-full aspect-4\/3 bg-zinc-500 z-0 overflow-hidden\">\n                            <source srcset=\"https:\/\/newsweek.ro\/resize\/vgepqoH9f5rDLNnZwzhXHP_nuVGomljqELShgezfReA\/rs:fill:250:188:1\/g:ce\/aHR0cHM6Ly9uZXdzd2Vlay5yby9zdG9yYWdlL211bHRpbWVkaWEvMjAyNi8wOC84ZFB6TnBSclRvVmJ3OTBsWEFyZ1RCTDI1RFk1STNmSE94a3plaHM5LndlYnA.webp\" media=\"(min-width: 1200px)\" \/><\/figure>\n<p><span class=\"text-base font-title font-bold text-black group-hover:text-red-600 leading-tight\"><br \/>\n                        R\u0103spunsul Ucrainei la asaltul ordonat de Putin. Zelenski vrea lansarea zilnic\u0103 a 1.000 de drone c\u0103tre Rusia<br \/>\n                    <\/span><\/div>\n<p><\/a><\/article>\n<article class=\"py-2 border-b border-zinc-400 group\"><a href=\"https:\/\/newsweek.ro\/economie\/ilie-bolojan-reactie-acord-romgaz-azomures-combinatul-relua-productia-2027\"><\/p>\n<div class=\"flex gap-2\"><span class=\"flex-none text-red-600 font-title font-bold leading-tight\">22:05<\/span><span class=\"grow flex font-title font-bold text-base text-black group-hover:text-red-600 leading-tight\"><br \/>\n                    Ilie Bolojan, reac\u021bie dup\u0103 acordul Romgaz \u2013 Azomure\u0219: Combinatul \u00ee\u0219i va relua produc\u021bia din 2027<br \/>\n                <\/span><\/div>\n<p><\/a><\/article>\n<article class=\"py-2 border-b border-zinc-400 group\"><a href=\"https:\/\/newsweek.ro\/economie\/alerta-piata-gazelor-europa-pretul-depaseste-70-euro-fondul-riscurilor-aprovizionare\"><\/p>\n<div class=\"flex gap-2\"><span class=\"flex-none text-red-600 font-title font-bold leading-tight\">21:50<\/span><span class=\"grow flex font-title font-bold text-base text-black group-hover:text-red-600 leading-tight\"><br \/>\n                    Alert\u0103 pe pia\u021ba gazelor din Europa: Pre\u021bul dep\u0103\u0219e\u0219te 70 de euro pe fondul riscurilor de aprovizionare<br \/>\n                <\/span><\/div>\n<p><\/a><\/article>\n<article class=\"py-2 border-b border-zinc-400 group\"><a href=\"https:\/\/newsweek.ro\/economie\/guvernul-aprobat-normele-concesionarea-perimetrelor-eoliene-offshore-marea-neagra\"><\/p>\n<div class=\"flex gap-2\"><span class=\"flex-none text-red-600 font-title font-bold leading-tight\">21:35<\/span><span class=\"grow flex font-title font-bold text-base text-black group-hover:text-red-600 leading-tight\"><br \/>\n                    Guvernul a aprobat normele pentru concesionarea perimetrelor eoliene offshore din Marea Neagr\u0103<br \/>\n                <\/span><\/div>\n<p><\/a><\/article>\n<article class=\"py-2 border-b border-zinc-400 group\"><a href=\"https:\/\/newsweek.ro\/international\/beretele-verzi-ale-sua-antreneaza-trupe-speciale-poloneze-pentru-misiuni-de-infiltrare-pe-teritoriul-inamic\"><\/p>\n<div class=\"flex gap-2\"><span class=\"flex-none text-red-600 font-title font-bold leading-tight\">21:20<\/span><span class=\"grow flex font-title font-bold text-base text-black group-hover:text-red-600 leading-tight\"><br \/>\n                    Beretele Verzi ale SUA antreneaz\u0103 trupe speciale poloneze pentru misiuni de infiltrare pe teritoriul inamic<br \/>\n                <\/span><\/div>\n<p><\/a><\/article>\n<article class=\"py-2 border-b border-zinc-400 group\"><a href=\"https:\/\/newsweek.ro\/economie\/transelectrica-investeste-350-milioane-lei-digitalizarea-modernizarea-retelei\"><\/p>\n<div class=\"flex gap-2\"><span class=\"flex-none text-red-600 font-title font-bold leading-tight\">21:10<\/span><span class=\"grow flex font-title font-bold text-base text-black group-hover:text-red-600 leading-tight\"><br \/>\n                    Transelectrica investe\u0219te peste 350 de milioane de lei, \u00een digitalizarea \u0219i modernizarea re\u021belei<br \/>\n                <\/span><\/div>\n<p><\/a><\/article>\n<article class=\"py-2 border-b border-zinc-400 group\"><a href=\"https:\/\/newsweek.ro\/sport\/patronul-gaziantep-reactie-dura-demitere-mirel-radoi-nu-exagerez-nimic\"><\/p>\n<div class=\"flex gap-2\"><span class=\"flex-none text-red-600 font-title font-bold leading-tight\">20:53<\/span><span class=\"grow flex font-title font-bold text-base text-black group-hover:text-red-600 leading-tight\"><br \/>\n                    Patronul lui Gaziantep, reac\u021bie dur\u0103 dup\u0103 demiterea lui Mirel R\u0103doi: \u201eNu exagerez cu nimic\u201d<br \/>\n                <\/span><\/div>\n<p><\/a><\/article>\n<article class=\"py-2 border-b border-zinc-400 group\"><a href=\"https:\/\/newsweek.ro\/economie\/afaceri-litoral-bulgaria-scuze-turisti-preturi\"><\/p>\n<div class=\"flex gap-2\"><span class=\"flex-none text-red-600 font-title font-bold leading-tight\">20:45<\/span><span class=\"grow flex font-title font-bold text-base text-black group-hover:text-red-600 leading-tight\"><br \/>\n                    Turismul pe litoralul bulg\u0103resc bate \u00een retragere. \u201eDator\u0103m scuze turistului bulgar!\u201d<br \/>\n                <\/span><\/div>\n<p><\/a><\/article>\n<article class=\"py-2 border-b border-zinc-400 group\"><a href=\"https:\/\/newsweek.ro\/sport\/lionel-messi-retrage-nationala-argentinei-doare-sufletul-sosit-momentul\"><\/p>\n<div class=\"flex gap-2\"><span class=\"flex-none text-red-600 font-title font-bold leading-tight\">20:38<\/span><span class=\"grow flex font-title font-bold text-base text-black group-hover:text-red-600 leading-tight\"><br \/>\n                    Lionel Messi se retrage din na\u021bionala Argentinei: \u201eM\u0103 doare sufletul, dar a sosit momentul\u201d<br \/>\n                <\/span><\/div>\n<p><\/a><\/article>\n<article class=\"py-2 border-b border-zinc-400 group\"><a href=\"https:\/\/newsweek.ro\/istorie\/prima-fabrica-de-bere-din-romania-infiintata-in-1718-in-bucuresti-a-aparut-un-secol-mai-tarziu\"><\/p>\n<div class=\"flex gap-2\"><span class=\"flex-none text-red-600 font-title font-bold leading-tight\">20:30<\/span><span class=\"grow flex font-title font-bold text-base text-black group-hover:text-red-600 leading-tight\"><br \/>\n                    Prima fabric\u0103 de bere din Rom\u00e2nia, \u00eenfiin\u021bat\u0103 \u00een 1718. \u00cen Bucure\u0219ti a ap\u0103rut un secol mai t\u00e2rziu<br \/>\n                <\/span><\/div>\n<p><\/a><\/article>\n<article class=\"py-2 border-b border-zinc-400 group\"><a href=\"https:\/\/newsweek.ro\/politica\/kelemen-hunor-infirma-retragere-muresan-am-convenit-aceasta-candidatura-restul-povesti\"><\/p>\n<div class=\"flex gap-2\"><span class=\"flex-none text-red-600 font-title font-bold leading-tight\">20:23<\/span><span class=\"grow flex font-title font-bold text-base text-black group-hover:text-red-600 leading-tight\"><br \/>\n                    Kelemen Hunor infirm\u0103 retragerea lui Mure\u0219an: \u201eAm convenit pe aceast\u0103 candidatur\u0103, restul &#8211; pove\u0219ti\u201d<br \/>\n                <\/span><\/div>\n<p><\/a><\/article>\n<article class=\"py-2 border-b border-zinc-400 group\"><a href=\"https:\/\/newsweek.ro\/politica\/nicusor-dan-se-intalneste-cu-grindeanu-bolojan-fritz-hunor-si-pambuccian-la-ora-1800\" class=\"group\"><\/p>\n<div class=\"flex items-center\">\n<div class=\"flex-none\">\n<figure class=\"w-20 aspect-square bg-zinc-500 z-0 overflow-hidden\"><img decoding=\"async\" class=\"w-full h-full object-cover\" src=\"https:\/\/newsweek.ro\/resize\/LZ67kK1zyMzUQaM8gZDHKswQRQFIloa98Dy7lGTbmL8\/rs:fill:100:100:1\/g:ce\/aHR0cHM6Ly9uZXdzd2Vlay5yby9zdG9yYWdlL211bHRpbWVkaWEvMjAyNi8wNi9DYVdSNjM0cUVlVlZ5QlpQTlNJV0lsMWFqalNwZ0ExRWhBR2RRUWY4LmpwZw.webp\" alt=\"Nicu\u0219or Dan - Foto: Profimedia Images\" loading=\"lazy\"><\/figure>\n<\/div>\n<div class=\"grow flex flex-col justify-between ml-2\"><span class=\"font-title font-bold text-base text-black group-hover:text-red-600 leading-tight\"><br \/>\n                        Nicu\u0219or Dan s-a \u00eent\u00e2lnit cu PNL, PSD, UDMR \u0219i USR. Desemnarea premierului a fost am\u00e2nat\u0103<br \/>\n                    <\/span><\/div>\n<\/div>\n<p><\/a><\/article>\n<article class=\"py-2 border-b border-zinc-400 group\"><a href=\"https:\/\/newsweek.ro\/politica\/bolojan-despre-candidatura-lui-siegfried-muresan-la-functia-de-premier-este-o-solutie-pentru-romania\" class=\"group\"><\/p>\n<div class=\"flex items-center\">\n<div class=\"flex-none\">\n<figure class=\"w-20 aspect-square bg-zinc-500 z-0 overflow-hidden\"><img decoding=\"async\" class=\"w-full h-full object-cover\" src=\"https:\/\/newsweek.ro\/resize\/GfF7-ZMPCWi8vrzpNr5TwQkNCFVHCj30LaQxZa1vBLQ\/rs:fill:100:100:1\/g:ce\/aHR0cHM6Ly9uZXdzd2Vlay5yby9zdG9yYWdlL211bHRpbWVkaWEvMjAyNi8wNi9Jb3dUYzB3OEVFVVVERERlV1F2dU9Jbk4xWmw0UDFBT3padG0yNXhvLmpwZw.webp\" alt=\"PNL - Foto: Facebook\/Siegfried Mure\u0219an\" loading=\"lazy\"><\/figure>\n<\/div>\n<div class=\"grow flex flex-col justify-between ml-2\"><span class=\"font-title font-bold text-base text-black group-hover:text-red-600 leading-tight\"><br \/>\n                        Bolojan, despre candidatura lui Siegfried Mure\u0219an la func\u021bia de premier: \u201eEste o solu\u021bie pentru Rom\u00e2nia\u201d<br \/>\n                    <\/span><\/div>\n<\/div>\n<p><\/a><\/article>\n<article class=\"py-2 border-b border-zinc-400 group\"><a href=\"https:\/\/newsweek.ro\/politica\/ludovic-orban-pnl-si-usr-nu-au-cum-sa-voteze-un-guvern-minoritar-psd-condus-de-grindeanu\" class=\"group\"><\/p>\n<div class=\"flex items-center\">\n<div class=\"flex-none\">\n<figure class=\"w-20 aspect-square bg-zinc-500 z-0 overflow-hidden\"><img decoding=\"async\" class=\"w-full h-full object-cover\" src=\"https:\/\/newsweek.ro\/resize\/p1CxWGPp8eV3L7BVKObHLeyV5x7DLZmm48bvyl15Nvc\/rs:fill:100:100:1\/g:ce\/aHR0cHM6Ly9uZXdzd2Vlay5yby9zdG9yYWdlL211bHRpbWVkaWEvMjAyNi8wNi8yME1iSnBzRkgwdWdOYmJSTzR0SFNLckdlcDJmcUZGdWJZVDdSOE9zLmpwZw.webp\" alt=\"Ludovic Orban - Foto: Profimedia Images\" loading=\"lazy\"><\/figure>\n<\/div>\n<div class=\"grow flex flex-col justify-between ml-2\"><span class=\"font-title font-bold text-base text-black group-hover:text-red-600 leading-tight\"><br \/>\n                        Ludovic Orban: PNL \u0219i USR nu au cum s\u0103 voteze un guvern minoritar PSD condus de Grindeanu<br \/>\n                    <\/span><\/div>\n<\/div>\n<p><\/a><\/article>\n<article class=\"py-2 border-b border-zinc-400 group\"><a href=\"https:\/\/newsweek.ro\/politica\/nici-psd-nici-nicusor-dan-nu-vor-sa-semneze-in-orb-acordul-de-guvernare-propus-de-pnl-usr-udmr\" class=\"group\"><\/p>\n<div class=\"flex items-center\">\n<div class=\"flex-none\">\n<figure class=\"w-20 aspect-square bg-zinc-500 z-0 overflow-hidden\"><img decoding=\"async\" class=\"w-full h-full object-cover\" src=\"https:\/\/newsweek.ro\/resize\/IGmYLrEv4OCTm_2j4v4DUYWElHmghZBu65DkILlhfyM\/rs:fill:100:100:1\/g:ce\/aHR0cHM6Ly9uZXdzd2Vlay5yby9zdG9yYWdlL211bHRpbWVkaWEvMjAyNi8wNi9tRU9MZ1BQQXV4ZFczRHBBQU1VOTc0cWFBaU0wanFsY2JNeWU3bTBVLmpwZw.webp\" alt=\"Negocieri PSD - Nicu\u0219or Dan, la Cotroceni - Foto: Inquam Photos \/George C\u0103lin (Imagine cu rol ilustrativ)\" loading=\"lazy\"><\/figure>\n<\/div>\n<div class=\"grow flex flex-col justify-between ml-2\"><span class=\"font-title font-bold text-base text-black group-hover:text-red-600 leading-tight\"><br \/>\n                        Nici PSD, nici Nicu\u0219or Dan nu vor s\u0103 semneze \u201e\u00een orb\u201d acordul de guvernare propus de PNL-USR-UDMR<br \/>\n                    <\/span><\/div>\n<\/div>\n<p><\/a><\/article>\n<article class=\"py-2 border-b border-zinc-400 group\"><a href=\"https:\/\/newsweek.ro\/politica\/remus-pricopie-apel-pentru-armistitiu-politic-adrian-vestea-sa-se-retraga-iar-negocierile-sa-fie-reluate\" class=\"group\"><\/p>\n<div class=\"flex items-center\">\n<div class=\"flex-none\">\n<figure class=\"w-20 aspect-square bg-zinc-500 z-0 overflow-hidden\"><img decoding=\"async\" class=\"w-full h-full object-cover\" src=\"https:\/\/newsweek.ro\/resize\/eUR4Rl7LP8z7m1qZqEs1YLP_IweJsvzlpJzh-k9REC4\/rs:fill:100:100:1\/g:ce\/aHR0cHM6Ly9uZXdzd2Vlay5yby9zdG9yYWdlL211bHRpbWVkaWEvMjAyNi8wNi9CWEdqdzRLVGo1a3lQNEhMSVI2aWxmaHV4MU1ud2k4YWtGTG1RV00yLmpwZw.webp\" alt=\"Remus Pricopie, rectorul SNSPA Foto: Newsweek\" loading=\"lazy\"><\/figure>\n<\/div>\n<div class=\"grow flex flex-col justify-between ml-2\"><span class=\"font-title font-bold text-base text-black group-hover:text-red-600 leading-tight\"><br \/>\n                        Remus Pricopie, apel pentru &#8220;armisti\u021biu politic&#8221;: Adrian Ve\u0219tea s\u0103 se retrag\u0103, iar negocierile s\u0103 fie reluate<br \/>\n                    <\/span><\/div>\n<\/div>\n<p><\/a><\/article>\n<article class=\"py-2 border-b border-zinc-400 group block\"><a href=\"https:\/\/newsweek.ro\/opinii\/ultimele-zile-ale-lui-ilie-bolojan-la-cotroceni-de-ce-asta-ar-putea-fi-o-veste-buna\"><\/p>\n<div class=\"flex items-center gap-2\">\n<div class=\"flex-none\">\n<figure class=\"w-28 aspect-4\/3 bg-zinc-500 border-0 border-zinc-300 z-0 overflow-hidden\"><img decoding=\"async\" class=\"w-full h-full object-cover\" src=\"https:\/\/newsweek.ro\/resize\/OJTaGRjP3IRwSMwpBiHR-Z4KCO_QZb2Cw606wbRIoek\/rs:fill:200:150:1\/g:ce\/aHR0cHM6Ly9uZXdzd2Vlay5yby9zdG9yYWdlL2F1dGhvcnMvVkYzVlVyVlV6N0VMM2o0WUZuTGdCU3E0MVlpem5Gb0Y0R2VIUFVrZS5wbmc.webp\" alt=\"Petre B\u0103dic\u0103\" loading=\"lazy\"><\/figure>\n<\/div>\n<div class=\"grow flex flex-col gap-1\"><span class=\"text-red-600 text-sm text-nowrap font-title font-bold leading-none\"><br \/>\n                        Petre B\u0103dic\u0103<br \/>\n                    <\/span><span class=\"font-title font-bold text-sm text-black group-hover:text-red-600 leading-tight\"><br \/>\n                        Ultimele zile ale lui Ilie Bolojan la Palatul Victoria. De ce asta ar putea fi o veste bun\u0103?<br \/>\n                    <\/span><\/div>\n<\/div>\n<p><\/a><\/article>\n<article class=\"py-2 border-b border-zinc-400 group block\"><a href=\"https:\/\/newsweek.ro\/opinii\/somerul-calin-georgescu-ridica-in-slavi-mainile-batatorite-ale-taranilor\"><\/p>\n<div class=\"flex items-center gap-2\">\n<div class=\"flex-none\">\n<figure class=\"w-28 aspect-4\/3 bg-zinc-500 border-0 border-zinc-300 z-0 overflow-hidden\"><img decoding=\"async\" class=\"w-full h-full object-cover\" src=\"https:\/\/newsweek.ro\/resize\/OJTaGRjP3IRwSMwpBiHR-Z4KCO_QZb2Cw606wbRIoek\/rs:fill:200:150:1\/g:ce\/aHR0cHM6Ly9uZXdzd2Vlay5yby9zdG9yYWdlL2F1dGhvcnMvVkYzVlVyVlV6N0VMM2o0WUZuTGdCU3E0MVlpem5Gb0Y0R2VIUFVrZS5wbmc.webp\" alt=\"Petre B\u0103dic\u0103\" loading=\"lazy\"><\/figure>\n<\/div>\n<div class=\"grow flex flex-col gap-1\"><span class=\"text-red-600 text-sm text-nowrap font-title font-bold leading-none\"><br \/>\n                        Petre B\u0103dic\u0103<br \/>\n                    <\/span><span class=\"font-title font-bold text-sm text-black group-hover:text-red-600 leading-tight\"><br \/>\n                        Ipocrizie la maxim: \u0218omerul C\u0103lin Georgescu ridic\u0103 \u00een sl\u0103vi m\u00e2inile b\u0103t\u0103torite ale \u021b\u0103ranilor<br \/>\n                    <\/span><\/div>\n<\/div>\n<p><\/a><\/article>\n<article class=\"py-2 border-b border-zinc-400 group block\"><a href=\"https:\/\/newsweek.ro\/opinii\/intalnirea-inexplicabila-dintre-un-miliardar-pro-european-si-calin-georgescu\"><\/p>\n<div class=\"flex items-center gap-2\">\n<div class=\"flex-none\">\n<figure class=\"w-28 aspect-4\/3 bg-zinc-500 border-0 border-zinc-300 z-0 overflow-hidden\"><img decoding=\"async\" class=\"w-full h-full object-cover\" src=\"https:\/\/newsweek.ro\/resize\/OJTaGRjP3IRwSMwpBiHR-Z4KCO_QZb2Cw606wbRIoek\/rs:fill:200:150:1\/g:ce\/aHR0cHM6Ly9uZXdzd2Vlay5yby9zdG9yYWdlL2F1dGhvcnMvVkYzVlVyVlV6N0VMM2o0WUZuTGdCU3E0MVlpem5Gb0Y0R2VIUFVrZS5wbmc.webp\" alt=\"Petre B\u0103dic\u0103\" loading=\"lazy\"><\/figure>\n<\/div>\n<div class=\"grow flex flex-col gap-1\"><span class=\"text-red-600 text-sm text-nowrap font-title font-bold leading-none\"><br \/>\n                        Petre B\u0103dic\u0103<br \/>\n                    <\/span><span class=\"font-title font-bold text-sm text-black group-hover:text-red-600 leading-tight\"><br \/>\n                        \u00cent\u00e2lnirea inexplicabil\u0103 dintre un miliardar pro-european \u0219i C\u0103lin Georgescu<br \/>\n                    <\/span><\/div>\n<\/div>\n<p><\/a><\/article>\n<article class=\"group mt-2\"><a href=\"https:\/\/newsweek.ro\/international\/raport-de-razboi-2025-timpul-se-accelereaza\"><\/p>\n<div class=\"leading-tight\"><span class=\"inline text-base font-title font-bold text-black group-hover:text-red-600 leading-tight\"><br \/>\n                    Raport de r\u0103zboi 2025. Trump adopt\u0103 o politic\u0103 izola\u021bionist\u0103. China \u00eenclin\u0103 spre Rusia. UE, de straj\u0103 Ucrainei<br \/>\n                <\/span><\/div>\n<p><\/a><\/article>\n<article class=\"group mt-2\"><a href=\"https:\/\/newsweek.ro\/international\/cu-cat-lucrurile-se-schimba-mai-mult\"><\/p>\n<div class=\"leading-tight\"><span class=\"inline text-base font-title font-bold text-black group-hover:text-red-600 leading-tight\"><br \/>\n                    Cu c\u00e2t lucrurile se schimb\u0103 mai mult. Protestele tinerilor se \u00eentind \u00een toat\u0103 lumea. Ce greutate au?<br \/>\n                <\/span><\/div>\n<p><\/a><\/article>\n<article class=\"group mt-2\"><a href=\"https:\/\/newsweek.ro\/international\/jocul-numerelor-lui-trump\"><\/p>\n<div class=\"leading-tight\"><span class=\"inline text-base font-title font-bold text-black group-hover:text-red-600 leading-tight\"><br \/>\n                    Jocul numerelor lui Trump. Cota de popularitate a pre\u0219edintelui se pr\u0103bu\u0219e\u0219te. Care sunt cauzele?<br \/>\n                <\/span><\/div>\n<p><\/a><\/article>\n<article class=\"group mt-2\"><a href=\"https:\/\/newsweek.ro\/international\/calmantul-chinezesc\"><\/p>\n<div class=\"leading-tight\"><span class=\"inline text-base font-title font-bold text-black group-hover:text-red-600 leading-tight\"><br \/>\n                    Ascensiunea Chinei ca putere nuclear\u0103 sperie Rusia. Putin, pus cu botul pe labe?<br \/>\n                <\/span><\/div>\n<p><\/a><\/article>\n<article class=\"group mt-2\"><a href=\"https:\/\/newsweek.ro\/international\/nu-este-usor-sa-fii-ecologist\"><\/p>\n<div class=\"leading-tight\"><span class=\"inline text-base font-title font-bold text-black group-hover:text-red-600 leading-tight\"><br \/>\n                    Nu este u\u0219or s\u0103 fii ecologist. Trecerea de la preocup\u0103ri morale la preocup\u0103ri materiale<br \/>\n                <\/span><\/div>\n<p><\/a><\/article>\n<article class=\"group mt-2\"><a href=\"https:\/\/newsweek.ro\/international\/mostenirea-coroanei-in-miscare\"><\/p>\n<div class=\"leading-tight\"><span class=\"inline text-base font-title font-bold text-black group-hover:text-red-600 leading-tight\"><br \/>\n                    Mo\u0219tenirea coroanei \u00een mi\u0219care. Regele Charles s\u0103rb\u0103tore\u0219te\u00a0o jum\u0103tate de secol de munc\u0103<br \/>\n                <\/span><\/div>\n<p><\/a><\/article>\n<article class=\"group mt-2\"><a href=\"https:\/\/newsweek.ro\/tehnologie\/soldatul-viitorului\"><\/p>\n<div class=\"leading-tight\"><span class=\"inline text-base font-title font-bold text-black group-hover:text-red-600 leading-tight\"><br \/>\n                    Soldatul viitorului. \u00eenalt de 1,75 m \u0219i c\u00e2nt\u0103rind 80 kg, trage cu arma \u0219i cost\u0103 150.000$<br \/>\n                <\/span><\/div>\n<p><\/a><\/article>\n<article class=\"group mt-2\"><a href=\"https:\/\/newsweek.ro\/cultura\/iertare-pentru-mineri-un-documentar-dur-filmat-timp-de-patru-ani\"><\/p>\n<div class=\"leading-tight\"><span class=\"inline text-base font-title font-bold text-black group-hover:text-red-600 leading-tight\"><br \/>\n                    \u201eIertare pentru mineri\u201c \u2013 un documentar dur, filmat timp de patru ani<br \/>\n                <\/span><\/div>\n<p><\/a><\/article>\n<article class=\"py-2 border-b border-zinc-400 group\"><a href=\"https:\/\/newsweek.ro\/stiinta\/cum-schimba-lumea-computerele-cuantice-creeaza-medicamente-baterii-si-prognoze-imposibile-pana-acum\"><\/p>\n<div class=\"flex items-center gap-2\">\n<div class=\"flex-none\">\n<figure class=\"w-20 aspect-square bg-zinc-500 z-0 overflow-hidden\"><img decoding=\"async\" class=\"w-full h-full object-cover\" src=\"https:\/\/newsweek.ro\/resize\/pBD1DW3yj7CdfUo5CWmG6xfjNIjeAG_HyUghp7nf_sw\/rs:fill:100:100:1\/g:ce\/aHR0cHM6Ly9uZXdzd2Vlay5yby9zdG9yYWdlL211bHRpbWVkaWEvMjAyNi8wOC95WlQwUkEwNk1haGt3VDdVYjJ5bENqR2ZFWW5XN083YkZlaEd2ODc3LndlYnA.webp\" alt=\"Cyrus Zeledon (st\u00e2nga), directorul tehnic al IBM pentru supercalculul cuantic, \u0219i Jerry Chow (mijloc), membru al IBM Fellow \u0219i Liran Shirizly \u00een Laboratorul de Cercetare Thomas J. Watson  Foto: Victoria Will\" loading=\"lazy\"><\/figure>\n<\/div>\n<div class=\"grow flex flex-col gap-1\"><span class=\"w-fit bg-red-600 text-white text-xs font-title font-bold uppercase py-0.5 px-2 leading-none\"><br \/>\n                        Gabriel Snyder<br \/>\n                    <\/span><span class=\"font-title font-bold text-base text-white group-hover:text-red-600 leading-tight\"><br \/>\n                        Cum schimb\u0103 lumea computerele cuantice. Creeaz\u0103 medicamente, baterii \u0219i prognoze imposibile p\u00e2n\u0103 acum<br \/>\n                    <\/span><\/div>\n<\/div>\n<p><\/a><\/article>\n<article class=\"py-2 border-b border-zinc-400 group\"><a href=\"https:\/\/newsweek.ro\/stiinta\/inteligenta-artificiala-rivalul-nedorit-al-terapeutilor-cum-poate-ai-sa-agraveze-psihoza-si-ideile-delirante\"><\/p>\n<div class=\"flex items-center gap-2\">\n<div class=\"flex-none\">\n<figure class=\"w-20 aspect-square bg-zinc-500 z-0 overflow-hidden\"><img decoding=\"async\" class=\"w-full h-full object-cover\" src=\"https:\/\/newsweek.ro\/resize\/8Fc5MSPSg9V192v_e1LiiqhbmZkvjaWTFNvW5l_iG84\/rs:fill:100:100:1\/g:ce\/aHR0cHM6Ly9uZXdzd2Vlay5yby9zdG9yYWdlL211bHRpbWVkaWEvMjAyNi8wOC82a3hqOUE1MGd5S0F1N0NUZnRyd1F6bnA0RlFDOHFhak91U3dPOHZnLmpwZw.webp\" alt=\"Foto: pexels.com\" loading=\"lazy\"><\/figure>\n<\/div>\n<div class=\"grow flex flex-col gap-1\"><span class=\"w-fit bg-red-600 text-white text-xs font-title font-bold uppercase py-0.5 px-2 leading-none\"><br \/>\n                        Newsweek Editors<br \/>\n                    <\/span><span class=\"font-title font-bold text-base text-white group-hover:text-red-600 leading-tight\"><br \/>\n                        Inteligen\u021ba artificial\u0103, rivalul nedorit al terapeu\u021bilor. Cum poate AI s\u0103 agraveze psihoza \u0219i ideile delirante<br \/>\n                    <\/span><\/div>\n<\/div>\n<p><\/a><\/article>\n<article class=\"py-2 border-b border-zinc-400 group\"><a href=\"https:\/\/newsweek.ro\/sport\/arnold-schwarzenegger-secretul-formei-la-79-de-ani-ma-antrenez-ca-sa-pot-face-lucrurile-care-conteaza\"><\/p>\n<div class=\"flex items-center gap-2\">\n<div class=\"flex-none\">\n<figure class=\"w-20 aspect-square bg-zinc-500 z-0 overflow-hidden\"><img decoding=\"async\" class=\"w-full h-full object-cover\" src=\"https:\/\/newsweek.ro\/resize\/G3JYG1LlrEsKxdFPhrjlvEDYqHv-BcWzUmLhhiYq0x8\/rs:fill:100:100:1\/g:ce\/aHR0cHM6Ly9uZXdzd2Vlay5yby9zdG9yYWdlL211bHRpbWVkaWEvMjAyNi8wOC9XS2JmN1hTb24xZ0duUnB4ekVhUkZzOE5FZjRnQXhVNnZBYTROamJJLmpwZw.webp\" alt=\"Arnold Schwarzenegger este fost culturist profesionist, actor, fost guvernator al Californiei \u0219i sus\u021bin\u0103tor al fitnessului \u0219i s\u0103n\u0103t\u0103\u021bii publice Foto: profimediaimages.ro\" loading=\"lazy\"><\/figure>\n<\/div>\n<div class=\"grow flex flex-col gap-1\"><span class=\"w-fit bg-red-600 text-white text-xs font-title font-bold uppercase py-0.5 px-2 leading-none\"><br \/>\n                        Arnold Schwarzenegger<br \/>\n                    <\/span><span class=\"font-title font-bold text-base text-white group-hover:text-red-600 leading-tight\"><br \/>\n                        Arnold Schwarzenegger, secretul formei la 79 de ani: \u201eM\u0103 antrenez ca s\u0103 pot face lucrurile care conteaz\u0103\u201d<br \/>\n                    <\/span><\/div>\n<\/div>\n<p><\/a><\/article>\n<article class=\"w-full flex-none group\"><a href=\"https:\/\/newsweek.ro\/economie\/video-adrian-zuckerman-china-si-rusia-ataca-romania-prin-propaganda-si-razboi-cibernetic\"><\/p>\n<div class=\"flex flex-col gap-2\">\n<figure class=\"relative w-full aspect-3\/2 bg-zinc-500 z-0 overflow-hidden\"><img decoding=\"async\" class=\"w-full h-full object-cover\" src=\"https:\/\/newsweek.ro\/resize\/0nxlTsoS48uhTRXiln0qpSWwH9M0XhUl7tmg79kifXo\/rs:fill:400:300:1\/g:ce\/aHR0cHM6Ly9uZXdzd2Vlay5yby9zdG9yYWdlL211bHRpbWVkaWEvMjAyNi8wNS9jbFFWcXJFZTJtNzBUQnNZNnN1cW11aGZvMDJiRlJrTnRHQ1RiRnBxLmpwZw.webp\" alt=\"Adrian Zuckerman, fost ambasador al SUA \u00een Rom\u00e2nia - Foto: Newsweek Rom\u00e2nia\" loading=\"lazy\"><figcaption class=\"absolute z-10 bottom-0 left-0 uppercase bg-red-600 p-2\"><span class=\"block text-white text-sm text-nowrap font-bold leading-none\">Economie<\/span><\/figcaption><\/figure>\n<p><span class=\"text-base md:text-xl font-title font-bold text-black group-hover:text-red-600 leading-tight\"><br \/>\n                            VIDEO Adrian Zuckerman: China \u0219i Rusia atac\u0103 Rom\u00e2nia prin propagand\u0103 \u0219i r\u0103zboi cibernetic<br \/>\n                        <\/span><\/p>\n<p class=\"text-zinc-700 font-text text-sm leading-tight\">\n                            Fostul ambasador al SUA \u00een Rom\u00e2nia, Adrian Zuckerman a avertizat la IT &amp; Cyber Summit 2026, organizat de Newsweek Rom\u00e2nia, c\u0103 Rom\u00e2nia \u0219i statele democratice sunt \u021binta unui r\u0103zboi hibrid \u0219i cibernetic tot mai agresiv.\n                        <\/p>\n<\/div>\n<p><\/a><\/article>\n<article class=\"w-full flex-none group\"><a href=\"https:\/\/newsweek.ro\/economie\/facilitati-fiscale-pentru-firme-in-pachetul-trei-al-guvernului-amortizare-accelerata-credit-fiscal-si-bonus\"><\/p>\n<div class=\"flex flex-col gap-2\">\n<figure class=\"relative w-full aspect-3\/2 bg-zinc-500 z-0 overflow-hidden\"><img decoding=\"async\" class=\"w-full h-full object-cover\" src=\"https:\/\/newsweek.ro\/resize\/0WzKRBg1_kweNc0er6jQq0KYOA_YqJ3hfhw4jfc_ktI\/rs:fill:400:300:1\/g:ce\/aHR0cHM6Ly9uZXdzd2Vlay5yby9zdG9yYWdlL211bHRpbWVkaWEvMjAyNi8wMy9XZFduVTZyQkZzWkFjbGJkVEZYejlZcEhCYWVJSGZwYWRYNXhlbDZNLmpwZw.webp\" alt=\"Imagine cu rol ilustrativ Foto: pexels.com\" loading=\"lazy\"><figcaption class=\"absolute z-10 bottom-0 left-0 uppercase bg-red-600 p-2\"><span class=\"block text-white text-sm text-nowrap font-bold leading-none\">Economie<\/span><\/figcaption><\/figure>\n<p><span class=\"text-base md:text-xl font-title font-bold text-black group-hover:text-red-600 leading-tight\"><br \/>\n                            Facilit\u0103\u021bi fiscale pentru firme \u00een pachetul trei al Guvernului: amortizare supraaccelerat\u0103 \u0219i credit fiscal<br \/>\n                        <\/span><\/p>\n<p class=\"text-zinc-700 font-text text-sm leading-tight\">\n                            Pachetul trei de m\u0103suri fiscale aduce \u0219i facilit\u0103\u021bi pentru companii: prag mai mare pentru mijloace fixe, amortizare supraaccelerat\u0103, credit fiscal pentru cercetare-dezvoltare \u0219i deduceri pentru firmele listate la burs\u0103.  Consultantul fiscal M\u0103d\u0103lina Ion explic\u0103 impactul acestora.\n                        <\/p>\n<\/div>\n<p><\/a><\/article>\n<article class=\"w-full flex-none group\"><a href=\"https:\/\/newsweek.ro\/economie\/video-ce-ne-aduce-pachetul-trei-de-masuri-al-guvernului-bolojan\"><\/p>\n<div class=\"flex flex-col gap-2\">\n<figure class=\"relative w-full aspect-3\/2 bg-zinc-500 z-0 overflow-hidden\"><img decoding=\"async\" class=\"w-full h-full object-cover\" src=\"https:\/\/newsweek.ro\/resize\/klv72PexuUJRhL5PnUjP1BRvzZXhp8hRIGRc2V4skY4\/rs:fill:400:300:1\/g:ce\/aHR0cHM6Ly9uZXdzd2Vlay5yby9zdG9yYWdlL211bHRpbWVkaWEvMjAyNi8wMi9raDY1WVR1eDVDTUVWMktqS3oyM3lLbUdMUjVKN1M4cDJ3ZHUxRzFKLmpwZw.webp\" alt=\"Foto: INQUAM Photos\/George C\u0103lin\" loading=\"lazy\"><figcaption class=\"absolute z-10 bottom-0 left-0 uppercase bg-red-600 p-2\"><span class=\"block text-white text-sm text-nowrap font-bold leading-none\">Economie<\/span><\/figcaption><\/figure>\n<p><span class=\"text-base md:text-xl font-title font-bold text-black group-hover:text-red-600 leading-tight\"><br \/>\n                            VIDEO Ce ne aduce Pachetul trei de m\u0103suri al Guvernului Bolojan? Cine pierde \u0219i cine c\u00e2\u0219tig\u0103?<br \/>\n                        <\/span><\/p>\n<p class=\"text-zinc-700 font-text text-sm leading-tight\">\n                            Pachetul trei de m\u0103suri economice anun\u021bat de Guvernul Bolojan include m\u0103suri de relansare economic\u0103 \u0219i de reform\u0103 a administra\u021biei locale \u0219i centrale.\n                        <\/p>\n<\/div>\n<p><\/a><\/article>\n<article class=\"w-full flex-none group\"><a href=\"https:\/\/newsweek.ro\/economie\/impozit-chirii-2026-dispar-norme-venit-proprietari\"><\/p>\n<div class=\"flex flex-col gap-2\">\n<figure class=\"relative w-full aspect-3\/2 bg-zinc-500 z-0 overflow-hidden\"><img decoding=\"async\" class=\"w-full h-full object-cover\" src=\"https:\/\/newsweek.ro\/resize\/2ESy0L1xsAoXByTmfCVC9Fcj0xbAtOas6o9UtrsTkG8\/rs:fill:400:300:1\/g:ce\/aHR0cHM6Ly9uZXdzd2Vlay5yby9zdG9yYWdlL211bHRpbWVkaWEvMjAyNi8wMS83aXBkSGVLN0ZHUjEyN1U5UlFEVjVtY000TUFqSHV6Znp4V2JETkpSLmpwZw.webp\" alt=\"Impozitul pe veniturile din chirii se schimb\u0103 radical \u00een 2026 - imagine cu rol ilustrativ Foto: pexels.com\" loading=\"lazy\"><figcaption class=\"absolute z-10 bottom-0 left-0 uppercase bg-red-600 p-2\"><span class=\"block text-white text-sm text-nowrap font-bold leading-none\">Economie<\/span><\/figcaption><\/figure>\n<p><span class=\"text-base md:text-xl font-title font-bold text-black group-hover:text-red-600 leading-tight\"><br \/>\n                            VIDEO Impozitarea veniturilor din chirii \u00een 2026: dispar normele de venit, cresc obliga\u021biile proprietarilor<br \/>\n                        <\/span><\/p>\n<p class=\"text-zinc-700 font-text text-sm leading-tight\">\n                            Regimul de impozitare a veniturilor din chirii se modific\u0103 din 2026. Consultantul fiscal M\u0103d\u0103lina Ion explic\u0103 pentru Newsweek Rom\u00e2nia ce se schimb\u0103 \u0219i cine va pl\u0103ti mai mult.\n                        <\/p>\n<\/div>\n<p><\/a><\/article>\n<article class=\"w-full flex-none group\"><a href=\"https:\/\/newsweek.ro\/sanatate\/video-4-zile-fara-mancare-cat-am-slabit-ce-s-a-intamplat-cu-organismul-meu-si-ce-zice-medicul-despre-fasting\"><\/p>\n<div class=\"flex flex-col gap-2\">\n<figure class=\"relative w-full aspect-3\/2 bg-zinc-500 z-0 overflow-hidden\"><img decoding=\"async\" class=\"w-full h-full object-cover\" src=\"https:\/\/newsweek.ro\/resize\/rYrPynsl9nD9AKs7k2N1hlHL6R2CWpCMTMMAU7ysW9c\/rs:fill:400:300:1\/g:ce\/aHR0cHM6Ly9uZXdzd2Vlay5yby9zdG9yYWdlL211bHRpbWVkaWEvMjAyNi8wMi9RUU1YUzcydm51RVZJN0l1TnlrdGtTNzdkU3FQSUJKcFNWTExqd0NCLnBuZw.webp\" alt=\"Alina Burlacu, medic endocrinolog \u0219i Mihai Du\u021b\u0103, red. \u0219ef adj. Newsweek Rom\u00e2nia Foto: NWR\" loading=\"lazy\"><figcaption class=\"absolute z-10 bottom-0 left-0 uppercase bg-red-600 p-2\"><span class=\"block text-white text-sm text-nowrap font-bold leading-none\">S\u0103n\u0103tate<\/span><\/figcaption><\/figure>\n<p><span class=\"text-base md:text-xl font-title font-bold text-black group-hover:text-red-600 leading-tight\"><br \/>\n                            VIDEO 4 zile f\u0103r\u0103 m\u00e2ncare: c\u00e2t am sl\u0103bit, ce s-a \u00eent\u00e2mplat cu organismul meu \u0219i ce zice medicul despre fasting<br \/>\n                        <\/span><\/p>\n<p class=\"text-zinc-700 font-text text-sm leading-tight\">\n                            Postul intermitent a devenit una dintre cele mai populare metode de sl\u0103bit, \u00eens\u0103 speciali\u0219tii avertizeaz\u0103 c\u0103 efectele nu sunt \u00eentotdeauna cele a\u0219teptate. Mihai Du\u021b\u0103 a testat pe propriul corp cum e s\u0103 nu m\u0103n\u00e2nci nimic timp de patru zile.\n                        <\/p>\n<\/div>\n<p><\/a><\/article>\n<article class=\"w-full flex-none group\"><a href=\"https:\/\/newsweek.ro\/sanatate\/video-care-au-fost-cele-mai-complicate-repatrieri-medicale-in-2025\"><\/p>\n<div class=\"flex flex-col gap-2\">\n<figure class=\"relative w-full aspect-3\/2 bg-zinc-500 z-0 overflow-hidden\"><img decoding=\"async\" class=\"w-full h-full object-cover\" src=\"https:\/\/newsweek.ro\/resize\/dh3sM0AJgLynGToH6vwwkhT5T2WTvviFhD82TMK7PHQ\/rs:fill:400:300:1\/g:ce\/aHR0cHM6Ly9uZXdzd2Vlay5yby9zdG9yYWdlL211bHRpbWVkaWEvMjAyNS8xMi9KM1JpdXB0NUxmeVI2ZmVQQUo0NkpOeFdXc1JSbURCcDBJZUVGNDNuLmpwZw.webp\" alt=\"Medicii Valentin Ding\u0103 \u0219i Adrian Simion sunt singurii rom\u00e2ni acredita\u021bi pentru reaptrieri medicale Foto: arhiva personal\u0103\" loading=\"lazy\"><figcaption class=\"absolute z-10 bottom-0 left-0 uppercase bg-red-600 p-2\"><span class=\"block text-white text-sm text-nowrap font-bold leading-none\">S\u0103n\u0103tate<\/span><\/figcaption><\/figure>\n<p><span class=\"text-base md:text-xl font-title font-bold text-black group-hover:text-red-600 leading-tight\"><br \/>\n                            VIDEO Care au fost cele mai complicate repatrieri medicale \u00een 2025. Evacu\u0103ri din Bagdad \u0219i Gaza<br \/>\n                        <\/span><\/p>\n<p class=\"text-zinc-700 font-text text-sm leading-tight\">\n                            Doi medici rom\u00e2ni specializa\u021bi \u00een repatrieri medicale la nivel interna\u021bional au povestit la Newsweek Life care au fost cele mai complicate cazuri pe care le-au avut \u00een 2025. Au fost inclusiv \u00een zone de conflict.\n                        <\/p>\n<\/div>\n<p><\/a><\/article>\n<article class=\"w-full flex-none group\"><a href=\"https:\/\/newsweek.ro\/tehnologie\/video-ce-ai-nevoie-pentru-a-organiza-un-eveniment-reusit-nu-conteaza-doar-echipamentele\"><\/p>\n<div class=\"flex flex-col gap-2\">\n<figure class=\"relative w-full aspect-3\/2 bg-zinc-500 z-0 overflow-hidden\"><img decoding=\"async\" class=\"w-full h-full object-cover\" src=\"https:\/\/newsweek.ro\/resize\/l4xiuLSn3b8iKWWigdAZ1O6YXblRM7n_Bzz8_KBUcsI\/rs:fill:400:300:1\/g:ce\/aHR0cHM6Ly9uZXdzd2Vlay5yby9zdG9yYWdlL211bHRpbWVkaWEvMjAyNS8xMi9hZ3V2am5RNFlhVktkbnJjNGZIZFU2clFHdE5rUDk4b2RmZWJZVXd5LmpwZw.webp\" alt=\"De ce ai nevoie pentru a organiza un eveniment reu\u0219it Foto: NWR\" loading=\"lazy\"><figcaption class=\"absolute z-10 bottom-0 left-0 uppercase bg-red-600 p-2\"><span class=\"block text-white text-sm text-nowrap font-bold leading-none\">Tehnologie<\/span><\/figcaption><\/figure>\n<p><span class=\"text-base md:text-xl font-title font-bold text-black group-hover:text-red-600 leading-tight\"><br \/>\n                            VIDEO De ce ai nevoie pentru a organiza un eveniment reu\u0219it. Nu conteaz\u0103 doar echipamentele<br \/>\n                        <\/span><\/p>\n<p class=\"text-zinc-700 font-text text-sm leading-tight\">\n                            Evenimentele organizate de companii, dar nu numai, depind acum \u00een mare m\u0103sur\u0103 de noile tehnologii, de calitatea echipamentelor dar \u0219i de preg\u0103tirea celor care le folosesc. Ast\u0103zi, majoritatea evenimentelor sunt transmise live \u0219i pot fi urm\u0103rite de zeci de mii de oameni \u00een direct.\n                        <\/p>\n<\/div>\n<p><\/a><\/article>\n<article class=\"py-2 border-b border-zinc-400 group\"><a href=\"https:\/\/newsweek.ro\/social\/vor-plati-cass-la-pensie-si-pensionarii-care-au-pensii-sub-2000-lei-cerere-neasteptata-de-la-ue\"><\/p>\n<div class=\"flex items-center gap-2\">\n<div class=\"flex-none\">\n<figure class=\"w-20 aspect-square bg-zinc-500 z-0 overflow-hidden\"><img decoding=\"async\" class=\"w-full h-full object-cover\" src=\"https:\/\/newsweek.ro\/resize\/To1jdb8Hnf67dL5uXOHNFTerLEZbgyvuKj5EBJYdnfI\/rs:fill:100:100:1\/g:ce\/aHR0cHM6Ly9uZXdzd2Vlay5yby9zdG9yYWdlL211bHRpbWVkaWEvMjAyNi8wOC9DaVUwTE5CRXhtUTh5SVdGQzdRcDVPamJyTHRBOVRUcHRvbmVWdFJzLmpwZw.webp\" alt=\"Pensionari la pensie - Foto: Magnific\" loading=\"lazy\"><\/figure>\n<\/div>\n<div class=\"grow flex flex-col gap-1\">\n<div class=\"flex items-center justify-between\"><span class=\"font-title text-red-600 text-xs md:text-sm text-nowrap font-bold uppercase leading-none\"><br \/>\n                            Social<br \/>\n                        <\/span><\/p>\n<div class=\"flex justify-end text-zinc-500 text-base font-semibold leading-none\"> 2\n                        <\/div>\n<\/div>\n<p><span class=\"font-title font-bold text-base text-black group-hover:text-red-600 leading-tight\"><br \/>\n                        Scenariu: Vor pl\u0103ti CASS la pensie \u0219i pensionarii care au pensii sub 2.000 lei. Propunere nea\u0219teptat\u0103 de la UE<br \/>\n                    <\/span><\/div>\n<\/div>\n<p><\/a><\/article>\n<article class=\"py-2 border-b border-zinc-400 group\"><a href=\"https:\/\/newsweek.ro\/economie\/marea-neagra-nu-taie-jumatate-facturile-cat-vom-plati-real-gazul-neptun-deep\"><\/p>\n<div class=\"flex items-center gap-2\">\n<div class=\"flex-none\">\n<figure class=\"w-20 aspect-square bg-zinc-500 z-0 overflow-hidden\"><img decoding=\"async\" class=\"w-full h-full object-cover\" src=\"https:\/\/newsweek.ro\/resize\/MUdwZDtboYeXM1wjvB_1ZRNPnhkKp1BfSyCFjoAxLHo\/rs:fill:100:100:1\/g:ce\/aHR0cHM6Ly9uZXdzd2Vlay5yby9zdG9yYWdlL211bHRpbWVkaWEvMjAyNi8wOC9SWXhiTEFSNWpYMUxEdVU3THpnSUVaaTFhQks0ZDJnRW1RSmpiZlg2LmpwZw.webp\" alt=\"Plaforma de foraj Transocean Barents, care va opera z\u0103c\u0103m\u00e2ntul gazeifer Neptun Deep - Foto: INQUAM PHOTOS\/George C\u0103lin\" loading=\"lazy\"><\/figure>\n<\/div>\n<div class=\"grow flex flex-col gap-1\">\n<div class=\"flex items-center justify-between\"><span class=\"font-title text-red-600 text-xs md:text-sm text-nowrap font-bold uppercase leading-none\"><br \/>\n                            Economie<br \/>\n                        <\/span><\/p>\n<div class=\"flex justify-end text-zinc-500 text-base font-semibold leading-none\"> 2\n                        <\/div>\n<\/div>\n<p><span class=\"font-title font-bold text-base text-black group-hover:text-red-600 leading-tight\"><br \/>\n                        Cu c\u00e2t va sc\u0103dea factura la gaz dup\u0103 \u00eenceperea exploat\u0103rii z\u0103c\u0103m\u00e2ntului Neptun Deep din Marea Neagr\u0103?<br \/>\n                    <\/span><\/div>\n<\/div>\n<p><\/a><\/article>\n<article class=\"py-2 border-b border-zinc-400 group\"><a href=\"https:\/\/newsweek.ro\/economie\/romania-in-alerta-energetica-cat-poate-reduce-consumul-voluntar-si-cat-este-deficitul-de-energie\"><\/p>\n<div class=\"flex items-center gap-2\">\n<div class=\"flex-none\">\n<figure class=\"w-20 aspect-square bg-zinc-500 z-0 overflow-hidden\"><img decoding=\"async\" class=\"w-full h-full object-cover\" src=\"https:\/\/newsweek.ro\/resize\/V1FnSEuTlz-rzCEST9UuXWkubebt35CF3-2sBSlEeEI\/rs:fill:100:100:1\/g:ce\/aHR0cHM6Ly9uZXdzd2Vlay5yby9zdG9yYWdlL211bHRpbWVkaWEvMjAyNi8wOC90SW95UHhLeUVvTWFncHZJOXBtMUttQUxyNEVLSVBXSG1ncXhhZmN1LmpwZw.webp\" alt=\"Un electrician verifica siguran\u021bele de curent - Foto: Magnific (rol ilustrativ)\" loading=\"lazy\"><\/figure>\n<\/div>\n<div class=\"grow flex flex-col gap-1\">\n<div class=\"flex items-center justify-between\"><span class=\"font-title text-red-600 text-xs md:text-sm text-nowrap font-bold uppercase leading-none\"><br \/>\n                            Economie<br \/>\n                        <\/span><\/p>\n<div class=\"flex justify-end text-zinc-500 text-base font-semibold leading-none\"> 1\n                        <\/div>\n<\/div>\n<p><span class=\"font-title font-bold text-base text-black group-hover:text-red-600 leading-tight\"><br \/>\n                        Rom\u00e2nia, \u00een alert\u0103 energetic\u0103. Chis\u0103li\u021b\u0103: Consumul voluntar nu acoper\u0103 deficitul de 2.500 MW<br \/>\n                    <\/span><\/div>\n<\/div>\n<p><\/a><\/article>\n<article class=\"py-2 border-b border-zinc-400 group\"><a href=\"https:\/\/newsweek.ro\/economie\/ilie-bolojan-reactie-acord-romgaz-azomures-combinatul-relua-productia-2027\"><\/p>\n<div class=\"flex gap-2\"><span class=\"flex-none text-red-600 font-title font-bold leading-tight\">22:05<\/span><span class=\"grow flex font-title font-bold text-base text-black group-hover:text-red-600 leading-tight\"><br \/>\n                    Ilie Bolojan, reac\u021bie dup\u0103 acordul Romgaz \u2013 Azomure\u0219: Combinatul \u00ee\u0219i va relua produc\u021bia din 2027<br \/>\n                <\/span><\/div>\n<p><\/a><\/article>\n<article class=\"py-2 border-b border-zinc-400 group\"><a href=\"https:\/\/newsweek.ro\/economie\/alerta-piata-gazelor-europa-pretul-depaseste-70-euro-fondul-riscurilor-aprovizionare\"><\/p>\n<div class=\"flex gap-2\"><span class=\"flex-none text-red-600 font-title font-bold leading-tight\">21:50<\/span><span class=\"grow flex font-title font-bold text-base text-black group-hover:text-red-600 leading-tight\"><br \/>\n                    Alert\u0103 pe pia\u021ba gazelor din Europa: Pre\u021bul dep\u0103\u0219e\u0219te 70 de euro pe fondul riscurilor de aprovizionare<br \/>\n                <\/span><\/div>\n<p><\/a><\/article>\n<article class=\"py-2 border-b border-zinc-400 group\"><a href=\"https:\/\/newsweek.ro\/economie\/guvernul-aprobat-normele-concesionarea-perimetrelor-eoliene-offshore-marea-neagra\"><\/p>\n<div class=\"flex gap-2\"><span class=\"flex-none text-red-600 font-title font-bold leading-tight\">21:35<\/span><span class=\"grow flex font-title font-bold text-base text-black group-hover:text-red-600 leading-tight\"><br \/>\n                    Guvernul a aprobat normele pentru concesionarea perimetrelor eoliene offshore din Marea Neagr\u0103<br \/>\n                <\/span><\/div>\n<p><\/a><\/article>\n<article class=\"py-2 border-b border-zinc-400 group\"><a href=\"https:\/\/newsweek.ro\/international\/beretele-verzi-ale-sua-antreneaza-trupe-speciale-poloneze-pentru-misiuni-de-infiltrare-pe-teritoriul-inamic\"><\/p>\n<div class=\"flex gap-2\"><span class=\"flex-none text-red-600 font-title font-bold leading-tight\">21:20<\/span><span class=\"grow flex font-title font-bold text-base text-black group-hover:text-red-600 leading-tight\"><br \/>\n                    Beretele Verzi ale SUA antreneaz\u0103 trupe speciale poloneze pentru misiuni de infiltrare pe teritoriul inamic<br \/>\n                <\/span><\/div>\n<p><\/a><\/article>\n<article class=\"py-2 border-b border-zinc-400 group\"><a href=\"https:\/\/newsweek.ro\/economie\/transelectrica-investeste-350-milioane-lei-digitalizarea-modernizarea-retelei\"><\/p>\n<div class=\"flex gap-2\"><span class=\"flex-none text-red-600 font-title font-bold leading-tight\">21:10<\/span><span class=\"grow flex font-title font-bold text-base text-black group-hover:text-red-600 leading-tight\"><br \/>\n                    Transelectrica investe\u0219te peste 350 de milioane de lei, \u00een digitalizarea \u0219i modernizarea re\u021belei<br \/>\n                <\/span><\/div>\n<p><\/a><\/article>\n<article class=\"py-2 border-b border-zinc-400 group\"><a href=\"https:\/\/newsweek.ro\/sport\/patronul-gaziantep-reactie-dura-demitere-mirel-radoi-nu-exagerez-nimic\"><\/p>\n<div class=\"flex gap-2\"><span class=\"flex-none text-red-600 font-title font-bold leading-tight\">20:53<\/span><span class=\"grow flex font-title font-bold text-base text-black group-hover:text-red-600 leading-tight\"><br \/>\n                    Patronul lui Gaziantep, reac\u021bie dur\u0103 dup\u0103 demiterea lui Mirel R\u0103doi: \u201eNu exagerez cu nimic\u201d<br \/>\n                <\/span><\/div>\n<p><\/a><\/article>\n<article class=\"py-2 border-b border-zinc-400 group\"><a href=\"https:\/\/newsweek.ro\/economie\/afaceri-litoral-bulgaria-scuze-turisti-preturi\"><\/p>\n<div class=\"flex gap-2\"><span class=\"flex-none text-red-600 font-title font-bold leading-tight\">20:45<\/span><span class=\"grow flex font-title font-bold text-base text-black group-hover:text-red-600 leading-tight\"><br \/>\n                    Turismul pe litoralul bulg\u0103resc bate \u00een retragere. \u201eDator\u0103m scuze turistului bulgar!\u201d<br \/>\n                <\/span><\/div>\n<p><\/a><\/article>\n<article class=\"py-2 border-b border-zinc-400 group\"><a href=\"https:\/\/newsweek.ro\/sport\/lionel-messi-retrage-nationala-argentinei-doare-sufletul-sosit-momentul\"><\/p>\n<div class=\"flex gap-2\"><span class=\"flex-none text-red-600 font-title font-bold leading-tight\">20:38<\/span><span class=\"grow flex font-title font-bold text-base text-black group-hover:text-red-600 leading-tight\"><br \/>\n                    Lionel Messi se retrage din na\u021bionala Argentinei: \u201eM\u0103 doare sufletul, dar a sosit momentul\u201d<br \/>\n                <\/span><\/div>\n<p><\/a><\/article>\n<article class=\"py-2 border-b border-zinc-400 group\"><a href=\"https:\/\/newsweek.ro\/istorie\/prima-fabrica-de-bere-din-romania-infiintata-in-1718-in-bucuresti-a-aparut-un-secol-mai-tarziu\"><\/p>\n<div class=\"flex gap-2\"><span class=\"flex-none text-red-600 font-title font-bold leading-tight\">20:30<\/span><span class=\"grow flex font-title font-bold text-base text-black group-hover:text-red-600 leading-tight\"><br \/>\n                    Prima fabric\u0103 de bere din Rom\u00e2nia, \u00eenfiin\u021bat\u0103 \u00een 1718. \u00cen Bucure\u0219ti a ap\u0103rut un secol mai t\u00e2rziu<br \/>\n                <\/span><\/div>\n<p><\/a><\/article>\n<article class=\"py-2 border-b border-zinc-400 group\"><a href=\"https:\/\/newsweek.ro\/politica\/kelemen-hunor-infirma-retragere-muresan-am-convenit-aceasta-candidatura-restul-povesti\"><\/p>\n<div class=\"flex gap-2\"><span class=\"flex-none text-red-600 font-title font-bold leading-tight\">20:23<\/span><span class=\"grow flex font-title font-bold text-base text-black group-hover:text-red-600 leading-tight\"><br \/>\n                    Kelemen Hunor infirm\u0103 retragerea lui Mure\u0219an: \u201eAm convenit pe aceast\u0103 candidatur\u0103, restul &#8211; pove\u0219ti\u201d<br \/>\n                <\/span><\/div>\n<p><\/a><\/article>\n<article class=\"py-2 border-b border-zinc-400 group\"><a href=\"https:\/\/newsweek.ro\/international\/putin-sfideaza-propunerea-de-pace-a-lui-trump-motivul-ma-vor-spanzura-daca-nu-cuceresc-donbas-spune-el\"><\/p>\n<div class=\"flex gap-2\"><span class=\"flex-none text-red-600 font-title font-bold leading-tight\">20:15<\/span><span class=\"grow flex font-title font-bold text-base text-black group-hover:text-red-600 leading-tight\"><br \/>\n                    De ce Putin sfideaz\u0103 propunerea de pace a lui Trump. \u201eM\u0103 vor sp\u00e2nzura dac\u0103 nu cuceresc Donbas\u201d<br \/>\n                <\/span><\/div>\n<p><\/a><\/article>\n<article class=\"py-2 border-b border-zinc-400 group\"><a href=\"https:\/\/newsweek.ro\/economie\/guvernul-aprobat-noii-indicatori-performanta-anaf-reforma-pnrr-intra-vigoare-2027\"><\/p>\n<div class=\"flex gap-2\"><span class=\"flex-none text-red-600 font-title font-bold leading-tight\">20:08<\/span><span class=\"grow flex font-title font-bold text-base text-black group-hover:text-red-600 leading-tight\"><br \/>\n                    Guvernul a aprobat noii indicatori de performan\u021b\u0103 la ANAF: Reforma din PNRR intr\u0103 \u00een vigoare din 2027<br \/>\n                <\/span><\/div>\n<p><\/a><\/article>\n<article class=\"py-2 border-b border-zinc-400 group\"><a href=\"https:\/\/newsweek.ro\/economie\/bce-obligatiuni-tech-sua-costuri-imprumut-europa\"><\/p>\n<div class=\"flex gap-2\"><span class=\"flex-none text-red-600 font-title font-bold leading-tight\">20:00<\/span><span class=\"grow flex font-title font-bold text-base text-black group-hover:text-red-600 leading-tight\"><br \/>\n                    Valul de titluri tech din SUA amenin\u021b\u0103 s\u0103 scumpeasc\u0103 creditele \u00een Europa, avertizeaz\u0103 BCE<br \/>\n                <\/span><\/div>\n<p><\/a><\/article>\n<article class=\"py-2 border-b border-zinc-400 group\"><a href=\"https:\/\/newsweek.ro\/timp-liber\/cum-sa-faci-podelele-sa-straluceasca-si-ramana-curate-mai-mult-timp-trucul-italienilor-care-costa-10-lei\"><\/p>\n<div class=\"flex gap-2\"><span class=\"flex-none text-red-600 font-title font-bold leading-tight\">19:45<\/span><span class=\"grow flex font-title font-bold text-base text-black group-hover:text-red-600 leading-tight\"><br \/>\n                    Cum s\u0103 faci podelele s\u0103 str\u0103luceasc\u0103 \u0219i r\u0103m\u00e2n\u0103 curate mai mult timp? Trucul italienilor care cost\u0103 10 lei<br \/>\n                <\/span><\/div>\n<p><\/a><\/article>\n<article class=\"py-2 border-b border-zinc-400 group\"><a href=\"https:\/\/newsweek.ro\/actualitate\/iulius-continua-sa-atraga-branduri-romanesti-de-succes-made-by-society-se-extinde-in-patru-malluri-din-retea\"><\/p>\n<div class=\"flex gap-2\"><span class=\"flex-none text-red-600 font-title font-bold leading-tight\">19:30<\/span><span class=\"grow flex font-title font-bold text-base text-black group-hover:text-red-600 leading-tight\"><br \/>\n                    IULIUS continu\u0103 s\u0103 atrag\u0103 branduri rom\u00e2ne\u0219ti de succes: Made by Society se extinde \u00een patru malluri din re\u021bea<br \/>\n                <\/span><\/div>\n<p><\/a><\/article>\n<\/p>\n<p>[analyse_source url=&#8221;https:\/\/newsweek.ro\/international\/putin-sfideaza-propunerea-de-pace-a-lui-trump-motivul-ma-vor-spanzura-daca-nu-cuceresc-donbas-spune-el?utm_source=adevarul.ro&amp;utm_medium=feed&amp;utm_campaign=crossout&#8221;]<\/p>\n","protected":false},"excerpt":{"rendered":"<p>[analyse_image type=&#8221;featured&#8221; src=&#8221;https:\/\/newsweek.ro\/resize\/-MOzP0eL5mEtnwLMO59MXo4zd6ttDSCwrNtxAcSPatQ\/rs:fill:1200:630:1\/g:ce\/aHR0cHM6Ly9uZXdzd2Vlay5yby9zdG9yYWdlL211bHRpbWVkaWEvMjAyNi8wOC9RMEpLb0ZEblZ0MzRydU9Yd3NNalF5dVUxMzhkZVZoYWFVU2NBMXlYLmpwZw.webp&#8221;] De ce Putin sfideaz\u0103 propunerea de pace a lui Trump. \u201eM\u0103 vor sp\u00e2nzura dac\u0103 nu cuceresc Donbas\u201d Interna\u021bional \u2022 DEAdina Mut\u0103r Data public\u0103rii: 31.08.2026 \u2022 20:15 Putin sfideaz\u0103 propunerea de pace a lui Trump. Motivul: \u201eM\u0103 vor sp\u00e2nzura dac\u0103 nu cuceresc Donbas\u201d &#8211; Foto: Profimedia Images (imagine cu rol ilustrativ) Putin se [&hellip;]<\/p>\n","protected":false},"author":1,"featured_media":0,"comment_status":"open","ping_status":"","sticky":false,"template":"","format":"standard","meta":{"footnotes":""},"categories":[89],"tags":[19,226],"class_list":["post-2120947","post","type-post","status-publish","format-standard","hentry","category-romania","tag-adevarul","tag-crawlmanager"],"_links":{"self":[{"href":"https:\/\/analyse.optim.biz\/index.php?rest_route=\/wp\/v2\/posts\/2120947","targetHints":{"allow":["GET"]}}],"collection":[{"href":"https:\/\/analyse.optim.biz\/index.php?rest_route=\/wp\/v2\/posts"}],"about":[{"href":"https:\/\/analyse.optim.biz\/index.php?rest_route=\/wp\/v2\/types\/post"}],"author":[{"embeddable":true,"href":"https:\/\/analyse.optim.biz\/index.php?rest_route=\/wp\/v2\/users\/1"}],"replies":[{"embeddable":true,"href":"https:\/\/analyse.optim.biz\/index.php?rest_route=%2Fwp%2Fv2%2Fcomments&post=2120947"}],"version-history":[{"count":0,"href":"https:\/\/analyse.optim.biz\/index.php?rest_route=\/wp\/v2\/posts\/2120947\/revisions"}],"wp:attachment":[{"href":"https:\/\/analyse.optim.biz\/index.php?rest_route=%2Fwp%2Fv2%2Fmedia&parent=2120947"}],"wp:term":[{"taxonomy":"category","embeddable":true,"href":"https:\/\/analyse.optim.biz\/index.php?rest_route=%2Fwp%2Fv2%2Fcategories&post=2120947"},{"taxonomy":"post_tag","embeddable":true,"href":"https:\/\/analyse.optim.biz\/index.php?rest_route=%2Fwp%2Fv2%2Ftags&post=2120947"}],"curies":[{"name":"wp","href":"https:\/\/api.w.org\/{rel}","templated":true}]}}