{"id":2120943,"date":"2026-08-31T19:40:47","date_gmt":"2026-08-31T16:40:47","guid":{"rendered":"https:\/\/analyse.optim.biz\/?p=2120943"},"modified":"2026-08-31T19:40:47","modified_gmt":"2026-08-31T16:40:47","slug":"ultima-ora-un-miros-de-grajd-a-acoperit-in-aceasta-seara-orasul-in-cartierul-tau-s-a-simtit","status":"publish","type":"post","link":"https:\/\/analyse.optim.biz\/?p=2120943","title":{"rendered":"Ultim\u0103 or\u0103! Un miros de grajd a acoperit, \u00een aceast\u0103 sear\u0103, ora\u0219ul. \u00cen cartierul t\u0103u s-a sim\u021bit?"},"content":{"rendered":"<p>[analyse_image type=&#8221;featured&#8221; src=&#8221;https:\/\/sansanews.ro\/wp-content\/uploads\/2026\/08\/calitate-aer-1.jpeghttps:\/\/sansanews.ro\/wp-content\/uploads\/2026\/08\/calitate-aer-1.jpeg&#8221;]<\/p>\n<div class=\"entry-content herald-entry-content\">\n<div class=\"herald-ad herald-ad-above-single\"><a href=\"https:\/\/buzau.21k.ro\/\"><img loading=\"lazy\" decoding=\"async\" src=\"https:\/\/sansanews.ro\/wp-content\/uploads\/2026\/08\/300x300-k21.gif\" alt width=\"300\" height=\"300\" class=\"aligncenter size-full wp-image-124436\"><\/a><\/div>\n<p>Un miros greu de suportat s-a r\u0103sp\u00e2ndit, la orele serii, \u00een mai toate zonele ora\u0219ului Buz\u0103u, iar situa\u021bia le-a creat un disconfort major buzoienilor, mai ales c\u0103 situa\u021bia s-a semnalat dup\u0103 ce temperaturile au \u00eenceput s\u0103 mai scad\u0103, iar oamenii au ie\u0219it din case \u00een c\u0103utarea unui strop de r\u0103coare. <\/p>\n<p>Deranjul olfactiv s-a resim\u021bit, cel mai pregnant,\u00een zona central\u0103, dar \u0219i \u00een partea de nord a ora\u0219ului. Buzoienii ie\u0219i\u021bi pe platoul din Pia\u021ba Daciei s-au pl\u00e2ns de mirosul care f\u0103cea ca ora\u0219ul s\u0103 par\u0103, la un moment dat, un imens grajd. <\/p>\n<blockquote class=\"wp-block-quote\">\n<p>\u201dAm deschis geamul locuin\u021bei, mai devreme, s\u0103 se aeriseasc\u0103 \u0219i am crezut c\u0103 mi se pare. C\u00e2nd am ie\u0219it \u0219i m-am deplasat spre centru mi-am dat seama c\u0103, de fapt, mirosea a\u0219a peste tot!\u201d ne-a declarat o doamn\u0103 ie\u0219it\u0103 cu nepotul la plimbare. <\/p>\n<\/blockquote>\n<p>La sediul Direc\u021biei Jude\u021bene de Mediu, acolo unde exist\u0103 un monitor care afi\u0219eaz\u0103 valorile privind calitatea aerului, lucrurile st\u0103teau bine. La doi pa\u0219i, \u00een parc, m\u0103micile ie\u0219ite cu copiii pe afar\u0103, se pl\u00e2ngeau de situa\u021bie: <\/p>\n<blockquote class=\"wp-block-quote\">\n<p>\u201dAm ie\u0219it acum vreo jum\u0103tate de or\u0103, am mai intrat \u00een cas\u0103, c\u0103 era irespirabil aerul, mirosea de nu puteam sta, am mai ie\u0219it acum, dar situa\u021bia e neschimbat\u0103!\u201d ne-a spus o buzoianc\u0103 aflat\u0103 \u00een parc. <\/p>\n<\/blockquote>\n<p>Astfel de situa\u021bii au mai fost semnalate \u00een anii trecu\u021bi, dar nicio institu\u021bie de mediu nu a reu\u0219it s\u0103 ofere un r\u0103spuns privind cauza deprecierii calit\u0103\u021bii aerului. Ceea ce e de a\u0219teptat s\u0103 se \u00eent\u00e2mple \u0219i m\u00e2ine, \u00een cazul \u00een care vor exista sesiz\u0103ri pe care func\u021bionarii le vor g\u0103si pe email c\u00e2nd vor merge la serviciu. De\u0219i, \u00eentr-un context normal, situa\u021bia deranjant\u0103 pentru orice locuitor al ora\u0219ului ar trebui s\u0103 fie suficient motiv pentru o autosesizare. <\/p>\n<p>Altfel, risc\u0103m s\u0103 ne trezim precum locuitorii Sloboziei, ora\u0219 \u00een care autorit\u0103\u021bile de mediu s-au apucat s\u0103 fac\u0103 verific\u0103ri abia c\u00e2nd mirosul a devenit de nesuportat, iar situa\u021bia de neremediat. Motiv pentru care se perpetueaz\u0103 de luni \u00eentregi.  <\/p>\n<div class=\"meta-tags\"><span>Etichete<\/span><a href=\"https:\/\/sansanews.ro\/tag\/aer\/\" rel=\"tag\">aer<\/a><a href=\"https:\/\/sansanews.ro\/tag\/disconfort-olfactiv\/\" rel=\"tag\">disconfort olfactiv<\/a><a href=\"https:\/\/sansanews.ro\/tag\/miros\/\" rel=\"tag\">miros<\/a><a href=\"https:\/\/sansanews.ro\/tag\/orasul-buzau\/\" rel=\"tag\">orasul Buzau<\/a><\/div>\n<div class=\"herald-share-content\">\n<div class=\"meks_ess rectangle no-labels outline\"><a class=\"meks_ess-item socicon-facebook\" data-url=\"http:\/\/www.facebook.com\/sharer\/sharer.php?u=https%3A%2F%2Fsansanews.ro%2Fultima-ora-un-miros-de-grajd-a-acoperit-in-aceasta-seara-orasul-in-cartierul-tau-s-a-simtit%2F&amp;t=Ultim%C4%83%20or%C4%83%21%20Un%20miros%20de%20grajd%20a%20acoperit%2C%20%C3%AEn%20aceast%C4%83%20sear%C4%83%2C%20ora%C8%99ul.%20%C3%8En%20cartierul%20t%C4%83u%20s-a%20sim%C8%9Bit%3F\"><span>Facebook<\/span><\/a><a href=\"https:\/\/api.whatsapp.com\/send?text=Ultim%C4%83%20or%C4%83%21%20Un%20miros%20de%20grajd%20a%20acoperit%2C%20%C3%AEn%20aceast%C4%83%20sear%C4%83%2C%20ora%C8%99ul.%20%C3%8En%20cartierul%20t%C4%83u%20s-a%20sim%C8%9Bit%3F%20https%3A%2F%2Fsansanews.ro%2Fultima-ora-un-miros-de-grajd-a-acoperit-in-aceasta-seara-orasul-in-cartierul-tau-s-a-simtit%2F\" class=\"meks_ess-item socicon-whatsapp prevent-share-popup\"><span>WhatsApp<\/span><\/a><a class=\"meks_ess-item socicon-twitter\" data-url=\"http:\/\/twitter.com\/intent\/tweet?url=https%3A%2F%2Fsansanews.ro%2Fultima-ora-un-miros-de-grajd-a-acoperit-in-aceasta-seara-orasul-in-cartierul-tau-s-a-simtit%2F&amp;text=Ultim%C4%83%20or%C4%83%21%20Un%20miros%20de%20grajd%20a%20acoperit%2C%20%C3%AEn%20aceast%C4%83%20sear%C4%83%2C%20ora%C8%99ul.%20%C3%8En%20cartierul%20t%C4%83u%20s-a%20sim%C8%9Bit%3F\"><span>Twitter<\/span><\/a><a class=\"meks_ess-item socicon-pinterest\" data-url=\"http:\/\/pinterest.com\/pin\/create\/button\/?url=https%3A%2F%2Fsansanews.ro%2Fultima-ora-un-miros-de-grajd-a-acoperit-in-aceasta-seara-orasul-in-cartierul-tau-s-a-simtit%2F&amp;media=https%3A%2F%2Fsansanews.ro%2Fwp-content%2Fuploads%2F2026%2F08%2Fcalitate-aer-1.jpeg&amp;description=Ultim%C4%83%20or%C4%83%21%20Un%20miros%20de%20grajd%20a%20acoperit%2C%20%C3%AEn%20aceast%C4%83%20sear%C4%83%2C%20ora%C8%99ul.%20%C3%8En%20cartierul%20t%C4%83u%20s-a%20sim%C8%9Bit%3F\"><span>Pinterest<\/span><\/a><\/div>\n<\/div>\n<\/div>\n<div class=\"entry-content herald-entry-content\">\n<div class=\"herald-ad herald-ad-above-single\"><a href=\"https:\/\/buzau.21k.ro\/\"><img loading=\"lazy\" decoding=\"async\" src=\"https:\/\/sansanews.ro\/wp-content\/uploads\/2026\/08\/300x300-k21.gif\" alt width=\"300\" height=\"300\" class=\"aligncenter size-full wp-image-124436\"><\/a><\/div>\n<p>Un miros greu de suportat s-a r\u0103sp\u00e2ndit, la orele serii, \u00een mai toate zonele ora\u0219ului Buz\u0103u, iar situa\u021bia le-a creat un disconfort major buzoienilor, mai ales c\u0103 situa\u021bia s-a semnalat dup\u0103 ce temperaturile au \u00eenceput s\u0103 mai scad\u0103, iar oamenii au ie\u0219it din case \u00een c\u0103utarea unui strop de r\u0103coare. <\/p>\n<p>Deranjul olfactiv s-a resim\u021bit, cel mai pregnant,\u00een zona central\u0103, dar \u0219i \u00een partea de nord a ora\u0219ului. Buzoienii ie\u0219i\u021bi pe platoul din Pia\u021ba Daciei s-au pl\u00e2ns de mirosul care f\u0103cea ca ora\u0219ul s\u0103 par\u0103, la un moment dat, un imens grajd. <\/p>\n<blockquote class=\"wp-block-quote\">\n<p>\u201dAm deschis geamul locuin\u021bei, mai devreme, s\u0103 se aeriseasc\u0103 \u0219i am crezut c\u0103 mi se pare. C\u00e2nd am ie\u0219it \u0219i m-am deplasat spre centru mi-am dat seama c\u0103, de fapt, mirosea a\u0219a peste tot!\u201d ne-a declarat o doamn\u0103 ie\u0219it\u0103 cu nepotul la plimbare. <\/p>\n<\/blockquote>\n<p>La sediul Direc\u021biei Jude\u021bene de Mediu, acolo unde exist\u0103 un monitor care afi\u0219eaz\u0103 valorile privind calitatea aerului, lucrurile st\u0103teau bine. La doi pa\u0219i, \u00een parc, m\u0103micile ie\u0219ite cu copiii pe afar\u0103, se pl\u00e2ngeau de situa\u021bie: <\/p>\n<blockquote class=\"wp-block-quote\">\n<p>\u201dAm ie\u0219it acum vreo jum\u0103tate de or\u0103, am mai intrat \u00een cas\u0103, c\u0103 era irespirabil aerul, mirosea de nu puteam sta, am mai ie\u0219it acum, dar situa\u021bia e neschimbat\u0103!\u201d ne-a spus o buzoianc\u0103 aflat\u0103 \u00een parc. <\/p>\n<\/blockquote>\n<p>Astfel de situa\u021bii au mai fost semnalate \u00een anii trecu\u021bi, dar nicio institu\u021bie de mediu nu a reu\u0219it s\u0103 ofere un r\u0103spuns privind cauza deprecierii calit\u0103\u021bii aerului. Ceea ce e de a\u0219teptat s\u0103 se \u00eent\u00e2mple \u0219i m\u00e2ine, \u00een cazul \u00een care vor exista sesiz\u0103ri pe care func\u021bionarii le vor g\u0103si pe email c\u00e2nd vor merge la serviciu. De\u0219i, \u00eentr-un context normal, situa\u021bia deranjant\u0103 pentru orice locuitor al ora\u0219ului ar trebui s\u0103 fie suficient motiv pentru o autosesizare. <\/p>\n<p>Altfel, risc\u0103m s\u0103 ne trezim precum locuitorii Sloboziei, ora\u0219 \u00een care autorit\u0103\u021bile de mediu s-au apucat s\u0103 fac\u0103 verific\u0103ri abia c\u00e2nd mirosul a devenit de nesuportat, iar situa\u021bia de neremediat. Motiv pentru care se perpetueaz\u0103 de luni \u00eentregi.  <\/p>\n<div class=\"meta-tags\"><span>Etichete<\/span><a href=\"https:\/\/sansanews.ro\/tag\/aer\/\" rel=\"tag\">aer<\/a><a href=\"https:\/\/sansanews.ro\/tag\/disconfort-olfactiv\/\" rel=\"tag\">disconfort olfactiv<\/a><a href=\"https:\/\/sansanews.ro\/tag\/miros\/\" rel=\"tag\">miros<\/a><a href=\"https:\/\/sansanews.ro\/tag\/orasul-buzau\/\" rel=\"tag\">orasul Buzau<\/a><\/div>\n<div class=\"herald-share-content\">\n<div class=\"meks_ess rectangle no-labels outline\"><a class=\"meks_ess-item socicon-facebook\" data-url=\"http:\/\/www.facebook.com\/sharer\/sharer.php?u=https%3A%2F%2Fsansanews.ro%2Fultima-ora-un-miros-de-grajd-a-acoperit-in-aceasta-seara-orasul-in-cartierul-tau-s-a-simtit%2F&amp;t=Ultim%C4%83%20or%C4%83%21%20Un%20miros%20de%20grajd%20a%20acoperit%2C%20%C3%AEn%20aceast%C4%83%20sear%C4%83%2C%20ora%C8%99ul.%20%C3%8En%20cartierul%20t%C4%83u%20s-a%20sim%C8%9Bit%3F\"><span>Facebook<\/span><\/a><a href=\"https:\/\/api.whatsapp.com\/send?text=Ultim%C4%83%20or%C4%83%21%20Un%20miros%20de%20grajd%20a%20acoperit%2C%20%C3%AEn%20aceast%C4%83%20sear%C4%83%2C%20ora%C8%99ul.%20%C3%8En%20cartierul%20t%C4%83u%20s-a%20sim%C8%9Bit%3F%20https%3A%2F%2Fsansanews.ro%2Fultima-ora-un-miros-de-grajd-a-acoperit-in-aceasta-seara-orasul-in-cartierul-tau-s-a-simtit%2F\" class=\"meks_ess-item socicon-whatsapp prevent-share-popup\"><span>WhatsApp<\/span><\/a><a class=\"meks_ess-item socicon-twitter\" data-url=\"http:\/\/twitter.com\/intent\/tweet?url=https%3A%2F%2Fsansanews.ro%2Fultima-ora-un-miros-de-grajd-a-acoperit-in-aceasta-seara-orasul-in-cartierul-tau-s-a-simtit%2F&amp;text=Ultim%C4%83%20or%C4%83%21%20Un%20miros%20de%20grajd%20a%20acoperit%2C%20%C3%AEn%20aceast%C4%83%20sear%C4%83%2C%20ora%C8%99ul.%20%C3%8En%20cartierul%20t%C4%83u%20s-a%20sim%C8%9Bit%3F\"><span>Twitter<\/span><\/a><a class=\"meks_ess-item socicon-pinterest\" data-url=\"http:\/\/pinterest.com\/pin\/create\/button\/?url=https%3A%2F%2Fsansanews.ro%2Fultima-ora-un-miros-de-grajd-a-acoperit-in-aceasta-seara-orasul-in-cartierul-tau-s-a-simtit%2F&amp;media=https%3A%2F%2Fsansanews.ro%2Fwp-content%2Fuploads%2F2026%2F08%2Fcalitate-aer-1.jpeg&amp;description=Ultim%C4%83%20or%C4%83%21%20Un%20miros%20de%20grajd%20a%20acoperit%2C%20%C3%AEn%20aceast%C4%83%20sear%C4%83%2C%20ora%C8%99ul.%20%C3%8En%20cartierul%20t%C4%83u%20s-a%20sim%C8%9Bit%3F\"><span>Pinterest<\/span><\/a><\/div>\n<\/div>\n<\/div>\n<p>[analyse_source url=&#8221;https:\/\/sansanews.ro\/ultima-ora-un-miros-de-grajd-a-acoperit-in-aceasta-seara-orasul-in-cartierul-tau-s-a-simtit\/&#8221;]<\/p>\n","protected":false},"excerpt":{"rendered":"<p>[analyse_image type=&#8221;featured&#8221; src=&#8221;https:\/\/sansanews.ro\/wp-content\/uploads\/2026\/08\/calitate-aer-1.jpeghttps:\/\/sansanews.ro\/wp-content\/uploads\/2026\/08\/calitate-aer-1.jpeg&#8221;] Un miros greu de suportat s-a r\u0103sp\u00e2ndit, la orele serii, \u00een mai toate zonele ora\u0219ului Buz\u0103u, iar situa\u021bia le-a creat un disconfort major buzoienilor, mai ales c\u0103 situa\u021bia s-a semnalat dup\u0103 ce temperaturile au \u00eenceput s\u0103 mai scad\u0103, iar oamenii au ie\u0219it din case \u00een c\u0103utarea unui strop de r\u0103coare. Deranjul olfactiv [&hellip;]<\/p>\n","protected":false},"author":1,"featured_media":0,"comment_status":"open","ping_status":"","sticky":false,"template":"","format":"standard","meta":{"footnotes":""},"categories":[2],"tags":[226,51],"class_list":["post-2120943","post","type-post","status-publish","format-standard","hentry","category-politics","tag-crawlmanager","tag-sansanews-ro"],"_links":{"self":[{"href":"https:\/\/analyse.optim.biz\/index.php?rest_route=\/wp\/v2\/posts\/2120943","targetHints":{"allow":["GET"]}}],"collection":[{"href":"https:\/\/analyse.optim.biz\/index.php?rest_route=\/wp\/v2\/posts"}],"about":[{"href":"https:\/\/analyse.optim.biz\/index.php?rest_route=\/wp\/v2\/types\/post"}],"author":[{"embeddable":true,"href":"https:\/\/analyse.optim.biz\/index.php?rest_route=\/wp\/v2\/users\/1"}],"replies":[{"embeddable":true,"href":"https:\/\/analyse.optim.biz\/index.php?rest_route=%2Fwp%2Fv2%2Fcomments&post=2120943"}],"version-history":[{"count":0,"href":"https:\/\/analyse.optim.biz\/index.php?rest_route=\/wp\/v2\/posts\/2120943\/revisions"}],"wp:attachment":[{"href":"https:\/\/analyse.optim.biz\/index.php?rest_route=%2Fwp%2Fv2%2Fmedia&parent=2120943"}],"wp:term":[{"taxonomy":"category","embeddable":true,"href":"https:\/\/analyse.optim.biz\/index.php?rest_route=%2Fwp%2Fv2%2Fcategories&post=2120943"},{"taxonomy":"post_tag","embeddable":true,"href":"https:\/\/analyse.optim.biz\/index.php?rest_route=%2Fwp%2Fv2%2Ftags&post=2120943"}],"curies":[{"name":"wp","href":"https:\/\/api.w.org\/{rel}","templated":true}]}}