{"id":2120941,"date":"2026-08-31T00:00:00","date_gmt":"2026-08-30T21:00:00","guid":{"rendered":"https:\/\/analyse.optim.biz\/?p=2120941"},"modified":"2026-08-31T00:00:00","modified_gmt":"2026-08-30T21:00:00","slug":"masina-capcana-in-mexic-autoritatile-dau-vina-pe-cartelul-jalisco-nuevo-generacion","status":"publish","type":"post","link":"https:\/\/analyse.optim.biz\/?p=2120941","title":{"rendered":"Ma\u0219in\u0103-capcan\u0103 \u00een Mexic: Autorit\u0103\u021bile dau vina pe cartelul Jalisco Nuevo Generacion"},"content":{"rendered":"<p>[analyse_image type=&#8221;featured&#8221; src=&#8221;https:\/\/agerpres.ro\/data\/202608\/20260831224814_968738.jpg&#8221;]<\/p>\n<div class=\"mx-auto pt-3\">\n<p><strong>Autorit\u0103\u021bile mexicane au estimat luni c\u0103 explozia unei ma\u0219ini-capcan\u0103 \u00een fa\u021ba unui comisariat de poli\u021bie \u00een noaptea precedent\u0103, care a f\u0103cut 10 r\u0103ni\u021bi, este probabil legat\u0103 de arestarea unui membru al puternicului cartel Jalisco Nueva Generacion, relateaz\u0103 AFP.<\/strong><\/p>\n<p>Atentatul a avut loc \u00een noaptea de duminic\u0103 spre luni la Ojocaliente, \u00een statul Zacatecas (centru), \u00een momentul \u00een care ora\u0219ul \u00ee\u0219i s\u0103rb\u0103torea patronul spiritual.<\/p>\n<p>Dup\u0103 ani de acalmie, acest stat se confrunt\u0103 cu o explozie de violen\u021b\u0103, cartelurile Jalisco Nueva Generacion \u0219i Sinaloa, cele mai mari din \u021bar\u0103, disput\u00e2ndu-\u0219i controlul a numeroase rute cheie pentru traficul de droguri spre SUA.<\/p>\n<p>Potrivit procurorului din Zacatecas, Cristian Camacho, atentatul urmeaz\u0103 arest\u0103rii de s\u00e2mb\u0103t\u0103 a unui t\u00e2n\u0103r de 18 ani care a declarat c\u0103 &#8216;este un uciga\u0219 pl\u0103tit apar\u021bin\u00e2nd cartelului Jalisco Nueva Generacion&#8217;.<\/p>\n<p>&#8216;Nu excludem ca agresiunea de ieri s\u0103 fie o reac\u021bie&#8217; la aceast\u0103 arestare, a declarat Camacho la postul de radio Formula. &#8216;Totul indic\u0103&#8217; faptul c\u0103 explozia este opera acestui grup infrac\u021bional, a ad\u0103ugat el.<\/p>\n<p>Contactat\u0103 de AFP, o purt\u0103toare de cuv\u00e2nt a Parchetului din Zacatecas nu a oferit detalii suplimentare.<\/p>\n<p>Acesta este al treilea atac cu explozibili \u00een acest stat \u00een mai pu\u021bin de o s\u0103pt\u0103m\u00e2n\u0103.<\/p>\n<p>Printre r\u0103ni\u021bi se num\u0103r\u0103 doi poli\u021bi\u0219ti \u0219i opt civili. Dou\u0103 persoane sunt grav r\u0103nite, potrivit autorit\u0103\u021bilor care nu au precizat dac\u0103 este vorba despre poli\u021bi\u0219ti sau localnici.<\/p>\n<p>La jum\u0103tatea lunii iulie, au fost descoperite cinci trupuri sp\u00e2nzurate de un pod \u00een Pozos de Gamboa, la circa 75 km de Ojocaliente, inclusiv cel al unui fost primar \u0219i al unor antreprenori, execu\u021bii care amintesc de cele mai groaznice momente ale r\u0103zboiului \u00eempotriva cartelurilor lansat de guvern \u00een 2006. AGERPRES\/(AS &#8211; redactor: Alic M\u00eerza)<\/p>\n<\/div>\n<div class=\"mx-auto pt-3\">\n                                Afisari: 106\n                            <\/div>\n<p>[analyse_source url=&#8221;https:\/\/agerpres.ro\/social-extern\/2026\/08\/31\/masina-capcana-in-mexic-autoritatile-dau-vina-pe-cartelul-jalisco-nuevo-generacion&#8211;1589446&#8243;]<\/p>\n","protected":false},"excerpt":{"rendered":"<p>[analyse_image type=&#8221;featured&#8221; src=&#8221;https:\/\/agerpres.ro\/data\/202608\/20260831224814_968738.jpg&#8221;] Autorit\u0103\u021bile mexicane au estimat luni c\u0103 explozia unei ma\u0219ini-capcan\u0103 \u00een fa\u021ba unui comisariat de poli\u021bie \u00een noaptea precedent\u0103, care a f\u0103cut 10 r\u0103ni\u021bi, este probabil legat\u0103 de arestarea unui membru al puternicului cartel Jalisco Nueva Generacion, relateaz\u0103 AFP. Atentatul a avut loc \u00een noaptea de duminic\u0103 spre luni la Ojocaliente, \u00een statul [&hellip;]<\/p>\n","protected":false},"author":1,"featured_media":0,"comment_status":"open","ping_status":"","sticky":false,"template":"","format":"standard","meta":{"footnotes":""},"categories":[2],"tags":[],"class_list":["post-2120941","post","type-post","status-publish","format-standard","hentry","category-politics"],"_links":{"self":[{"href":"https:\/\/analyse.optim.biz\/index.php?rest_route=\/wp\/v2\/posts\/2120941","targetHints":{"allow":["GET"]}}],"collection":[{"href":"https:\/\/analyse.optim.biz\/index.php?rest_route=\/wp\/v2\/posts"}],"about":[{"href":"https:\/\/analyse.optim.biz\/index.php?rest_route=\/wp\/v2\/types\/post"}],"author":[{"embeddable":true,"href":"https:\/\/analyse.optim.biz\/index.php?rest_route=\/wp\/v2\/users\/1"}],"replies":[{"embeddable":true,"href":"https:\/\/analyse.optim.biz\/index.php?rest_route=%2Fwp%2Fv2%2Fcomments&post=2120941"}],"version-history":[{"count":0,"href":"https:\/\/analyse.optim.biz\/index.php?rest_route=\/wp\/v2\/posts\/2120941\/revisions"}],"wp:attachment":[{"href":"https:\/\/analyse.optim.biz\/index.php?rest_route=%2Fwp%2Fv2%2Fmedia&parent=2120941"}],"wp:term":[{"taxonomy":"category","embeddable":true,"href":"https:\/\/analyse.optim.biz\/index.php?rest_route=%2Fwp%2Fv2%2Fcategories&post=2120941"},{"taxonomy":"post_tag","embeddable":true,"href":"https:\/\/analyse.optim.biz\/index.php?rest_route=%2Fwp%2Fv2%2Ftags&post=2120941"}],"curies":[{"name":"wp","href":"https:\/\/api.w.org\/{rel}","templated":true}]}}