{"id":2120936,"date":"2026-08-31T00:00:00","date_gmt":"2026-08-30T21:00:00","guid":{"rendered":"https:\/\/analyse.optim.biz\/?p=2120936"},"modified":"2026-08-31T00:00:00","modified_gmt":"2026-08-30T21:00:00","slug":"conaf-va-masura-deciziile-antreprenorilor-inainte-ca-acestea-sa-devina-indicatori-economici","status":"publish","type":"post","link":"https:\/\/analyse.optim.biz\/?p=2120936","title":{"rendered":"CONAF va m\u0103sura deciziile antreprenorilor \u00eenainte ca acestea s\u0103 devin\u0103 indicatori economici"},"content":{"rendered":"<p>[analyse_image type=&#8221;featured&#8221; src=&#8221;https:\/\/agerpres.ro\/data\/202608\/20260831225925_788941.jpeg&#8221;]<\/p>\n<div class=\"mx-auto pt-3\">\n<p><strong>Confedera\u021bia Na\u021bional\u0103 pentru Antreprenoriat Feminin &#8211; CONAF va introduce, \u00een cadrul Forumului Na\u021bional &#8216;De Voca\u021bie Antreprenoare&#8217;, o component\u0103 de m\u0103surare a deciziilor antreprenoriale, menit\u0103 s\u0103 surprind\u0103 schimb\u0103rile din economie \u00eenainte ca acestea s\u0103 devin\u0103 vizibile \u00een statisticile oficiale.<\/strong><\/p>\n<p>&#8216;Economia nu \u00eencepe c\u00e2nd apare \u00eentr-un tabel. \u00cencepe \u00een momentul \u00een care un antreprenor decide s\u0103 investeasc\u0103, s\u0103 angajeze, s\u0103 am\u00e2ne sau s\u0103 renun\u021be. Indicatorii economici ne spun foarte bine unde am ajuns. Deciziile antreprenorilor ne pot spune \u00eens\u0103 \u00eencotro mergem. La Suceava am pornit de la dou\u0103 \u00eentreb\u0103ri legate de inteligen\u021ba artificial\u0103 &#8211; c\u00e2t cost\u0103 adoptarea ei \u0219i cum va transforma pia\u021ba muncii -, dar aceea\u0219i ecua\u021bie apare ast\u0103zi \u00een aproape fiecare decizie antreprenorial\u0103: exist\u0103 un cost al ac\u021biunii \u0219i exist\u0103 un cost al inac\u021biunii. Vrem s\u0103 \u00een\u021belegem mai bine aceast\u0103 economie care se formeaz\u0103 \u00eenainte s\u0103 o putem citi \u00eentr-o statistic\u0103&#8217;, a declarat Cristina Chiriac, pre\u0219edinte fondator al CONAF, \u00eentr-un comunicat transmis luni AGERPRES.<\/p>\n<p><img loading=\"lazy\" decoding=\"async\" alt height=\"1536\" src=\"https:\/\/agerpres.ro\/data\/202608\/20260831223418_997505.jpg\" width=\"2048\"><\/p>\n<p>Prima etap\u0103 a celei de-a treia edi\u021bii a forumului a avut loc la Suceava, pe 28 august, iar mecanismul de observare a inten\u021biilor \u0219i deciziilor antreprenoriale va fi integrat \u00eencep\u00e2nd cu urm\u0103toarea etap\u0103, la Sibiu, \u0219i va continua la Piatra Neam\u021b, Arad \u0219i Ploie\u0219ti.<\/p>\n<p>Scopul este observarea economiei \u00eenainte ca efectele deciziilor luate \u00een companii s\u0103 devin\u0103 vizibile \u00een indicatorii oficiali. &#8216;O investi\u021bie este aprobat\u0103 sau am\u00e2nat\u0103. Un post este creat sau dispare. O tehnologie este adoptat\u0103 sau ignorat\u0103. Capitalul este pus la lucru sau r\u0103m\u00e2ne \u00een a\u0219teptare. Privite separat, sunt decizii de management. Luate simultan de mii de companii, ele devin economie&#8217;, arat\u0103 CONAF.<\/p>\n<p>Potrivit organiza\u021biei, noua direc\u021bie a pornit de la discu\u021biile purtate \u00een cadrul forumului, \u00eentr-un context \u00een care tehnologia, capitalul \u0219i pia\u021ba muncii se transform\u0103 simultan, costul unei decizii gre\u0219ite cre\u0219te \u0219i nici inac\u021biunea nu mai este gratuit\u0103.<\/p>\n<p>Edi\u021bia de la Suceava a reunit antreprenori, fondatori, investitori \u0219i speciali\u0219ti, temele abordate viz\u00e2nd inteligen\u021ba artificial\u0103, leadershipul, capitalul, reputa\u021bia, finan\u021barea, riscul \u0219i scalarea companiilor.<\/p>\n<p>\u00cen cadrul unei sesiuni dedicate inteligen\u021bei artificiale, Ana-Maria Stancu, CEO Bucharest Robots \u0219i fondatoarea RoboHub, a explicat mecanismele din spatele algoritmilor, func\u021bionarea inteligen\u021bei artificiale generative \u0219i principiile unei utiliz\u0103ri corecte a ChatGPT, pun\u00e2nd accent pe modul \u00een care tehnologia poate fi integrat\u0103 \u00een activitatea unei companii.<\/p>\n<p><img loading=\"lazy\" decoding=\"async\" alt height=\"1536\" src=\"https:\/\/agerpres.ro\/data\/202608\/20260831223435_800817.jpg\" width=\"2048\"><\/p>\n<p>O alt\u0103 tem\u0103 a vizat transformarea rolului fondatorului pe m\u0103sur\u0103 ce compania cre\u0219te. Leadershipul a fost analizat din perspectiva capacit\u0103\u021bii unei organiza\u021bii de a lua decizii dincolo de controlul direct al antreprenorului.<\/p>\n<p>&#8216;\u00cen business, sunt decizii \u00een care c\u00e2\u0219tigul imediat trebuie pus \u00een balan\u021b\u0103 cu \u00eencrederea, respectul, loialitatea \u0219i reputa\u021bia pe care le construie\u0219ti \u00een timp. Cred c\u0103 avem nevoie de astfel de conversa\u021bii, \u00een care antreprenorii s\u0103 vorbeasc\u0103 deschis nu doar despre rezultate, ci \u0219i despre principiile pe care aleg s\u0103 \u00ee\u0219i construiasc\u0103 afacerile&#8217;, a afirmat Sigina Luca, fondatoarea Luna Cleaning.<\/p>\n<p>La r\u00e2ndul s\u0103u, <a href=\"https:\/\/www.facebook.com\/conafromania\/posts\/pfbid0vH4AVnoNot5DnbFXvqnPHocYrmt1btNMBo2yspGj5aCDgbD26W8k1zuV33ftboxBl?locale=ro_RO\" target=\"_blank\">Marius Ghenea<\/a>, Managing Partner Catalyst Rom\u00e2nia, a subliniat c\u0103 &#8216;principiile antreprenoriatului sunt acelea\u0219i, indiferent de gen&#8217;, iar pia\u021ba, modelul de business, resursele, echipa \u0219i capacitatea de a lua decizii corecte sunt cele care fac diferen\u021ba.<\/p>\n<p>Camelia \u0218ucu, fondatoarea ClassIn, a ar\u0103tat c\u0103 antreprenoriatul se construie\u0219te prin decizii \u0219i disciplin\u0103, \u00eentr-un context \u00een care mediul de business se schimb\u0103 permanent. &#8216;Antreprenoriatul se construie\u0219te \u00een timp, prin decizii, disciplin\u0103 \u0219i capacitatea de a merge mai departe atunci c\u00e2nd contextul se schimb\u0103. Cred c\u0103 avem nevoie de astfel de \u00eent\u00e2lniri, \u00een care experien\u021bele reale de business sunt \u00eemp\u0103rt\u0103\u0219ite \u0219i pot deveni repere pentru cei afla\u021bi \u00een diferite etape ale propriului drum antreprenorial&#8217;, a spus Camelia \u0218ucu.<\/p>\n<p><img loading=\"lazy\" decoding=\"async\" alt height=\"1200\" src=\"https:\/\/agerpres.ro\/data\/202608\/20260831223524_816223.jpeg\" width=\"1600\"><\/p>\n<p>Forumul &#8216;De Voca\u021bie Antreprenoare&#8217; va continua la Sibiu, Piatra Neam\u021b, Arad \u0219i Ploie\u0219ti, cu discu\u021bii despre deciziile care influen\u021beaz\u0103 dezvoltarea companiilor \u0219i, cumulate, direc\u021bia economiei.<\/p>\n<p>Confedera\u021bia Na\u021bional\u0103 pentru Antreprenoriat Feminin este cea mai relevant\u0103 confedera\u021bie din Rom\u00e2nia care militeaz\u0103 pentru eficientizarea dialogului cu autorit\u0103\u021bile, conlucrarea pentru elaborarea de politici publice care s\u0103 conduc\u0103 la cre\u0219tere economic\u0103 sustenabil\u0103 \u0219i sprijin\u0103 antreprenorii, recunosc\u00e2ndu-le meritele. CONAF are \u00een componen\u021b\u0103 33 sucursale, 3 federa\u021bii, 16 patronate, 55 asocia\u021bii \u0219i 15.000 de companii, peste 245.000 de angaja\u021bi. AGERPRES\/(AS &#8211; editor: Mariana Nica, editor online: Andreea Preda)<\/p>\n<p>\u00a0<\/p>\n<p>Sursa fotografiilor:\u00a0<a href=\"https:\/\/www.facebook.com\/conafromania\/?locale=ro_RO\" target=\"_blank\">CONAF &#8211; Confedera\u021bia Na\u021bional\u0103 pentru Antreprenoriat Feminin<\/a>\/Facebook<\/p>\n<\/div>\n<div class=\"mx-auto pt-3\">\n                                Afisari: 87\n                            <\/div>\n<p>[analyse_source url=&#8221;https:\/\/agerpres.ro\/economic\/2026\/08\/31\/conaf-va-masura-deciziile-antreprenorilor-inainte-ca-acestea-sa-devina-indicatori-economici&#8211;1589443&#8243;]<\/p>\n","protected":false},"excerpt":{"rendered":"<p>[analyse_image type=&#8221;featured&#8221; src=&#8221;https:\/\/agerpres.ro\/data\/202608\/20260831225925_788941.jpeg&#8221;] Confedera\u021bia Na\u021bional\u0103 pentru Antreprenoriat Feminin &#8211; CONAF va introduce, \u00een cadrul Forumului Na\u021bional &#8216;De Voca\u021bie Antreprenoare&#8217;, o component\u0103 de m\u0103surare a deciziilor antreprenoriale, menit\u0103 s\u0103 surprind\u0103 schimb\u0103rile din economie \u00eenainte ca acestea s\u0103 devin\u0103 vizibile \u00een statisticile oficiale. &#8216;Economia nu \u00eencepe c\u00e2nd apare \u00eentr-un tabel. \u00cencepe \u00een momentul \u00een care un antreprenor [&hellip;]<\/p>\n","protected":false},"author":1,"featured_media":0,"comment_status":"open","ping_status":"","sticky":false,"template":"","format":"standard","meta":{"footnotes":""},"categories":[2],"tags":[],"class_list":["post-2120936","post","type-post","status-publish","format-standard","hentry","category-politics"],"_links":{"self":[{"href":"https:\/\/analyse.optim.biz\/index.php?rest_route=\/wp\/v2\/posts\/2120936","targetHints":{"allow":["GET"]}}],"collection":[{"href":"https:\/\/analyse.optim.biz\/index.php?rest_route=\/wp\/v2\/posts"}],"about":[{"href":"https:\/\/analyse.optim.biz\/index.php?rest_route=\/wp\/v2\/types\/post"}],"author":[{"embeddable":true,"href":"https:\/\/analyse.optim.biz\/index.php?rest_route=\/wp\/v2\/users\/1"}],"replies":[{"embeddable":true,"href":"https:\/\/analyse.optim.biz\/index.php?rest_route=%2Fwp%2Fv2%2Fcomments&post=2120936"}],"version-history":[{"count":0,"href":"https:\/\/analyse.optim.biz\/index.php?rest_route=\/wp\/v2\/posts\/2120936\/revisions"}],"wp:attachment":[{"href":"https:\/\/analyse.optim.biz\/index.php?rest_route=%2Fwp%2Fv2%2Fmedia&parent=2120936"}],"wp:term":[{"taxonomy":"category","embeddable":true,"href":"https:\/\/analyse.optim.biz\/index.php?rest_route=%2Fwp%2Fv2%2Fcategories&post=2120936"},{"taxonomy":"post_tag","embeddable":true,"href":"https:\/\/analyse.optim.biz\/index.php?rest_route=%2Fwp%2Fv2%2Ftags&post=2120936"}],"curies":[{"name":"wp","href":"https:\/\/api.w.org\/{rel}","templated":true}]}}