{"id":2120928,"date":"2026-08-31T00:00:00","date_gmt":"2026-08-30T21:00:00","guid":{"rendered":"https:\/\/analyse.optim.biz\/?p=2120928"},"modified":"2026-08-31T00:00:00","modified_gmt":"2026-08-30T21:00:00","slug":"video-membrii-familiei-regale-norvegiene-au-insotit-sicriul-regretatului-rege-harald-al-v-lea-la-capela-palatului","status":"publish","type":"post","link":"https:\/\/analyse.optim.biz\/?p=2120928","title":{"rendered":"VIDEO Membrii familiei regale norvegiene au \u00eenso\u021bit sicriul regretatului rege Harald al V-lea la capela palatului"},"content":{"rendered":"<p>[analyse_image type=&#8221;featured&#8221; src=&#8221;https:\/\/agerpres.ro\/data\/202608\/20260831215851_159883.jpg&#8221;]<\/p>\n<div class=\"mx-auto pt-3\">\n<p><strong>Familia regal\u0103 norvegian\u0103 a \u00eenso\u021bit luni sicriul cu r\u0103m\u0103\u0219i\u021bele ne\u00eensufle\u021bite ale regelui Harald al V-lea prin Palatul Regal \u00eentr-o procesiune solemn\u0103, noua regin\u0103 Mette-Marit merg\u00e2nd m\u00e2n\u0103 \u00een m\u00e2n\u0103 \u00een spatele sicriului al\u0103turi de v\u0103duva lui Harald, regina Sonja, transmite DPA.<\/strong><\/p>\n<p>Regele Haakon al VIII-lea, prin\u021besa mo\u0219tenitoare Ingrid Alexandra \u0219i sora lui Haakon, Martha Louise, au mers al\u0103turi de sicriu \u00eempreun\u0103 cu ceilal\u021bi nepo\u021bi, \u00een procesiunea spre capela palatului.<\/p>\n<div class=\"videoEmbed\"><iframe loading=\"lazy\" allowfullscreen frameborder height=\"349\" mozallowfullscreen src=\"https:\/\/www.youtube.com\/embed\/NQZVzR96Z0U\" webkitallowfullscreen width=\"560\"><\/iframe><\/div>\n<p>La procesiune a participat \u0219i fiul condamnat al lui Mette-Marit, Marius Borg Hoiby. De\u0219i a fost \u021binut \u00een arest preventiv cu un monitor electronic pentru glezn\u0103, i s-a permis s\u0103 participe la procesiune dup\u0103 aprobarea procurorilor.<\/p>\n<p><img loading=\"lazy\" decoding=\"async\" alt height=\"5760\" src=\"https:\/\/agerpres.ro\/data\/202608\/20260831220732_230457.jpg\" width=\"8640\"><\/p>\n<p>\u00cen iunie, Hoiby, \u00een v\u00e2rst\u0103 de 29 de ani, a fost condamnat la patru ani de \u00eenchisoare pentru diverse capete de acuzare, inclusiv dou\u0103 pentru viol. Verdictul poate fi atacat \u00een apelat \u0219i nu este definitiv. De asemenea, i s-a permis s\u0103-\u0219i vad\u0103 bunicul vitreg la spital s\u0103pt\u0103m\u00e2na trecut\u0103, \u00eenainte de a muri.<\/p>\n<p>Personalul palatului, mul\u021bi dintre ei fiind apropia\u021bi de Harald, s-a al\u0103turat procesiunii, a relatat postul de televiziune NRK. Ace\u0219tia s-au aliniat de-a lungul traseului pe m\u0103sur\u0103 ce procesiunea trecea. \u00cen fruntea procesiunii se afla \u0219eful casei regale, purt\u00e2nd coroana regal\u0103 pe o pern\u0103.<\/p>\n<p><img loading=\"lazy\" decoding=\"async\" alt height=\"3667\" src=\"https:\/\/agerpres.ro\/data\/202608\/20260831220743_220553.jpg\" width=\"5500\"><\/p>\n<p>\u00cen capela palatului, sicriul a fost a\u0219ezat pe un catafalc \u0219i a avut loc o slujb\u0103 de pomenire privat\u0103 pentru familia lui Harald, membrii casei sale \u0219i apropia\u021bii s\u0103i.<\/p>\n<p>Cuplul regal a ap\u0103rut ulterior \u00eempreun\u0103 cu Martha Louise \u0219i regina Sonja \u00een pia\u021ba palatului. Au salutat mul\u021bimea care aclama \u0219i au privit marea de flori aduse de cei care l-au simpatizat pe Harald.<\/p>\n<p><img loading=\"lazy\" decoding=\"async\" alt height=\"3928\" src=\"https:\/\/agerpres.ro\/data\/202608\/20260831220749_302197.jpg\" width=\"5888\"><\/p>\n<p>\u00cen zilele urm\u0103toare, norvegienii vor putea s\u0103-\u0219i aduc\u0103 omagiile suveranului la capel\u0103, la orele stabilite.<\/p>\n<p>Harald a murit vineri, la v\u00e2rsta de 89 de ani. \u00cenmorm\u00e2ntarea sa va avea loc pe 9 septembrie. Lui Hoiby i se va permite s\u0103 participe la \u00eenmorm\u00e2ntare, mai noteaz\u0103 DPA.AGERPRES\/(AS &#8211; editor: Codru\u021b B\u0103lu, editor online: Andreea Preda)<\/p>\n<p>\u00a0<\/p>\n<p>Foto: (c)\u00a0NTB\/Ole Berg-Rusten\/via REUTERS<\/p>\n<\/div>\n<div class=\"mx-auto pt-3\">\n                                Afisari: 160\n                            <\/div>\n<p>[analyse_source url=&#8221;https:\/\/agerpres.ro\/zigzag\/2026\/08\/31\/video-membrii-familiei-regale-norvegiene-au-insotit-sicriul-regretatului-rege-harald-al-v-lea-la-cap&#8211;1589440&#8243;]<\/p>\n","protected":false},"excerpt":{"rendered":"<p>[analyse_image type=&#8221;featured&#8221; src=&#8221;https:\/\/agerpres.ro\/data\/202608\/20260831215851_159883.jpg&#8221;] Familia regal\u0103 norvegian\u0103 a \u00eenso\u021bit luni sicriul cu r\u0103m\u0103\u0219i\u021bele ne\u00eensufle\u021bite ale regelui Harald al V-lea prin Palatul Regal \u00eentr-o procesiune solemn\u0103, noua regin\u0103 Mette-Marit merg\u00e2nd m\u00e2n\u0103 \u00een m\u00e2n\u0103 \u00een spatele sicriului al\u0103turi de v\u0103duva lui Harald, regina Sonja, transmite DPA. Regele Haakon al VIII-lea, prin\u021besa mo\u0219tenitoare Ingrid Alexandra \u0219i sora lui Haakon, [&hellip;]<\/p>\n","protected":false},"author":1,"featured_media":0,"comment_status":"open","ping_status":"","sticky":false,"template":"","format":"standard","meta":{"footnotes":""},"categories":[2],"tags":[],"class_list":["post-2120928","post","type-post","status-publish","format-standard","hentry","category-politics"],"_links":{"self":[{"href":"https:\/\/analyse.optim.biz\/index.php?rest_route=\/wp\/v2\/posts\/2120928","targetHints":{"allow":["GET"]}}],"collection":[{"href":"https:\/\/analyse.optim.biz\/index.php?rest_route=\/wp\/v2\/posts"}],"about":[{"href":"https:\/\/analyse.optim.biz\/index.php?rest_route=\/wp\/v2\/types\/post"}],"author":[{"embeddable":true,"href":"https:\/\/analyse.optim.biz\/index.php?rest_route=\/wp\/v2\/users\/1"}],"replies":[{"embeddable":true,"href":"https:\/\/analyse.optim.biz\/index.php?rest_route=%2Fwp%2Fv2%2Fcomments&post=2120928"}],"version-history":[{"count":0,"href":"https:\/\/analyse.optim.biz\/index.php?rest_route=\/wp\/v2\/posts\/2120928\/revisions"}],"wp:attachment":[{"href":"https:\/\/analyse.optim.biz\/index.php?rest_route=%2Fwp%2Fv2%2Fmedia&parent=2120928"}],"wp:term":[{"taxonomy":"category","embeddable":true,"href":"https:\/\/analyse.optim.biz\/index.php?rest_route=%2Fwp%2Fv2%2Fcategories&post=2120928"},{"taxonomy":"post_tag","embeddable":true,"href":"https:\/\/analyse.optim.biz\/index.php?rest_route=%2Fwp%2Fv2%2Ftags&post=2120928"}],"curies":[{"name":"wp","href":"https:\/\/api.w.org\/{rel}","templated":true}]}}