{"id":212092,"date":"2014-02-17T20:58:26","date_gmt":"2014-02-17T17:58:26","guid":{"rendered":"https:\/\/analyse.optim.biz\/?p=212092"},"modified":"2014-02-17T20:58:26","modified_gmt":"2014-02-17T17:58:26","slug":"sorin-iliesiu-senator-pnl-demisia-lui-crin-antonescu-ar-fi-o-solutie-pentru-rezolvarea-crizei-politice","status":"publish","type":"post","link":"https:\/\/analyse.optim.biz\/?p=212092","title":{"rendered":"Sorin Ilie\u0219iu, senator PNL: Demisia lui Crin Antonescu ar fi o solu\u021bie pentru rezolvarea crizei politice"},"content":{"rendered":"<div class=\"entry data-app-meta data-app-meta-article\" data-embed-base-url-canonical=\"https:\/\/www.digi24.ro\/embed\/stiri\/actualitate\/politica\/sorin-iliesiu-senator-pnl-demisia-lui-crin-antonescu-ar-fi-o-solutie-pentru-rezolvarea-crizei-politice-201828\">\n<p data-index=\"1\">\u201e<span><em><strong>Eu cred c\u0103 ar fi o solu\u021bie (demisia lui Crin Antonescu, n.r.), \u00eentruc\u00e2t d\u00e2nsul a dovedit, de opt zile \u00eencoace, c\u0103 nu poate s\u0103 aib\u0103 un dialog constructiv, c\u0103 nu mai vede p\u0103durea din cauza copacilor\u00a0<\/strong><\/em><\/span><em><strong><span>\u0219i pune interesul politicianist minor deasupra interesului <\/span>na\u021bional<\/strong><strong>\u201d<\/strong><\/em>, a spus <strong>Sorin Ilie\u0219iu.<\/strong>\u00a0<\/p>\n<p data-index=\"2\">\u201e\u0218i acest lucru mi se pare foarte grav, \u00een condi\u021biile \u00een care Rom\u00e2nia se afl\u0103 pe un trend ascendent din punct de vedere economic. Anul 2013 a \u00eensemnat o cre\u0219tere de 3,5%, cea mai mare cre\u0219tere din Uniunea European\u0103.<em><strong> E p\u0103cat s\u0103 d\u0103m cu piciorul la acest trend cresc\u0103tor din cauza indisponibilit\u0103\u021bii pentru un dialog constructiv<\/strong><\/em>\u201d, a ad\u0103ugat senatorul PNL.<\/p>\n<p data-index=\"3\">\u201eSuntem un partid na\u021bional. Nu putem s\u0103 punem \u00eentre paranteze interesul na\u021bional.<em><strong> Ar fi un politicianism egoist continuarea crizei politice din mali\u021bii minore at\u00e2t timp c\u00e2t Rom\u00e2nia trebuie guvernat\u0103 \u00een condi\u021bii optime<\/strong><\/em>\u201d, a apreciat<strong> Sorin Ilie\u0219iu. \u00a0<\/strong><\/p>\n<p data-index=\"4\">Pre\u0219edintele PNL, Crin Antonescu,<a href=\"https:\/\/www.digi24.ro\/Stiri\/Digi24\/Actualitate\/Politica\/Crin+Antonescu+despre+un+posibil+complot+in+partid+impotriva+sa+\" target=\"_blank\" data-skip-linkfix=\"1\" rel=\"noopener\"><strong> a negat categoric<\/strong><\/a> informa\u021biile potrivit c\u0103rora ar fi pierdut sprijinul mai multor filiale ale partidului.<\/p>\n<p data-index=\"5\">\u00centrebat dac\u0103 are cuno\u0219tin\u021b\u0103 de discu\u021biile dintre liderii liberali<strong>\u00a0<\/strong><span><strong>Daniel Chi\u021boiu<\/strong>\u00a0\u0219i\u00a0<strong>C\u0103lin Popescu T\u0103riceanu\u00a0<\/strong>cu reprezentan\u021bii filialelor PNL care nu l-ar mai sus\u021bine, Crin Antonescu a spus c\u0103 este normal s\u0103 existe discu\u021bii \u00eentre cei doi \u201eseara, diminea\u021ba, la pr\u00e2nz, oric\u00e2nd\u201d.<\/span><\/p>\n<p data-index=\"6\">\u201eCu certitudine, pot s\u0103 v\u0103 spun c\u0103 PNL nu se rupe.\u00a0Eu \u0219tiu c\u0103 am avut un vot \u00een Biroul Politic, un vot dat, cred, \u00een unanimitate pentru un mandat pe care \u00eel port\u201d, a spus, luni, pre\u0219edintele PNL.<\/p>\n<p data-index=\"7\">O \u015fedin\u0163\u0103 a Biroului Politic Na\u0163ional al PNL <a href=\"https:\/\/www.digi24.ro\/Stiri\/Digi24\/Actualitate\/Politica\/Sedinta+a+Biroului+Politic+National+al+PNL+maine+dupa-amiaza\" target=\"_blank\" data-skip-linkfix=\"1\" rel=\"noopener\"><strong>a fost convocat\u0103<\/strong><\/a>pentru mar\u0163i dup\u0103-amiaz\u0103, surse din partid sus\u0163in\u00e2nd c\u0103 urmeaz\u0103 s\u0103 se discute despre criza din USL.<\/p>\n<\/div>\n<p> Source URL: https:\/\/www.digi24.ro\/stiri\/actualitate\/politica\/sorin-iliesiu-senator-pnl-demisia-lui-crin-antonescu-ar-fi-o-solutie-pentru-rezolvarea-crizei-politice-201828<\/p>\n","protected":false},"excerpt":{"rendered":"<p>\u201eEu cred c\u0103 ar fi o solu\u021bie (demisia lui Crin Antonescu, n.r.), \u00eentruc\u00e2t d\u00e2nsul a dovedit, de opt zile \u00eencoace, c\u0103 nu poate s\u0103 aib\u0103 un dialog constructiv, c\u0103 nu mai vede p\u0103durea din cauza copacilor\u00a0\u0219i pune interesul politicianist minor deasupra interesului na\u021bional\u201d, a spus Sorin Ilie\u0219iu.\u00a0 \u201e\u0218i acest lucru mi se pare foarte grav, [&hellip;]<\/p>\n","protected":false},"author":1,"featured_media":212093,"comment_status":"open","ping_status":"","sticky":false,"template":"","format":"standard","meta":{"footnotes":""},"categories":[2],"tags":[11],"class_list":["post-212092","post","type-post","status-publish","format-standard","has-post-thumbnail","hentry","category-politics","tag-digi24"],"_links":{"self":[{"href":"https:\/\/analyse.optim.biz\/index.php?rest_route=\/wp\/v2\/posts\/212092","targetHints":{"allow":["GET"]}}],"collection":[{"href":"https:\/\/analyse.optim.biz\/index.php?rest_route=\/wp\/v2\/posts"}],"about":[{"href":"https:\/\/analyse.optim.biz\/index.php?rest_route=\/wp\/v2\/types\/post"}],"author":[{"embeddable":true,"href":"https:\/\/analyse.optim.biz\/index.php?rest_route=\/wp\/v2\/users\/1"}],"replies":[{"embeddable":true,"href":"https:\/\/analyse.optim.biz\/index.php?rest_route=%2Fwp%2Fv2%2Fcomments&post=212092"}],"version-history":[{"count":0,"href":"https:\/\/analyse.optim.biz\/index.php?rest_route=\/wp\/v2\/posts\/212092\/revisions"}],"wp:featuredmedia":[{"embeddable":true,"href":"https:\/\/analyse.optim.biz\/index.php?rest_route=\/wp\/v2\/media\/212093"}],"wp:attachment":[{"href":"https:\/\/analyse.optim.biz\/index.php?rest_route=%2Fwp%2Fv2%2Fmedia&parent=212092"}],"wp:term":[{"taxonomy":"category","embeddable":true,"href":"https:\/\/analyse.optim.biz\/index.php?rest_route=%2Fwp%2Fv2%2Fcategories&post=212092"},{"taxonomy":"post_tag","embeddable":true,"href":"https:\/\/analyse.optim.biz\/index.php?rest_route=%2Fwp%2Fv2%2Ftags&post=212092"}],"curies":[{"name":"wp","href":"https:\/\/api.w.org\/{rel}","templated":true}]}}