{"id":2120905,"date":"2026-08-31T00:00:00","date_gmt":"2026-08-30T21:00:00","guid":{"rendered":"https:\/\/analyse.optim.biz\/?p=2120905"},"modified":"2026-08-31T00:00:00","modified_gmt":"2026-08-30T21:00:00","slug":"seful-spp-lucian-pahontu-imi-doresc-ca-acuzatiile-ce-mi-se-aduc-sa-fie-clarificate-cat-mai-curand","status":"publish","type":"post","link":"https:\/\/analyse.optim.biz\/?p=2120905","title":{"rendered":"\u0218eful SPP, Lucian Pahon\u021bu: \u00cemi doresc ca acuza\u021biile ce mi se aduc s\u0103 fie clarificate c\u00e2t mai cur\u00e2nd"},"content":{"rendered":"<p>[analyse_image type=&#8221;featured&#8221; src=&#8221;https:\/\/agerpres.ro\/data\/202608\/20260831203055_677388.jpg&#8221;]<\/p>\n<div class=\"mx-auto pt-3\">\n<p><strong>\u0218eful Serviciului de Protec\u021bie \u0219i Paz\u0103, Lucian Pahon\u021bu, a transmis luni mass-media un punct de vedere privind situa\u021bia sa, preciz\u00e2nd c\u0103 \u00ee\u0219i dore\u0219te ca acuza\u021biile care i se aduc s\u0103 fie clarificate c\u00e2t mai cur\u00e2nd.<\/strong><\/p>\n<p>&#8221;\u00cemi doresc ca acuza\u021biile ce mi se aduc \u0219i care \u00eemi lezeaz\u0103 demnitatea \u0219i cariera de militar s\u0103 fie clarificate c\u00e2t mai cur\u00e2nd. De-a lungul carierei mele, am pus accent pe respectul fa\u021b\u0103 de oameni \u0219i mi-am ghidat ac\u021biunile dup\u0103 valori precum integritate, loialitate, respect \u0219i responsabilitate&#8221;, sus\u021bine Lucian Pahon\u021bu.<\/p>\n<p>\u0218eful SPP subliniaz\u0103 c\u0103, de-a lungul timpului, activitatea lui &#8221;a fost verificat\u0103 \u00een repetate r\u00e2nduri de institu\u021biile abilitate&#8221;.<\/p>\n<p>&#8221;De-a lungul timpului, activitatea mea a fost verificat\u0103 \u00een repetate r\u00e2nduri de institu\u021biile abilitate, inclusiv la numirea \u00een func\u021bia actual\u0103, fiind imposibil ca faptele grave, de care sunt acuzat acum, s\u0103 fi r\u0103mas nedescoperite \u0219i nesanc\u021bionate, dac\u0103 ar fi existat. Mai mult, evenimentele din decembrie 1989 \u0219i iunie 1990 fac obiectul unor dosare penale \u00een care sunt derulate cercet\u0103ri de mai mul\u021bi ani \u0219i sunt convins c\u0103, dac\u0103 a\u0219 fi avut vreo implicare \u00een violen\u021bele petrecute \u00een timpul celor dou\u0103 evenimente, acest lucru ar fi fost identificat&#8221;, precizeaz\u0103 Lucian Pahon\u021bu.<\/p>\n<p>El men\u021bioneaz\u0103 c\u0103 &#8221;decembrie 1989 \u0219i iunie 1990 sunt r\u0103ni deschise ale Rom\u00e2niei, oamenii care au murit sau au suferit atunci, rudele lor \u0219i to\u021bi rom\u00e2nii merit\u0103 adev\u0103rul, iar cei care ocup\u0103 func\u021bii de \u00eencredere public\u0103 au datoria s\u0103 r\u0103spund\u0103 \u00eentreb\u0103rilor despre trecutul lor&#8221;.<\/p>\n<p>&#8221;De aceea r\u0103spund, cu fapte care pot fi verificate. Afirma\u021biile care m\u0103 vizeaz\u0103 sunt neadev\u0103rate \u0219i lipsite de fundament. Nu am ascuns niciodat\u0103 aspecte privind parcursul meu profesional. Datele sunt cunoscute \u00een spa\u021biul public \u0219i sunt disponibile \u00een mediul virtual de foarte mul\u021bi ani. Pozi\u021bia mea este simpl\u0103: nu am desf\u0103\u0219urat niciodat\u0103 activit\u0103\u021bi care s\u0103 vizeze \u00eenc\u0103lcarea sau \u00eengr\u0103direa drepturilor \u0219i libert\u0103\u021bilor fundamentale \u0219i care ar putea fi \u00eencadrate \u00een categoria faptelor de &#8216;poli\u021bie politic\u0103&#8217;. Av\u00e2nd \u00een vedere ac\u021biunile mele din acea perioad\u0103, am convingerea c\u0103 acest aspect va fi eviden\u021biat de verific\u0103rile \u00eentreprinse de Consiliul Na\u021bional pentru Studierea Arhivelor Securit\u0103\u021bii, institu\u021bie care are la dispozi\u021bie toate mecanismele legale pentru a clarifica veridicitatea afirma\u021biilor mele. Resping cu fermitate orice acuza\u021bie de implicare \u00een reprimarea violent\u0103 a manifesta\u021biilor care au avut loc \u00een zilele de 21 \u0219i 22 decembrie 1989 \u00een Pia\u021ba Universit\u0103\u021bii \u0219i \u00een violen\u021bele \u00eempotriva protestatarilor din Pia\u021ba Universit\u0103\u021bii, din zilele de 13 &#8211; 14 iunie 1990&#8221;, a transmis \u0219eful SPP.<\/p>\n<p>Pahon\u021bu spune c\u0103 a absolvit cursurile \u0218colii Militare de Ofi\u021beri Activi de la Sibiu, specializarea transmisiuni, iar \u00een perioada 1987 &#8211; 1989 a fost comandant de pluton \u00een cadrul Trupelor de Securitate, av\u00e2nd atribu\u021bii exclusiv \u00een domeniul transmisiuni.<\/p>\n<p>&#8221;\u00cen decembrie 1989, aveam 25 de ani, eram locotenent \u0219i comandant al unui pluton de transmisiuni \u00een compania de asigurare de lupt\u0103 \u0219i transport a UM 0305, Trupe de Securitate, din cadrul Ministerului de Interne. La momentul respectiv, Trupele de Securitate erau echivalentul Jandarmeriei Rom\u00e2ne de azi \u0219i nu trebuie confundate cu structurile de Securitate cu atribu\u021bii informativ-operative \u0219i de cercetare penal\u0103. Componen\u021ba companiei \u00een care activam era urm\u0103toarea: un pluton transmisiuni, un pluton de ap\u0103rare antiaerian\u0103, un pluton logistic (buc\u0103tari), un pluton conduc\u0103tori auto \u0219i un alt pluton logistic (gospod\u0103ria agroalimentar\u0103). Prin \u00eens\u0103\u0219i structura ei, compania era o subunitate de sprijin logistic, specializat\u0103 \u00een activit\u0103\u021bi de suport pentru celelalte subunit\u0103\u021bi din cadrul UM 0305&#8221;, explic\u0103 \u0219eful Serviciului de Protec\u021bie \u0219i Paz\u0103.<\/p>\n<p>Lucian Pahon\u021bu arat\u0103 c\u0103, \u00een seara zilei de 21 decembrie 1989, compania din care f\u0103cea parte s-a deplasat, la ordin, \u00een trei locuri: &#8221;\u00een jurul orei 20:00, am primit ordin s\u0103 ne deplas\u0103m la Casa Sc\u00e2nteii (denumit\u0103 \u00een prezent Casa Presei Libere); \u00een jurul orei 21:00, am primit ordin s\u0103 ne deplas\u0103m pe platoul din fa\u021ba restaurantului Cina \u0219i, \u00een jurul orei 22:00, am primit ordin s\u0103 intr\u0103m \u00een dispozitivul de blocare de pe strada 13 Decembrie (denumit\u0103 \u00een prezent str. Ion C\u00e2mpineanu), pe care nu l-am p\u0103r\u0103sit p\u00e2n\u0103 la ora 2:00 (22 decembrie), c\u00e2nd am primit ordinul s\u0103 ne \u00eentoarcem la camioanele de transport ale unit\u0103\u021bii, \u00een care am r\u0103mas, \u00een repaos, p\u00e2n\u0103 \u00een diminea\u021ba zilei de 22 decembrie 1989&#8221;, precizeaz\u0103 el.<\/p>\n<p>De asemenea, potrivit lui Pahon\u021bu, \u00een seara zilei de 21 decembrie 1989, dup\u0103 ce a primit ordinul \u00een jurul orei 22:00, a intrat \u00een dispozitiv pe strada 13 Decembrie la intersec\u021bia cu strada Academiei, f\u0103r\u0103 a avea asupra lor &#8221;muni\u021bia care a r\u0103mas \u00een l\u0103zi sigilate, \u00een camioanele parcate \u00een zon\u0103&#8221;.<\/p>\n<p>&#8221;\u00cen cele aproximativ patru ore \u00een care ne-am aflat \u00een dispozitivul de la intersec\u021bia str\u0103zilor 13 Decembrie \u0219i Academiei, nici eu \u0219i nici militarii afla\u021bi \u00een subordinea mea nu ne-am modificat pozi\u021bia \u0219i nu am avut vreun contact direct cu revolu\u021bionarii. (&#8230;) Men\u021bionez c\u0103, la sosirea \u00een unitate, muni\u021bia a fost verificat\u0103 \u0219i predat\u0103 \u0219i nu lipsea niciun cartu\u0219. Reiterez, f\u0103r\u0103 echivoc: \u00een niciun moment din timpul evenimentelor din 21 \u0219i 22 decembrie 1989, nici eu, nici militarii afla\u021bi \u00een subordinea mea nu am fost la baricada de la Intercontinental \u0219i nici pe bulevardul Nicolae B\u0103lcescu, nu am avut muni\u021bie asupra noastr\u0103 \u0219i nu am avut niciun contact cu revolu\u021bionarii, cu excep\u021bia momentului \u00een care ace\u0219tia au fraternizat cu militarii, a\u0219a cum am precizat deja. Aceasta este realitatea acelor zile, pe care am consemnat-o \u0219i \u00een declara\u021bia din martie 1990&#8221;, a mai transmis \u0219eful SPP.<\/p>\n<p>Acesta respinge &#8221;cu fermitate orice acuza\u021bie de implicare \u00een violen\u021bele \u00eempotriva protestatarilor din Pia\u021ba Universit\u0103\u021bii, care au avut loc \u00een zilele de 13 &#8211; 14 iunie 1990&#8221;.<\/p>\n<p>&#8221;\u00cen cele dou\u0103 zile, eu \u0219i militarii din subordinea mea nu am participat la evenimentele din Bucure\u0219ti. \u00cen intervalul respectiv, am r\u0103mas \u00een cazarm\u0103, conform documentelor aflate \u00een arhiva Jandarmeriei Rom\u00e2ne. Potrivit regulamentelor militare, orice ac\u021biune se realizeaz\u0103 \u00een baza unui ordin care este consemnat \u00een documente ce se arhiveaz\u0103 \u0219i se p\u0103streaz\u0103. Potrivit acestora, nici eu, nici militarii din subordinea mea nu am p\u0103r\u0103sit cazarma p\u00e2n\u0103 \u00een data de 15 iunie 1990, c\u00e2nd am primit ordin s\u0103 particip, cu 72 de militari, la men\u021binerea ordinii publice \u00een Pia\u021ba Universit\u0103\u021bii. \u00cen acea zi nu au avut loc manifesta\u021bii \u00een Pia\u021ba Universit\u0103\u021bii, nu au fost \u00eenregistrate violen\u021be, iar minerii s-au retras din zona respectiv\u0103 \u0219i au plecat spre Valea Jiului&#8221;, men\u021bioneaz\u0103 Pahon\u021bu.<\/p>\n<p>\u0218eful SPP arat\u0103 c\u0103, de la momentul numirii sale \u00een func\u021bia de director al Serviciului de Protec\u021bie \u0219i Paz\u0103, a fost stabilit &#8221;parcursul institu\u021bional, av\u00e2nd un singur scop: dezvoltarea, modernizarea \u0219i cre\u0219terea gradului de profesionalism al institu\u021biei, pentru \u00eendeplinirea \u00een condi\u021bii optime a misiunii de asigurare a protec\u021biei demnitarilor statului rom\u00e2n \u0219i a celor str\u0103ini, pe timpul \u0219ederii lor \u00een Rom\u00e2nia&#8221;.<\/p>\n<p>&#8221;A fost un proces lung, construit pe principii solide de legalitate, neutralitate, echidistan\u021b\u0103 politic\u0103, eficien\u021b\u0103 \u0219i adaptabilitate, care a f\u0103cut ca acest serviciu s\u0103 devin\u0103 o institu\u021bie de prestigiu la nivel interna\u021bional. \u00cen ace\u0219ti ani, Serviciul de Protec\u021bie \u0219i Paz\u0103 s-a integrat deplin \u00een structurile euroatlantice, dezvolt\u00e2nd ample programe de cooperare \u00een domeniul protec\u021biei demnitarilor cu structuri din cadrul NATO, ONU \u0219i UE, dar \u0219i cu statele membre ale acestor organiza\u021bii \u0219i \u00een special SUA. Profesionalismul ofi\u021berilor SPP \u00een cadrul misiunilor interna\u021bionale a fost confirmat, \u00een repetate r\u00e2nduri, prin comunic\u0103rile oficiale \u0219i institu\u021bionale ale partenerilor no\u0219tri din \u00eentreaga lume. \u00cemi doresc ca acuza\u021biile ce mi se aduc \u0219i care \u00eemi lezeaz\u0103 demnitatea \u0219i cariera de militar s\u0103 fie clarificate c\u00e2t mai cur\u00e2nd. De-a lungul carierei mele, am pus accent pe respectul fa\u021b\u0103 de oameni \u0219i mi-am ghidat ac\u021biunile dup\u0103 valori precum integritate, loialitate, respect \u0219i responsabilitate&#8221;, afirm\u0103 \u0219eful SPP, Lucian Pahon\u021bu. AGERPRES\/(AS &#8211; redactor: Andreea Rotaru, editor: Florin Marin, editori online: Simona Aru\u015ftei, Gabriela Badea)\u00a0<\/p>\n<\/div>\n<div class=\"mx-auto pt-3\">\n                                Afisari: 487\n                            <\/div>\n<p>[analyse_source url=&#8221;https:\/\/agerpres.ro\/justitie\/2026\/08\/31\/seful-spp-lucian-pahontu-imi-doresc-ca-acuzatiile-ce-mi-se-aduc-sa-fie-clarificate-cat-mai-curand&#8211;1589427&#8243;]<\/p>\n","protected":false},"excerpt":{"rendered":"<p>[analyse_image type=&#8221;featured&#8221; src=&#8221;https:\/\/agerpres.ro\/data\/202608\/20260831203055_677388.jpg&#8221;] \u0218eful Serviciului de Protec\u021bie \u0219i Paz\u0103, Lucian Pahon\u021bu, a transmis luni mass-media un punct de vedere privind situa\u021bia sa, preciz\u00e2nd c\u0103 \u00ee\u0219i dore\u0219te ca acuza\u021biile care i se aduc s\u0103 fie clarificate c\u00e2t mai cur\u00e2nd. &#8221;\u00cemi doresc ca acuza\u021biile ce mi se aduc \u0219i care \u00eemi lezeaz\u0103 demnitatea \u0219i cariera de militar [&hellip;]<\/p>\n","protected":false},"author":1,"featured_media":0,"comment_status":"open","ping_status":"","sticky":false,"template":"","format":"standard","meta":{"footnotes":""},"categories":[2],"tags":[],"class_list":["post-2120905","post","type-post","status-publish","format-standard","hentry","category-politics"],"_links":{"self":[{"href":"https:\/\/analyse.optim.biz\/index.php?rest_route=\/wp\/v2\/posts\/2120905","targetHints":{"allow":["GET"]}}],"collection":[{"href":"https:\/\/analyse.optim.biz\/index.php?rest_route=\/wp\/v2\/posts"}],"about":[{"href":"https:\/\/analyse.optim.biz\/index.php?rest_route=\/wp\/v2\/types\/post"}],"author":[{"embeddable":true,"href":"https:\/\/analyse.optim.biz\/index.php?rest_route=\/wp\/v2\/users\/1"}],"replies":[{"embeddable":true,"href":"https:\/\/analyse.optim.biz\/index.php?rest_route=%2Fwp%2Fv2%2Fcomments&post=2120905"}],"version-history":[{"count":0,"href":"https:\/\/analyse.optim.biz\/index.php?rest_route=\/wp\/v2\/posts\/2120905\/revisions"}],"wp:attachment":[{"href":"https:\/\/analyse.optim.biz\/index.php?rest_route=%2Fwp%2Fv2%2Fmedia&parent=2120905"}],"wp:term":[{"taxonomy":"category","embeddable":true,"href":"https:\/\/analyse.optim.biz\/index.php?rest_route=%2Fwp%2Fv2%2Fcategories&post=2120905"},{"taxonomy":"post_tag","embeddable":true,"href":"https:\/\/analyse.optim.biz\/index.php?rest_route=%2Fwp%2Fv2%2Ftags&post=2120905"}],"curies":[{"name":"wp","href":"https:\/\/api.w.org\/{rel}","templated":true}]}}