{"id":2120889,"date":"2026-08-31T00:00:00","date_gmt":"2026-08-30T21:00:00","guid":{"rendered":"https:\/\/analyse.optim.biz\/?p=2120889"},"modified":"2026-08-31T00:00:00","modified_gmt":"2026-08-30T21:00:00","slug":"israelul-a-incheiat-cu-grecia-unul-dintre-cele-mai-mari-contracte-de-vanzare-de-arme-din-istoria-sa","status":"publish","type":"post","link":"https:\/\/analyse.optim.biz\/?p=2120889","title":{"rendered":"Israelul a \u00eencheiat cu Grecia unul dintre cele mai mari contracte de v\u00e2nzare de arme din istoria sa"},"content":{"rendered":"<p>[analyse_image type=&#8221;featured&#8221; src=&#8221;https:\/\/agerpres.ro\/data\/202608\/20260831212354_301521.jpg&#8221;]<\/p>\n<div class=\"mx-auto pt-3\">\n<p><strong>Israelul a anun\u021bat luni \u00eencheierea unui contract de v\u00e2nz\u0103ri de arme cu Grecia \u00een valoare de circa 3 miliarde de euro, \u00een pofida criticilor interna\u021bionale exprimate \u00eempotriva acestui stat dup\u0103 r\u0103zboiul din Gaza, relateaz\u0103 AFP.<\/strong><\/p>\n<p>Acest acord se \u00eenscrie \u00een cadrul noului sistem de ap\u0103rare aerian\u0103 intitulat &#8221;Scutul lui Ahile&#8221; \u0219i intervine \u00een contextul \u00een care cele dou\u0103 na\u021biuni mediteraneene \u00eentre\u021bin rela\u021bii tensionate cu Turcia.<\/p>\n<p>&#8221;Acordul de ap\u0103rare semnat ast\u0103zi cu Grecia este unul dintre cele mai importante din istoria \u021b\u0103rii, se \u00eenscrie \u00een prelungirea alian\u021bei noastre \u00een Mediterana de Est \u00eencheiate \u00een urm\u0103 cu zece ani cu Grecia \u0219i Cipru&#8221;, a declarat prim-ministrul Benjamin Netanyahu.<\/p>\n<p>&#8221;Acest contract st\u0103 m\u0103rturie puterii Israelului, \u00eencrederii acordate exporturilor noastre \u00een materie de ap\u0103rare \u0219i \u00eent\u0103ririi alian\u021belor noastre regionale&#8221;, a ad\u0103ugat el, potrivit unui comunicat al biroului s\u0103u.<\/p>\n<p>Grecia devine astfel primul stat membru UE care adopt\u0103 un astfel de sistem de ap\u0103rare aerian\u0103 multistrat, bazat pe mai multe sisteme interconectate destinate protej\u0103rii teritoriului \u00eempotriva dronelor, avioanelor, rachetelor de croazier\u0103 \u0219i rachetelor balistice.<\/p>\n<p>&#8221;Am intrat \u00eentr-o er\u0103 de schimb\u0103ri radicale. Conflictele moderne au modificat parametrii ap\u0103r\u0103rii militare \u0219i descuraj\u0103rii&#8221;, a comentat ministrul grec al ap\u0103r\u0103rii, Nikos Dendias, \u00eentr-un comunicat.<\/p>\n<p>Potrivit Ministerului israelian al Ap\u0103r\u0103rii, contractul de export include sisteme de ap\u0103rare &#8221;Pra\u0219tia lui David&#8221;, Barak MX \u0219i Spyder, radare de supraveghere aerian\u0103, precum \u0219i un nou sistem na\u021bional de comand\u0103 \u0219i control.<\/p>\n<p>Toate echipamentele sunt fabricate de societ\u0103\u021bile din domeniul ap\u0103r\u0103rii Rafael, Israel Aerospace Industries \u0219i filiala sa Elta Systems.<\/p>\n<p>\u00cen plus, Israelul a semnat un contract suplimentar de 26 de milioane de euro pentru a furniza Greciei sisteme de ap\u0103rare antidrone.<\/p>\n<p>&#8221;Israelul \u0219i Grecia au interese strategice comune \u0219i suntem confrunta\u021bi cu acelea\u0219i provoc\u0103ri regionale&#8221;, a declarat la r\u00e2ndul s\u0103u ministrul israelian al ap\u0103r\u0103rii, Israel Katz.<\/p>\n<p>&#8221;\u00centr-o epoc\u0103 \u00een care actori cu ambi\u021bii regionale \u00eencearc\u0103 s\u0103-\u0219i extind\u0103 influen\u021ba \u0219i s\u0103 submineze stabilitatea \u00een regiune, Israelul \u0219i Grecia vor continua s\u0103-\u0219i \u00eent\u0103reasc\u0103 cooperarea \u00een materie de ap\u0103rare \u0219i de strategie&#8221;, a ad\u0103ugat el, f\u0103c\u00e2nd probabil referire la Turcia. AGERPRES\/(AS &#8211; redactor: Florin \u0218tefan, editor online: Gabriela Badea)\u00a0<\/p>\n<\/div>\n<div class=\"mx-auto pt-3\">\n                                Afisari: 279\n                            <\/div>\n<p>[analyse_source url=&#8221;https:\/\/agerpres.ro\/politic-extern\/2026\/08\/31\/israelul-a-incheiat-cu-grecia-unul-dintre-cele-mai-mari-contracte-de-vanzare-de-arme-din-istoria-sa&#8211;1589438&#8243;]<\/p>\n","protected":false},"excerpt":{"rendered":"<p>[analyse_image type=&#8221;featured&#8221; src=&#8221;https:\/\/agerpres.ro\/data\/202608\/20260831212354_301521.jpg&#8221;] Israelul a anun\u021bat luni \u00eencheierea unui contract de v\u00e2nz\u0103ri de arme cu Grecia \u00een valoare de circa 3 miliarde de euro, \u00een pofida criticilor interna\u021bionale exprimate \u00eempotriva acestui stat dup\u0103 r\u0103zboiul din Gaza, relateaz\u0103 AFP. Acest acord se \u00eenscrie \u00een cadrul noului sistem de ap\u0103rare aerian\u0103 intitulat &#8221;Scutul lui Ahile&#8221; \u0219i intervine [&hellip;]<\/p>\n","protected":false},"author":1,"featured_media":0,"comment_status":"open","ping_status":"","sticky":false,"template":"","format":"standard","meta":{"footnotes":""},"categories":[2],"tags":[37,226],"class_list":["post-2120889","post","type-post","status-publish","format-standard","hentry","category-politics","tag-agerpres-ro","tag-crawlmanager"],"_links":{"self":[{"href":"https:\/\/analyse.optim.biz\/index.php?rest_route=\/wp\/v2\/posts\/2120889","targetHints":{"allow":["GET"]}}],"collection":[{"href":"https:\/\/analyse.optim.biz\/index.php?rest_route=\/wp\/v2\/posts"}],"about":[{"href":"https:\/\/analyse.optim.biz\/index.php?rest_route=\/wp\/v2\/types\/post"}],"author":[{"embeddable":true,"href":"https:\/\/analyse.optim.biz\/index.php?rest_route=\/wp\/v2\/users\/1"}],"replies":[{"embeddable":true,"href":"https:\/\/analyse.optim.biz\/index.php?rest_route=%2Fwp%2Fv2%2Fcomments&post=2120889"}],"version-history":[{"count":0,"href":"https:\/\/analyse.optim.biz\/index.php?rest_route=\/wp\/v2\/posts\/2120889\/revisions"}],"wp:attachment":[{"href":"https:\/\/analyse.optim.biz\/index.php?rest_route=%2Fwp%2Fv2%2Fmedia&parent=2120889"}],"wp:term":[{"taxonomy":"category","embeddable":true,"href":"https:\/\/analyse.optim.biz\/index.php?rest_route=%2Fwp%2Fv2%2Fcategories&post=2120889"},{"taxonomy":"post_tag","embeddable":true,"href":"https:\/\/analyse.optim.biz\/index.php?rest_route=%2Fwp%2Fv2%2Ftags&post=2120889"}],"curies":[{"name":"wp","href":"https:\/\/api.w.org\/{rel}","templated":true}]}}