{"id":2120879,"date":"2026-08-31T00:00:00","date_gmt":"2026-08-30T21:00:00","guid":{"rendered":"https:\/\/analyse.optim.biz\/?p=2120879"},"modified":"2026-08-31T00:00:00","modified_gmt":"2026-08-30T21:00:00","slug":"sua-trump-ii-critica-pe-cei-care-se-opun-constructiei-de-centre-de-date","status":"publish","type":"post","link":"https:\/\/analyse.optim.biz\/?p=2120879","title":{"rendered":"SUA: Trump \u00eei critic\u0103 pe cei care se opun construc\u021biei de centre de date"},"content":{"rendered":"<p>[analyse_image type=&#8221;featured&#8221; src=&#8221;https:\/\/agerpres.ro\/data\/202608\/20260831210610_691092.jpg&#8221;]<\/p>\n<div class=\"mx-auto pt-3\">\n<p><strong>Pre\u0219edintele american Donald Trump i-a criticat luni pe cei care se opun construc\u021biei de centre de date \u00een SUA, un subiect care a ajuns pe agenda alegerilor legislative de la jum\u0103tatea mandatului, relateaz\u0103 AFP.<\/strong><\/p>\n<p>&#8221;Singurul motiv pentru care locuitorii SUA trebuie s\u0103 se opun\u0103 centrelor de date este dac\u0103 vor s\u0103 r\u0103m\u00e2n\u0103 \u00een urm\u0103 \u0219i s\u0103raci&#8221;, scrie el pe re\u021bea sa <a href=\"https:\/\/truthsocial.com\/@realDonaldTrump\/posts\/117190477440173795\" target=\"_blank\">Truth Social<\/a>, d\u00e2nd asigur\u0103ri c\u0103 instalarea acestor infrastructuri uneori gigantice duce la sc\u0103derea impozitelor \u0219i creeaz\u0103 locuri de munc\u0103.<\/p>\n\n<hr>\n<p>&#8221;Dac\u0103 ucidem g\u0103ina cu ou\u0103 de aur, nu trebuie s\u0103 fi\u021bi sup\u0103ra\u021bi dec\u00e2t pe voi. Nimic nu \u00eei place mai mult Chinei dec\u00e2t s\u0103 vad\u0103 aceast\u0103 mi\u0219care anti-&#8216;data centers&#8217; &#8221;, a afirmat pre\u0219edintele american, mare sus\u021bin\u0103tor al dezvolt\u0103rii \u00een mar\u0219 for\u021bat al Inteligen\u021bei Artificiale (IA).<\/p>\n<p>Vicepre\u0219edintele JD Vance, \u00eentrebat de jurnali\u0219ti despre aceste declara\u021bii, a adoptat o pozi\u021bie mai pu\u021bin tran\u0219ant\u0103, recunosc\u00e2nd \u00eengrijor\u0103rile privind costurile energetice provocate de construc\u021bia frenetic\u0103 a acestor infrastructuri energivore.<\/p>\n<p>Centrele de date &#8221;sunt o parte important\u0103 a economiei IA, dar cei care le construiesc trebuie s\u0103 construiasc\u0103 centrale electrice \u00eempreun\u0103 cu aceste centre de date&#8221;, a spus JD Vance, considerat candidat poten\u021bial \u00een alegerile preziden\u021biale din 2028.<\/p>\n<p>&#8221;C\u00e2nd facturile de energie cresc mult, atunci avem o adev\u0103rat\u0103 problem\u0103&#8221;, a ad\u0103ugat el.<\/p>\n<p>Construc\u021bia de centre de date a devenit un subiect de crispare politic\u0103 \u00een SUA, odat\u0103 cu apropierea alegerilor legislative de la jum\u0103tatea mandatului, prev\u0103zute \u00een luna noiembrie.<\/p>\n<p>Mi\u0219c\u0103rile de protest denun\u021b\u0103 infrastructuri cu un consum foarte ridicat de energie, \u00eentr-un context de tensiuni deja ridicate privind costurile energetice.<\/p>\n<p>Nemul\u021bumirea privind facturile de electricitate se al\u0103tur\u0103 unei respingeri mai ample la nivel global a gigan\u021bilor tehnologici \u0219i a tehnologiilor lor, care reprezint\u0103 o amenin\u021bare poten\u021bial\u0103 pentru locurile de munc\u0103, noteaz\u0103 AFP. AGERPRES\/(AS &#8211; redactor: Florin \u0218tefan, editor online: Gabriela Badea)\u00a0<\/p>\n<\/div>\n<div class=\"mx-auto pt-3\">\n                                Afisari: 236\n                            <\/div>\n<p>[analyse_source url=&#8221;https:\/\/agerpres.ro\/politic-extern\/2026\/08\/31\/sua-trump-ii-critica-pe-cei-care-se-opun-constructiei-de-centre-de-date&#8211;1589432&#8243;]<\/p>\n","protected":false},"excerpt":{"rendered":"<p>[analyse_image type=&#8221;featured&#8221; src=&#8221;https:\/\/agerpres.ro\/data\/202608\/20260831210610_691092.jpg&#8221;] Pre\u0219edintele american Donald Trump i-a criticat luni pe cei care se opun construc\u021biei de centre de date \u00een SUA, un subiect care a ajuns pe agenda alegerilor legislative de la jum\u0103tatea mandatului, relateaz\u0103 AFP. &#8221;Singurul motiv pentru care locuitorii SUA trebuie s\u0103 se opun\u0103 centrelor de date este dac\u0103 vor s\u0103 r\u0103m\u00e2n\u0103 [&hellip;]<\/p>\n","protected":false},"author":1,"featured_media":0,"comment_status":"open","ping_status":"","sticky":false,"template":"","format":"standard","meta":{"footnotes":""},"categories":[2],"tags":[37,226],"class_list":["post-2120879","post","type-post","status-publish","format-standard","hentry","category-politics","tag-agerpres-ro","tag-crawlmanager"],"_links":{"self":[{"href":"https:\/\/analyse.optim.biz\/index.php?rest_route=\/wp\/v2\/posts\/2120879","targetHints":{"allow":["GET"]}}],"collection":[{"href":"https:\/\/analyse.optim.biz\/index.php?rest_route=\/wp\/v2\/posts"}],"about":[{"href":"https:\/\/analyse.optim.biz\/index.php?rest_route=\/wp\/v2\/types\/post"}],"author":[{"embeddable":true,"href":"https:\/\/analyse.optim.biz\/index.php?rest_route=\/wp\/v2\/users\/1"}],"replies":[{"embeddable":true,"href":"https:\/\/analyse.optim.biz\/index.php?rest_route=%2Fwp%2Fv2%2Fcomments&post=2120879"}],"version-history":[{"count":0,"href":"https:\/\/analyse.optim.biz\/index.php?rest_route=\/wp\/v2\/posts\/2120879\/revisions"}],"wp:attachment":[{"href":"https:\/\/analyse.optim.biz\/index.php?rest_route=%2Fwp%2Fv2%2Fmedia&parent=2120879"}],"wp:term":[{"taxonomy":"category","embeddable":true,"href":"https:\/\/analyse.optim.biz\/index.php?rest_route=%2Fwp%2Fv2%2Fcategories&post=2120879"},{"taxonomy":"post_tag","embeddable":true,"href":"https:\/\/analyse.optim.biz\/index.php?rest_route=%2Fwp%2Fv2%2Ftags&post=2120879"}],"curies":[{"name":"wp","href":"https:\/\/api.w.org\/{rel}","templated":true}]}}