{"id":212079,"date":"2014-02-17T21:22:25","date_gmt":"2014-02-17T18:22:25","guid":{"rendered":"https:\/\/analyse.optim.biz\/?p=212079"},"modified":"2014-02-17T21:22:25","modified_gmt":"2014-02-17T18:22:25","slug":"scandal-in-usl-miza-celui-de-al-patrulea-vicepremier","status":"publish","type":"post","link":"https:\/\/analyse.optim.biz\/?p=212079","title":{"rendered":"Scandal \u00een USL. Miza celui de-al patrulea vicepremier"},"content":{"rendered":"<div class=\"entry data-app-meta data-app-meta-article\" data-embed-base-url-canonical=\"https:\/\/www.digi24.ro\/embed\/stiri\/actualitate\/politica\/scandal-in-usl-miza-celui-de-al-patrulea-vicepremier-201837\">\n<p data-index=\"1\"><img decoding=\"async\" src=\"https:\/\/analyse.optim.biz\/wp-content\/uploads\/2024\/09\/cgcmdz04mdamagfzad0ymdllztdlzmm5mje4yzeznzq5zwzjzwm4ymq1zde0zg-thumb_.jpg\" data-skip-htmlfix=\"1\" title=\"cgcmdz04mdamagfzad0ymdllztdlzmm5mje4yzeznzq5zwzjzwm4ymq1zde0zg-thumb_\">Trebuie spus din capul locului c\u0103 este o b\u0103t\u0103lie pentru imagine, putere \u015fi influen\u0163\u0103 \u00een interiorul Guvernului. S\u0103tui s\u0103 tot fie considera\u0163i vioara a doua \u00een cabinetul Ponta, liberalii au g\u0103sit, cred ei, solu\u0163ia salvatoare: numirea lui <strong>Klaus Iohannis<\/strong> ministru de interne \u015fi vicepremier. Numai c\u0103 vicepremierul Iohannis ar lua atribu\u0163iile vicepremierului <strong>Gabriel Oprea<\/strong>, ceea ce social-democra\u0163ii nu vor s\u0103 accepte.<\/p>\n<p data-index=\"2\">Ei le propun liberalilor ca, dac\u0103 \u00eel vor pe Klaus Iohannis vicepremier, s\u0103-i dea portofoliul Finan\u0163elor, l\u0103sat liber de <strong>Daniel Chi\u0163oiu<\/strong>. \u00cen acest fel, argumenteaz\u0103 Victor Ponta, structura guvernului ar r\u0103m\u00e2ne neschimbat\u0103, aceea\u015fi din 2012, iar cei trei vicepremieri nu s-ar c\u0103lca pe b\u0103t\u0103turi.<\/p>\n<p data-index=\"3\"><img decoding=\"async\" src=\"https:\/\/analyse.optim.biz\/wp-content\/uploads\/2024\/09\/jnc9odawjmhhc2g9ztm4zjhjmte1zdq5odywmzyxndkxzdi3mduymwi1ogy-thumb_.jpg\" data-skip-htmlfix=\"1\" title=\"jnc9odawjmhhc2g9ztm4zjhjmte1zdq5odywmzyxndkxzdi3mduymwi1ogy-thumb_\">Propunerea PSD se love\u015fte \u00eens\u0103 de refuzul PNL \u015fi al lui Klaus Iohannis care spune c\u0103 nu se pricepe la finan\u0163e, ci doar la administra\u0163ie, \u015fi, prin urmare, nu ar avea ce c\u0103uta \u00een fotoliul lui Daniel Chi\u0163oiu.<\/p>\n<p data-index=\"4\">\u00cen fa\u0163a determin\u0103rii liberalilor de a-l men\u0163ine pe Iohannis ministru de interne \u015fi vicepremier, <strong>Victor Ponta<\/strong> le-a aplicat partenerilor de guvernare o nou\u0103 lovitur\u0103: crearea unei noi func\u0163ii de vicepremier pentru liderul PC, Daniel Constantin.<\/p>\n<p data-index=\"5\">Premierul ar dori ca deciziile politice \u00een Guvern s\u0103 fie luate de acest comitet de vicepremieri, dar \u00een condi\u0163iile \u00een care trei dintre ei ar fi de la USD, PNL ar vea un singur vot \u015fi nu \u015fi-ar putea impune niciodat\u0103 voin\u0163a. Este \u015fi motivul pentru care <strong>Crin Antonescu<\/strong>amenin\u0163\u0103 cu ie\u015firea de la Guvernare dac\u0103 va fi creat acest al patrulea post de vicepremier.<\/p>\n<\/div>\n<p> Source URL: https:\/\/www.digi24.ro\/stiri\/actualitate\/politica\/scandal-in-usl-miza-celui-de-al-patrulea-vicepremier-201837<\/p>\n","protected":false},"excerpt":{"rendered":"<p>Trebuie spus din capul locului c\u0103 este o b\u0103t\u0103lie pentru imagine, putere \u015fi influen\u0163\u0103 \u00een interiorul Guvernului. S\u0103tui s\u0103 tot fie considera\u0163i vioara a doua \u00een cabinetul Ponta, liberalii au g\u0103sit, cred ei, solu\u0163ia salvatoare: numirea lui Klaus Iohannis ministru de interne \u015fi vicepremier. Numai c\u0103 vicepremierul Iohannis ar lua atribu\u0163iile vicepremierului Gabriel Oprea, ceea [&hellip;]<\/p>\n","protected":false},"author":1,"featured_media":212080,"comment_status":"open","ping_status":"","sticky":false,"template":"","format":"standard","meta":{"footnotes":""},"categories":[2],"tags":[11],"class_list":["post-212079","post","type-post","status-publish","format-standard","has-post-thumbnail","hentry","category-politics","tag-digi24"],"_links":{"self":[{"href":"https:\/\/analyse.optim.biz\/index.php?rest_route=\/wp\/v2\/posts\/212079","targetHints":{"allow":["GET"]}}],"collection":[{"href":"https:\/\/analyse.optim.biz\/index.php?rest_route=\/wp\/v2\/posts"}],"about":[{"href":"https:\/\/analyse.optim.biz\/index.php?rest_route=\/wp\/v2\/types\/post"}],"author":[{"embeddable":true,"href":"https:\/\/analyse.optim.biz\/index.php?rest_route=\/wp\/v2\/users\/1"}],"replies":[{"embeddable":true,"href":"https:\/\/analyse.optim.biz\/index.php?rest_route=%2Fwp%2Fv2%2Fcomments&post=212079"}],"version-history":[{"count":0,"href":"https:\/\/analyse.optim.biz\/index.php?rest_route=\/wp\/v2\/posts\/212079\/revisions"}],"wp:featuredmedia":[{"embeddable":true,"href":"https:\/\/analyse.optim.biz\/index.php?rest_route=\/wp\/v2\/media\/212080"}],"wp:attachment":[{"href":"https:\/\/analyse.optim.biz\/index.php?rest_route=%2Fwp%2Fv2%2Fmedia&parent=212079"}],"wp:term":[{"taxonomy":"category","embeddable":true,"href":"https:\/\/analyse.optim.biz\/index.php?rest_route=%2Fwp%2Fv2%2Fcategories&post=212079"},{"taxonomy":"post_tag","embeddable":true,"href":"https:\/\/analyse.optim.biz\/index.php?rest_route=%2Fwp%2Fv2%2Ftags&post=212079"}],"curies":[{"name":"wp","href":"https:\/\/api.w.org\/{rel}","templated":true}]}}