{"id":2120787,"date":"2026-08-31T17:14:51","date_gmt":"2026-08-31T14:14:51","guid":{"rendered":"https:\/\/analyse.optim.biz\/?p=2120787"},"modified":"2026-08-31T17:14:51","modified_gmt":"2026-08-31T14:14:51","slug":"corala-fantasia-a-luat-trofeul-festivalului-international-paralia-paradise-in-grecia","status":"publish","type":"post","link":"https:\/\/analyse.optim.biz\/?p=2120787","title":{"rendered":"Corala Fantasia a luat trofeul Festivalului Interna\u021bional \u201eParalia Paradise\u201d, \u00een Grecia"},"content":{"rendered":"<p>[analyse_image type=&#8221;featured&#8221; src=&#8221;https:\/\/vasluianul.ro\/wp-content\/uploads\/2026\/08\/fantasia-grecia-7.jpg&#8221;]<\/p>\n<div class=\"tdb-block-inner td-fix-index\"><time class=\"entry-date updated td-module-date\" datetime=\"2026-08-31T20:14:51+03:00\">august 31, 2026<\/time><\/div>\n<div class=\"tdb-block-inner td-fix-index\"><span>Updated:<\/span><time class=\"entry-date updated td-module-date\" datetime=\"2026-08-31T20:23:07+03:00\">august 31, 2026<\/time><\/div>\n<div class=\"tdb-block-inner td-fix-index\">\n<h1 class=\"tdb-title-text\">Corala Fantasia a luat trofeul Festivalului Interna\u021bional \u201eParalia Paradise\u201d, \u00een Grecia<\/h1>\n<\/div>\n<div class=\"tdb-block-inner td-fix-index\"><a class=\"tdb-author-photo\" href=\"https:\/\/vasluianul.ro\/author\/danieltanasuc\/\" title=\"Daniel T\u0103n\u0103suc\"><img loading=\"lazy\" decoding=\"async\" alt=\"Daniel T\u0103n\u0103suc\" src=\"https:\/\/secure.gravatar.com\/avatar\/96f8aa4cf2ea1d57d33381e0a38eedb556fd3ed3dc125a709e0d706eada9b43f?s=34&amp;d=identicon&amp;r=g\" class=\"avatar avatar-34 photo\" height=\"34\" width=\"34\" data-eio=\"l\"><\/a><\/p>\n<div class=\"tdb-author-name-wrap\"><span class=\"tdb-author-by\">By<\/span><a class=\"tdb-author-name\" href=\"https:\/\/vasluianul.ro\/author\/danieltanasuc\/\">Daniel T\u0103n\u0103suc<\/a><\/div>\n<\/div>\n<div class=\"tdb-block-inner td-fix-index\"><a href=\"https:\/\/vasluianul.ro\/wp-content\/uploads\/2026\/08\/fantasia-grecia-7.jpg\" data-caption><img loading=\"lazy\" decoding=\"async\" width=\"1068\" height=\"801\" class=\"entry-thumb td-modal-image\" src=\"https:\/\/vasluianul.ro\/wp-content\/uploads\/2026\/08\/fantasia-grecia-7-1068x801.jpg\" alt title=\"fantasia grecia 7\" data-eio=\"l\"><\/a><\/div>\n<div class=\"td_block_wrap tdb_single_content tdi_75 td-pb-border-top td_block_template_1 td-post-content tagdiv-type\" data-td-block-uid=\"tdi_75\">\n<div class=\"tdb-block-inner td-fix-index\">\n<div class=\"vtp-article-views\" aria-label=\"Num\u0103r vizualiz\u0103ri articol\"><span class=\"vtp-eye\" aria-hidden=\"true\">\ud83d\udc41<\/span><strong>50<\/strong> vizualiz\u0103ri<\/div>\n<p class=\"PDq2pG_selectionAnchorContainer\" data-start=\"101\" data-end=\"336\"><strong><span>Corala Fantasia, din Vaslui, a participat, \u00een perioada 24\u201330 august, la Festivalul Interna\u021bional de Muzic\u0103 \u0219i Dans \u201dParalia Paradise\u201d, desf\u0103\u0219urat \u00een Grecia. Forma\u021bia, coordonat\u0103 de profesorul Vasile Negur\u0103, a primit trofeul festivalului.<\/span><\/strong><\/p>\n<div class=\"code-block code-block-1\"><a href=\"https:\/\/vasluianul.ro\/corala-fantasia-vaslui-premiata-grecia\/DESTINATION\"><img decoding=\"async\" src=\"https:\/\/vasluianul.ro\/wp-content\/uploads\/2022\/06\/reclama-vechia-roma-2.jpeg%0A\" data-eio=\"l\"><\/a><\/div>\n<p data-start=\"338\" data-end=\"568\"><span>Ajuns la cea de-a XXI-a edi\u021bie, evenimentul a reunit peste 700 de participan\u021bi din Grecia, Rom\u00e2nia, Bulgaria, Serbia, Polonia, Spania \u0219i Muntenegru. Festivalul a cuprins dou\u0103 sec\u021biuni, dedicate corurilor \u0219i forma\u021biilor folclorice.<\/span><\/p>\n<div id=\"vps2-1-1101\" class=\"vps-slider\" data-autoplay=\"1\" data-interval=\"1500\" data-pause-hover=\"1\" data-loop=\"1\" data-fullscreen=\"1\" tabindex=\"0\" role=\"region\" aria-label=\"Galerie foto\">\n<div class=\"vps-viewport\">\n<div class=\"vps-gallery-title\" aria-hidden=\"true\">GALERIE FOTO<\/div>\n<div class=\"vps-counter\" aria-live=\"polite\"><span>1<\/span>\/9<\/div>\n<\/div>\n<\/div>\n<div class=\"vam4-ad vam4-device-all\" data-ad-id=\"1\">\n<div class=\"vam4-label\">PUBLICITATE<\/div>\n<div class=\"vam4-frame\"><a class=\"vam4-click\" href=\"https:\/\/www.facebook.com\/SilverMallVaslui\" target=\"_blank\" rel=\"sponsored noopener\"><img decoding=\"async\" src=\"https:\/\/vasluianul.ro\/wp-content\/uploads\/2026\/08\/fillis-AI-002.png.webp\" alt=\"Silver Mall\" loading=\"lazy\" data-eio=\"l\"><\/a><\/div>\n<\/div>\n<p data-start=\"570\" data-end=\"801\"><span>Corala vasluian\u0103 a reprezentat Rom\u00e2nia cu un repertoriu alc\u0103tuit din piese tradi\u021bionale rom\u00e2ne\u0219ti \u0219i lucr\u0103ri cunoscute din repertoriul interna\u021bional. La finalul festivalului, \u201eFantasia\u201d a fost recompensat\u0103 cu trofeul evenimentului.<\/span><\/p>\n<aside class=\"vva-wrap\" aria-label=\"PUBLICITATE\">\n<div class=\"vva-label\">PUBLICITATE<\/div>\n<p><a class=\"vva-link\" href=\"https:\/\/www.facebook.com\/FamiliaSafir\" target=\"_blank\" rel=\"noopener sponsored\"><video class=\"vva-video\" data-max-seconds=\"21\" playsinline preload=\"metadata\" autoplay muted controls><source src=\"https:\/\/vasluianul.ro\/wp-content\/uploads\/2026\/07\/safir-campanie-iulie-2026.mp4\" \/><\/video><\/a><\/aside>\n<div class=\"wp-video\"><video class=\"wp-video-shortcode\" id=\"video-85186-1\" width=\"696\" height=\"388\" preload=\"metadata\" controls=\"controls\"><source type=\"video\/mp4\" src=\"https:\/\/vasluianul.ro\/wp-content\/uploads\/2026\/08\/fantasia-grecia-video-.mp4?_=1\" \/><\/video><\/div>\n<p data-start=\"803\" data-end=\"1075\"><span>Forma\u021bia coordonat\u0103 de profesorul Vasile Negur\u0103 are o activitate de peste trei decenii \u0219i a participat de-a lungul anilor la numeroase concerte, festivaluri \u0219i concursuri. \u00cen repertoriul s\u0103u se reg\u0103sesc piese precum \u201dNella Fantasia\u201d, \u201dBohemian Rhapsody\u201d \u0219i \u201dIoane, Ioane\u201d.<\/span><\/p>\n<p data-start=\"1077\" data-end=\"1270\" data-is-last-node data-is-only-node><span>Participarea la festivalul din Grecia a fost sus\u021binut\u0103 de Consiliul Jude\u021bean Vaslui, prin Centrul Centrul Cultural Jude\u021bean Vaslui, Prim\u0103ria municipiului Vaslui, sponsori \u0219i p\u0103rin\u021bii membrelor coralei.<\/span><\/p>\n<\/div>\n<\/div>\n<div class=\"tdb-block-inner td-fix-index\">\n<div class=\"vtp-article-views\" aria-label=\"Num\u0103r vizualiz\u0103ri articol\"><span class=\"vtp-eye\" aria-hidden=\"true\">\ud83d\udc41<\/span><strong>50<\/strong> vizualiz\u0103ri<\/div>\n<p class=\"PDq2pG_selectionAnchorContainer\" data-start=\"101\" data-end=\"336\"><strong><span>Corala Fantasia, din Vaslui, a participat, \u00een perioada 24\u201330 august, la Festivalul Interna\u021bional de Muzic\u0103 \u0219i Dans \u201dParalia Paradise\u201d, desf\u0103\u0219urat \u00een Grecia. Forma\u021bia, coordonat\u0103 de profesorul Vasile Negur\u0103, a primit trofeul festivalului.<\/span><\/strong><\/p>\n<div class=\"code-block code-block-1\"><a href=\"https:\/\/vasluianul.ro\/corala-fantasia-vaslui-premiata-grecia\/DESTINATION\"><img decoding=\"async\" src=\"https:\/\/vasluianul.ro\/wp-content\/uploads\/2022\/06\/reclama-vechia-roma-2.jpeg%0A\" data-eio=\"l\"><\/a><\/div>\n<p data-start=\"338\" data-end=\"568\"><span>Ajuns la cea de-a XXI-a edi\u021bie, evenimentul a reunit peste 700 de participan\u021bi din Grecia, Rom\u00e2nia, Bulgaria, Serbia, Polonia, Spania \u0219i Muntenegru. Festivalul a cuprins dou\u0103 sec\u021biuni, dedicate corurilor \u0219i forma\u021biilor folclorice.<\/span><\/p>\n<div id=\"vps2-1-1101\" class=\"vps-slider\" data-autoplay=\"1\" data-interval=\"1500\" data-pause-hover=\"1\" data-loop=\"1\" data-fullscreen=\"1\" tabindex=\"0\" role=\"region\" aria-label=\"Galerie foto\">\n<div class=\"vps-viewport\">\n<div class=\"vps-gallery-title\" aria-hidden=\"true\">GALERIE FOTO<\/div>\n<div class=\"vps-counter\" aria-live=\"polite\"><span>1<\/span>\/9<\/div>\n<\/div>\n<\/div>\n<div class=\"vam4-ad vam4-device-all\" data-ad-id=\"1\">\n<div class=\"vam4-label\">PUBLICITATE<\/div>\n<div class=\"vam4-frame\"><a class=\"vam4-click\" href=\"https:\/\/www.facebook.com\/SilverMallVaslui\" target=\"_blank\" rel=\"sponsored noopener\"><img decoding=\"async\" src=\"https:\/\/vasluianul.ro\/wp-content\/uploads\/2026\/08\/fillis-AI-002.png.webp\" alt=\"Silver Mall\" loading=\"lazy\" data-eio=\"l\"><\/a><\/div>\n<\/div>\n<p data-start=\"570\" data-end=\"801\"><span>Corala vasluian\u0103 a reprezentat Rom\u00e2nia cu un repertoriu alc\u0103tuit din piese tradi\u021bionale rom\u00e2ne\u0219ti \u0219i lucr\u0103ri cunoscute din repertoriul interna\u021bional. La finalul festivalului, \u201eFantasia\u201d a fost recompensat\u0103 cu trofeul evenimentului.<\/span><\/p>\n<aside class=\"vva-wrap\" aria-label=\"PUBLICITATE\">\n<div class=\"vva-label\">PUBLICITATE<\/div>\n<p><a class=\"vva-link\" href=\"https:\/\/www.facebook.com\/FamiliaSafir\" target=\"_blank\" rel=\"noopener sponsored\"><video class=\"vva-video\" data-max-seconds=\"21\" playsinline preload=\"metadata\" autoplay muted controls><source src=\"https:\/\/vasluianul.ro\/wp-content\/uploads\/2026\/07\/safir-campanie-iulie-2026.mp4\" \/><\/video><\/a><\/aside>\n<div class=\"wp-video\"><video class=\"wp-video-shortcode\" id=\"video-85186-1\" width=\"696\" height=\"388\" preload=\"metadata\" controls=\"controls\"><source type=\"video\/mp4\" src=\"https:\/\/vasluianul.ro\/wp-content\/uploads\/2026\/08\/fantasia-grecia-video-.mp4?_=1\" \/><\/video><\/div>\n<p data-start=\"803\" data-end=\"1075\"><span>Forma\u021bia coordonat\u0103 de profesorul Vasile Negur\u0103 are o activitate de peste trei decenii \u0219i a participat de-a lungul anilor la numeroase concerte, festivaluri \u0219i concursuri. \u00cen repertoriul s\u0103u se reg\u0103sesc piese precum \u201dNella Fantasia\u201d, \u201dBohemian Rhapsody\u201d \u0219i \u201dIoane, Ioane\u201d.<\/span><\/p>\n<p data-start=\"1077\" data-end=\"1270\" data-is-last-node data-is-only-node><span>Participarea la festivalul din Grecia a fost sus\u021binut\u0103 de Consiliul Jude\u021bean Vaslui, prin Centrul Centrul Cultural Jude\u021bean Vaslui, Prim\u0103ria municipiului Vaslui, sponsori \u0219i p\u0103rin\u021bii membrelor coralei.<\/span><\/p>\n<\/div>\n<div class=\"tdb-block-inner td-fix-index\"><a href=\"https:\/\/vasluianul.ro\/author\/danieltanasuc\/\" class=\"tdb-author-photo\" title=\"Daniel T\u0103n\u0103suc\"><img loading=\"lazy\" decoding=\"async\" alt=\"Daniel T\u0103n\u0103suc\" src=\"https:\/\/secure.gravatar.com\/avatar\/96f8aa4cf2ea1d57d33381e0a38eedb556fd3ed3dc125a709e0d706eada9b43f?s=96&amp;d=identicon&amp;r=g\" class=\"avatar avatar-96 photo\" height=\"96\" width=\"96\" data-eio=\"l\"><\/a><\/p>\n<div class=\"tdb-author-info\"><a href=\"https:\/\/vasluianul.ro\/author\/danieltanasuc\/\" class=\"tdb-author-name\">Daniel T\u0103n\u0103suc<\/a><a href=\"http:\/\/www.vasluianul.ro\" class=\"tdb-author-url\">http:\/\/www.vasluianul.ro<\/a><\/div>\n<\/div>\n<div class=\"tdb-block-inner td-fix-index\">\n<div class=\"comments\" id=\"comments\">\n<div id=\"respond\" class=\"comment-respond\">\n<h3 id=\"reply-title\" class=\"comment-reply-title\">L\u0102SA\u021aI UN MESAJ <small><a rel=\"nofollow\" id=\"cancel-comment-reply-link\" href=\"https:\/\/vasluianul.ro\/corala-fantasia-vaslui-premiata-grecia\/#respond\">Renun\u021ba\u021bi la r\u0103spuns<\/a><\/small><\/h3>\n<div class=\"comment-form-input-wrap td-form-comment\">\n<div class=\"td-warning-comment\">V\u0103 rug\u0103m s\u0103 introduce\u021bi comentariul dvs.!<\/div>\n<\/div>\n<div class=\"comment-form-input-wrap td-form-author\">\n<div class=\"td-warning-author\">Introduce\u021bi aici numele dvs.<\/div>\n<\/div>\n<div class=\"comment-form-input-wrap td-form-email\">\n<div class=\"td-warning-email-error\">A\u021bi introdus o adres\u0103 de e-mail incorect\u0103!<\/div>\n<div class=\"td-warning-email\">V\u0103 rug\u0103m s\u0103 introduce\u021bi adresa dvs. de e-mail aici<\/div>\n<\/div>\n<\/div>\n<\/div>\n<\/div>\n<p>[analyse_source url=&#8221;https:\/\/vasluianul.ro\/corala-fantasia-vaslui-premiata-grecia\/#new_tab&#8221;]<\/p>\n","protected":false},"excerpt":{"rendered":"<p>[analyse_image type=&#8221;featured&#8221; src=&#8221;https:\/\/vasluianul.ro\/wp-content\/uploads\/2026\/08\/fantasia-grecia-7.jpg&#8221;] august 31, 2026 Updated:august 31, 2026 Corala Fantasia a luat trofeul Festivalului Interna\u021bional \u201eParalia Paradise\u201d, \u00een Grecia ByDaniel T\u0103n\u0103suc \ud83d\udc4150 vizualiz\u0103ri Corala Fantasia, din Vaslui, a participat, \u00een perioada 24\u201330 august, la Festivalul Interna\u021bional de Muzic\u0103 \u0219i Dans \u201dParalia Paradise\u201d, desf\u0103\u0219urat \u00een Grecia. Forma\u021bia, coordonat\u0103 de profesorul Vasile Negur\u0103, a primit trofeul [&hellip;]<\/p>\n","protected":false},"author":1,"featured_media":0,"comment_status":"open","ping_status":"","sticky":false,"template":"","format":"standard","meta":{"footnotes":""},"categories":[89],"tags":[226,217],"class_list":["post-2120787","post","type-post","status-publish","format-standard","hentry","category-romania","tag-crawlmanager","tag-vaslui-robo-stiri-ro"],"_links":{"self":[{"href":"https:\/\/analyse.optim.biz\/index.php?rest_route=\/wp\/v2\/posts\/2120787","targetHints":{"allow":["GET"]}}],"collection":[{"href":"https:\/\/analyse.optim.biz\/index.php?rest_route=\/wp\/v2\/posts"}],"about":[{"href":"https:\/\/analyse.optim.biz\/index.php?rest_route=\/wp\/v2\/types\/post"}],"author":[{"embeddable":true,"href":"https:\/\/analyse.optim.biz\/index.php?rest_route=\/wp\/v2\/users\/1"}],"replies":[{"embeddable":true,"href":"https:\/\/analyse.optim.biz\/index.php?rest_route=%2Fwp%2Fv2%2Fcomments&post=2120787"}],"version-history":[{"count":0,"href":"https:\/\/analyse.optim.biz\/index.php?rest_route=\/wp\/v2\/posts\/2120787\/revisions"}],"wp:attachment":[{"href":"https:\/\/analyse.optim.biz\/index.php?rest_route=%2Fwp%2Fv2%2Fmedia&parent=2120787"}],"wp:term":[{"taxonomy":"category","embeddable":true,"href":"https:\/\/analyse.optim.biz\/index.php?rest_route=%2Fwp%2Fv2%2Fcategories&post=2120787"},{"taxonomy":"post_tag","embeddable":true,"href":"https:\/\/analyse.optim.biz\/index.php?rest_route=%2Fwp%2Fv2%2Ftags&post=2120787"}],"curies":[{"name":"wp","href":"https:\/\/api.w.org\/{rel}","templated":true}]}}