{"id":2120775,"date":"2026-08-31T16:03:26","date_gmt":"2026-08-31T13:03:26","guid":{"rendered":"https:\/\/analyse.optim.biz\/?p=2120775"},"modified":"2026-08-31T16:03:26","modified_gmt":"2026-08-31T13:03:26","slug":"clotilde-armand-condamnata-in-prima-instanta-la-un-an-de-inchisoare-cu-amanare","status":"publish","type":"post","link":"https:\/\/analyse.optim.biz\/?p=2120775","title":{"rendered":"Clotilde Armand, condamnat\u0103 \u00een prim\u0103 instan\u021b\u0103 la un an de \u00eenchisoare cu am\u00e2nare"},"content":{"rendered":"<p>[analyse_image type=&#8221;featured&#8221; src=&#8221;https:\/\/www.tion.ro\/wp-content\/uploads\/2022\/11\/+otf\/1200&#215;630\/zt__CekRpbEw1ZjpdbJ4bTU5PVF9WRVJZX1NFQ7cnjthbBHLT6OYDsTBqYWFe6UnAc3__O__gtHwiEjho9m1yrm3257RXrJPYZsaJxfUJEcROwZYLzPr4EV1LaVZ+A=\/7809736clotildearmand.jpg&#8221;]<\/p>\n<article id=\"post-2344377\" class>\n<div class=\"entry-content clearfix\">\n<div class=\"enewsArticleContent\">\n<p>Conform Mediafax, instan\u021ba a re\u021binut patru acte materiale \u0219i a stabilit un termen de supraveghere de doi ani, care va \u00eencepe s\u0103 curg\u0103 de la data r\u0103m\u00e2nerii definitive a hot\u0103r\u00e2rii.<\/p>\n<p>Pe durata acestui termen, Clotilde Armand va trebui s\u0103 respecte mai multe obliga\u021bii, inclusiv s\u0103 se prezinte la Serviciul de Proba\u021biune Bucure\u0219ti la datele stabilite, s\u0103 permit\u0103 vizitele consilierului de proba\u021biune \u0219i s\u0103 anun\u021be schimbarea locuin\u021bei sau deplas\u0103rile mai lungi de cinci zile.<\/p>\n<p>De asemenea, fostul edil trebuie s\u0103 comunice schimbarea locului de munc\u0103 \u0219i informa\u021biile necesare pentru verificarea mijloacelor sale de existen\u021b\u0103.<\/p>\n<p>Judec\u0103torii au dispus \u0219i confiscarea sumei de 18.720 de lei. \u00cen plus, Clotilde Armand a fost obligat\u0103 la plata a 2.000 de lei reprezent\u00e2nd cheltuieli judiciare.<\/p>\n<p>Instan\u021ba a stabilit, totodat\u0103, interzicerea dreptului de a fi aleas\u0103 \u00een autorit\u0103\u021bile publice sau \u00een alte func\u021bii publice \u0219i a dreptului de a ocupa o func\u021bie care implic\u0103 exercitarea autorit\u0103\u021bii de stat, pentru o perioad\u0103 de trei ani. Potrivit hot\u0103r\u00e2rii, aceast\u0103 pedeaps\u0103 complementar\u0103 va fi executat\u0103 dac\u0103 am\u00e2narea aplic\u0103rii pedepsei principale va fi anulat\u0103 sau revocat\u0103.<\/p>\n<p>Hot\u0103r\u00e2rea poate fi atacat\u0103 cu apel \u00een termen de 10 zile de la comunicarea copiei sentin\u021bei.<\/p>\n<h3><strong>Clotilde Armand: \u201eVom ataca \u00een apel\u201d<\/strong><\/h3>\n<p>La scurt timp dup\u0103 pronun\u021barea hot\u0103r\u00e2rii, Clotilde Armand a transmis c\u0103 va contesta decizia \u0219i a insistat asupra faptului c\u0103 aceasta nu este definitiv\u0103.<\/p>\n<blockquote>\n<p>\u201eAm sus\u021binut de la \u00eenceput c\u0103 am ac\u021bionat legal, cu bun\u0103-credin\u021b\u0103 \u0219i f\u0103r\u0103 s\u0103 urm\u0103resc ob\u021binerea vreunui folos necuvenit. Voi lupta p\u00e2n\u0103 la cap\u0103t\u201d, a transmis fostul primar al Sectorului 1.<\/p>\n<\/blockquote>\n<div class=\"fbShareLikeTwitterAndEmailContainer\">\n<div class=\"wrapper\">\n<div class=\"email\">\n<div id=\"mailto-pop\" class=\"pop-form pop-form-mailto\">\n<div class=\"pop-form-header\">\n<h4>Trimite articolul<\/h4>\n<p><a class=\"pop-form-close\">X<\/a><\/div>\n<\/div>\n<\/div>\n<\/div>\n<\/div>\n<div class=\"tagsContainer\">\n<div class=\"tagsLabel\">Taguri:<\/div>\n<div class=\"tags\">\n<div class=\"tag\"><a href=\"https:\/\/www.tion.ro\/cimke\/bucuresti\" rel=\"tag\"><span class=\"link\">bucuresti<\/span><span class=\"separator\">,<\/span><\/a><\/div>\n<div class=\"tag\"><a href=\"https:\/\/www.tion.ro\/cimke\/clotilde-armand\" rel=\"tag\"><span class=\"link\">clotilde armand<\/span><\/a><\/div>\n<\/div>\n<\/div>\n<div class=\"comments\">\n<div class=\"top\">\n<div class=\"commentsNumber\"><span class=\"number\">0<\/span><span class=\"text\">Comentarii<\/span><\/div>\n<\/div>\n<div class=\"center\">\n<div id=\"respond\" class=\"comment-respond\">\n<h3 id=\"reply-title\" class=\"comment-reply-title\"><small><a rel=\"nofollow\" id=\"cancel-comment-reply-link\" href=\"https:\/\/www.tion.ro\/romania\/clotilde-armand-condamnata-in-prima-instanta-la-un-an-de-inchisoare-cu-amanare-2344377\/#respond\">Cancel reply<\/a><\/small><\/h3>\n<p class=\"comment-notes\"><span id=\"email-notes\">Your email address will not be published.<\/span><span class=\"required-field-message\">Required fields are marked <span class=\"required\">*<\/span><\/span><\/p>\n<p class=\"commentFormComment\"><span id=\"commentFormCount\"><br \/>\n                            inca<br \/>\n                            <span id=\"countCommentText\">1000<\/span><br \/>\n                            caractere ramase<br \/>\n                        <\/span><\/p>\n<\/div>\n<\/div>\n<div class=\"bottom\">\n<p class=\"forumDisclaimerHuRo\">\n            Citi\u021bi principiile noastre de moderare <a href=\"https:\/\/www.tion.ro\/reguli-postare-comentarii\/\" target=\"_blank\">aici<\/a>!\n        <\/p>\n<\/div>\n<\/div>\n<\/div>\n<\/div>\n<\/article>\n<div class=\"entry-content clearfix\">\n<div class=\"enewsArticleContent\">\n<p>Conform Mediafax, instan\u021ba a re\u021binut patru acte materiale \u0219i a stabilit un termen de supraveghere de doi ani, care va \u00eencepe s\u0103 curg\u0103 de la data r\u0103m\u00e2nerii definitive a hot\u0103r\u00e2rii.<\/p>\n<p>Pe durata acestui termen, Clotilde Armand va trebui s\u0103 respecte mai multe obliga\u021bii, inclusiv s\u0103 se prezinte la Serviciul de Proba\u021biune Bucure\u0219ti la datele stabilite, s\u0103 permit\u0103 vizitele consilierului de proba\u021biune \u0219i s\u0103 anun\u021be schimbarea locuin\u021bei sau deplas\u0103rile mai lungi de cinci zile.<\/p>\n<p>De asemenea, fostul edil trebuie s\u0103 comunice schimbarea locului de munc\u0103 \u0219i informa\u021biile necesare pentru verificarea mijloacelor sale de existen\u021b\u0103.<\/p>\n<p>Judec\u0103torii au dispus \u0219i confiscarea sumei de 18.720 de lei. \u00cen plus, Clotilde Armand a fost obligat\u0103 la plata a 2.000 de lei reprezent\u00e2nd cheltuieli judiciare.<\/p>\n<p>Instan\u021ba a stabilit, totodat\u0103, interzicerea dreptului de a fi aleas\u0103 \u00een autorit\u0103\u021bile publice sau \u00een alte func\u021bii publice \u0219i a dreptului de a ocupa o func\u021bie care implic\u0103 exercitarea autorit\u0103\u021bii de stat, pentru o perioad\u0103 de trei ani. Potrivit hot\u0103r\u00e2rii, aceast\u0103 pedeaps\u0103 complementar\u0103 va fi executat\u0103 dac\u0103 am\u00e2narea aplic\u0103rii pedepsei principale va fi anulat\u0103 sau revocat\u0103.<\/p>\n<p>Hot\u0103r\u00e2rea poate fi atacat\u0103 cu apel \u00een termen de 10 zile de la comunicarea copiei sentin\u021bei.<\/p>\n<h3><strong>Clotilde Armand: \u201eVom ataca \u00een apel\u201d<\/strong><\/h3>\n<p>La scurt timp dup\u0103 pronun\u021barea hot\u0103r\u00e2rii, Clotilde Armand a transmis c\u0103 va contesta decizia \u0219i a insistat asupra faptului c\u0103 aceasta nu este definitiv\u0103.<\/p>\n<blockquote>\n<p>\u201eAm sus\u021binut de la \u00eenceput c\u0103 am ac\u021bionat legal, cu bun\u0103-credin\u021b\u0103 \u0219i f\u0103r\u0103 s\u0103 urm\u0103resc ob\u021binerea vreunui folos necuvenit. Voi lupta p\u00e2n\u0103 la cap\u0103t\u201d, a transmis fostul primar al Sectorului 1.<\/p>\n<\/blockquote>\n<div class=\"fbShareLikeTwitterAndEmailContainer\">\n<div class=\"wrapper\">\n<div class=\"email\">\n<div id=\"mailto-pop\" class=\"pop-form pop-form-mailto\">\n<div class=\"pop-form-header\">\n<h4>Trimite articolul<\/h4>\n<p><a class=\"pop-form-close\">X<\/a><\/div>\n<\/div>\n<\/div>\n<\/div>\n<\/div>\n<div class=\"tagsContainer\">\n<div class=\"tagsLabel\">Taguri:<\/div>\n<div class=\"tags\">\n<div class=\"tag\"><a href=\"https:\/\/www.tion.ro\/cimke\/bucuresti\" rel=\"tag\"><span class=\"link\">bucuresti<\/span><span class=\"separator\">,<\/span><\/a><\/div>\n<div class=\"tag\"><a href=\"https:\/\/www.tion.ro\/cimke\/clotilde-armand\" rel=\"tag\"><span class=\"link\">clotilde armand<\/span><\/a><\/div>\n<\/div>\n<\/div>\n<div class=\"comments\">\n<div class=\"top\">\n<div class=\"commentsNumber\"><span class=\"number\">0<\/span><span class=\"text\">Comentarii<\/span><\/div>\n<\/div>\n<div class=\"center\">\n<div id=\"respond\" class=\"comment-respond\">\n<h3 id=\"reply-title\" class=\"comment-reply-title\"><small><a rel=\"nofollow\" id=\"cancel-comment-reply-link\" href=\"https:\/\/www.tion.ro\/romania\/clotilde-armand-condamnata-in-prima-instanta-la-un-an-de-inchisoare-cu-amanare-2344377\/#respond\">Cancel reply<\/a><\/small><\/h3>\n<p class=\"comment-notes\"><span id=\"email-notes\">Your email address will not be published.<\/span><span class=\"required-field-message\">Required fields are marked <span class=\"required\">*<\/span><\/span><\/p>\n<p class=\"commentFormComment\"><span id=\"commentFormCount\"><br \/>\n                            inca<br \/>\n                            <span id=\"countCommentText\">1000<\/span><br \/>\n                            caractere ramase<br \/>\n                        <\/span><\/p>\n<\/div>\n<\/div>\n<div class=\"bottom\">\n<p class=\"forumDisclaimerHuRo\">\n            Citi\u021bi principiile noastre de moderare <a href=\"https:\/\/www.tion.ro\/reguli-postare-comentarii\/\" target=\"_blank\">aici<\/a>!\n        <\/p>\n<\/div>\n<\/div>\n<\/div>\n<\/div>\n<p>[analyse_source url=&#8221;https:\/\/www.tion.ro\/romania\/clotilde-armand-condamnata-in-prima-instanta-la-un-an-de-inchisoare-cu-amanare-2344377\/&#8221;]<\/p>\n","protected":false},"excerpt":{"rendered":"<p>[analyse_image type=&#8221;featured&#8221; src=&#8221;https:\/\/www.tion.ro\/wp-content\/uploads\/2022\/11\/+otf\/1200&#215;630\/zt__CekRpbEw1ZjpdbJ4bTU5PVF9WRVJZX1NFQ7cnjthbBHLT6OYDsTBqYWFe6UnAc3__O__gtHwiEjho9m1yrm3257RXrJPYZsaJxfUJEcROwZYLzPr4EV1LaVZ+A=\/7809736clotildearmand.jpg&#8221;] Conform Mediafax, instan\u021ba a re\u021binut patru acte materiale \u0219i a stabilit un termen de supraveghere de doi ani, care va \u00eencepe s\u0103 curg\u0103 de la data r\u0103m\u00e2nerii definitive a hot\u0103r\u00e2rii. Pe durata acestui termen, Clotilde Armand va trebui s\u0103 respecte mai multe obliga\u021bii, inclusiv s\u0103 se prezinte la Serviciul de Proba\u021biune Bucure\u0219ti [&hellip;]<\/p>\n","protected":false},"author":1,"featured_media":0,"comment_status":"open","ping_status":"","sticky":false,"template":"","format":"standard","meta":{"footnotes":""},"categories":[89],"tags":[226,191],"class_list":["post-2120775","post","type-post","status-publish","format-standard","hentry","category-romania","tag-crawlmanager","tag-tion-ro"],"_links":{"self":[{"href":"https:\/\/analyse.optim.biz\/index.php?rest_route=\/wp\/v2\/posts\/2120775","targetHints":{"allow":["GET"]}}],"collection":[{"href":"https:\/\/analyse.optim.biz\/index.php?rest_route=\/wp\/v2\/posts"}],"about":[{"href":"https:\/\/analyse.optim.biz\/index.php?rest_route=\/wp\/v2\/types\/post"}],"author":[{"embeddable":true,"href":"https:\/\/analyse.optim.biz\/index.php?rest_route=\/wp\/v2\/users\/1"}],"replies":[{"embeddable":true,"href":"https:\/\/analyse.optim.biz\/index.php?rest_route=%2Fwp%2Fv2%2Fcomments&post=2120775"}],"version-history":[{"count":0,"href":"https:\/\/analyse.optim.biz\/index.php?rest_route=\/wp\/v2\/posts\/2120775\/revisions"}],"wp:attachment":[{"href":"https:\/\/analyse.optim.biz\/index.php?rest_route=%2Fwp%2Fv2%2Fmedia&parent=2120775"}],"wp:term":[{"taxonomy":"category","embeddable":true,"href":"https:\/\/analyse.optim.biz\/index.php?rest_route=%2Fwp%2Fv2%2Fcategories&post=2120775"},{"taxonomy":"post_tag","embeddable":true,"href":"https:\/\/analyse.optim.biz\/index.php?rest_route=%2Fwp%2Fv2%2Ftags&post=2120775"}],"curies":[{"name":"wp","href":"https:\/\/api.w.org\/{rel}","templated":true}]}}