{"id":2120773,"date":"2026-08-28T12:29:38","date_gmt":"2026-08-28T09:29:38","guid":{"rendered":"https:\/\/analyse.optim.biz\/?p=2120773"},"modified":"2026-08-28T12:29:38","modified_gmt":"2026-08-28T09:29:38","slug":"fara-apa-la-robinete-in-balint-si-targoviste","status":"publish","type":"post","link":"https:\/\/analyse.optim.biz\/?p=2120773","title":{"rendered":"F\u0103r\u0103 ap\u0103 la robinete \u00een Balin\u021b \u0219i T\u00e2rgovi\u0219te"},"content":{"rendered":"<p>[analyse_image type=&#8221;featured&#8221; src=&#8221;&#8221;]<\/p>\n<div class=\"entry-content\">\n<p class=\"has-text-align-justify has-text-align-justify\">Luni, 31 august, \u00eentre orele 8:00\u00a0\u2013\u00a016:00, \u00een\u00a0localit\u0103\u021bile\u00a0Balin\u021b \u0219i T\u00e2rgovi\u0219te, presiunea apei va fi sc\u0103zut\u0103, urm\u00e2nd ca furnizarea apei s\u0103 fie \u00eentrerupt\u0103 temporar, pentru efectuarea lucr\u0103rilor de sp\u0103lare a re\u021belelor de distribu\u021bie \u0219i a rezervorului\u00a0de \u00eenmagazinare.<\/p>\n<p class=\"has-text-align-justify has-text-align-justify\">Lucr\u0103rile de sp\u0103lare urm\u0103resc s\u0103 asigure o calitate corespunz\u0103toare a apei potabile \u0219i sunt o parte a activit\u0103\u021bii desf\u0103\u0219urate de Aquatim \u00een cadrul mentenan\u021bei preventive a re\u021belelor de distribu\u021bie.<\/p>\n<p class=\"has-text-align-justify has-text-align-justify\">La reluarea aliment\u0103rii cu ap\u0103 \u00een regim normal este posibil ca la robinete s\u0103 curg\u0103 ap\u0103 tulbure. Deoarece aceast\u0103 perturbare va fi de scurt\u0103 durat\u0103, recomand\u0103m clien\u021bilor s\u0103 nu foloseasc\u0103 apa \u00een scopuri menajere, p\u00e2n\u0103 la limpezirea complet\u0103.\u00a0<\/p>\n<div class=\"social-sharing ss-social-sharing\"><a rel=\"external nofollow\" class=\"ss-button-facebook\" href=\"http:\/\/www.facebook.com\/sharer\/sharer.php?u=https%3A%2F%2Fwww.observatordetimis.ro%2F2026%2F08%2F28%2Ffara-apa-la-robinete-in-balint-si-targoviste%2F\" target=\"_blank\">Share on Facebook<\/a><a rel=\"external nofollow\" class=\"ss-button-twitter\" href=\"http:\/\/twitter.com\/intent\/tweet\/?text=F%C4%83r%C4%83+ap%C4%83+la+robinete+%C3%AEn+Balin%C8%9B+%C8%99i+T%C3%A2rgovi%C8%99te&amp;url=https%3A%2F%2Fwww.observatordetimis.ro%2F2026%2F08%2F28%2Ffara-apa-la-robinete-in-balint-si-targoviste%2F\" target=\"_blank\">Share on Twitter<\/a><a rel=\"external nofollow\" class=\"ss-button-linkedin\" href=\"http:\/\/www.linkedin.com\/shareArticle?mini=true&amp;url=https%3A%2F%2Fwww.observatordetimis.ro%2F2026%2F08%2F28%2Ffara-apa-la-robinete-in-balint-si-targoviste%2F&amp;title=F%C4%83r%C4%83+ap%C4%83+la+robinete+%C3%AEn+Balin%C8%9B+%C8%99i+T%C3%A2rgovi%C8%99te\" target=\"_blank\">Share on Linkedin<\/a><\/div>\n<div class=\"relpost-thumb-wrapper\">\n<div class=\"relpost-thumb-container\">\n<h3>Cite\u0219te \u0219i:<\/h3>\n<div class=\"relpost-block-container relpost-block-column-layout\"><a href=\"https:\/\/www.observatordetimis.ro\/2025\/07\/30\/orasul-gataia-ramane-fara-apa\/\" class=\"relpost-block-single\"><\/p>\n<div class=\"relpost-custom-block-single\">\n<div class=\"relpost-block-single-text\">\n<h3 class=\"relpost_card_title\">Ora\u0219ul G\u0103taia r\u0103m\u00e2ne f\u0103r\u0103 ap\u0103<\/h3>\n<\/div>\n<\/div>\n<p><\/a><a href=\"https:\/\/www.observatordetimis.ro\/2026\/03\/20\/aquatim-obtine-reinnoirea-licentei-de-operare-clasa-i-pentru-inca-5-ani\/\" class=\"relpost-block-single\"><\/p>\n<div class=\"relpost-custom-block-single\">\n<div class=\"relpost-block-single-text\">\n<h3 class=\"relpost_card_title\">Aquatim ob\u021bine re\u00eennoirea licen\u021bei de operare clasa I pentru \u00eenc\u0103 5 ani<\/h3>\n<\/div>\n<\/div>\n<p><\/a><a href=\"https:\/\/www.observatordetimis.ro\/2026\/05\/26\/fara-apa-la-robinete-in-boldur\/\" class=\"relpost-block-single\"><\/p>\n<div class=\"relpost-custom-block-single\">\n<div class=\"relpost-block-single-text\">\n<h3 class=\"relpost_card_title\">F\u0103r\u0103 ap\u0103 la robinete \u00een Boldur<\/h3>\n<\/div>\n<\/div>\n<p><\/a><a href=\"https:\/\/www.observatordetimis.ro\/2026\/03\/18\/se-opreste-apa-la-robinete-in-lugojul-german\/\" class=\"relpost-block-single\"><\/p>\n<div class=\"relpost-custom-block-single\">\n<div class=\"relpost-block-single-text\">\n<h3 class=\"relpost_card_title\">Se opre\u0219te apa la robinete \u00een Lugojul German<\/h3>\n<\/div>\n<\/div>\n<p><\/a><a href=\"https:\/\/www.observatordetimis.ro\/2026\/03\/23\/restrictii-la-apa-in-timis-lucrari-aquatim-afecteaza-mai-multe-localitati-si-zone-din-lugoj\/\" class=\"relpost-block-single\"><\/p>\n<div class=\"relpost-custom-block-single\">\n<div class=\"relpost-block-single-text\">\n<h3 class=\"relpost_card_title\">Restric\u021bii la ap\u0103 \u00een Timi\u0219: lucr\u0103ri Aquatim afecteaz\u0103 mai multe localit\u0103\u021bi \u0219i zone din Lugoj<\/h3>\n<\/div>\n<\/div>\n<p><\/a><a href=\"https:\/\/www.observatordetimis.ro\/2025\/12\/24\/acces-auto-in-zona-cetate-avizele-sunt-prelungite-automat-pana-la-31-ianuarie-2026\/\" class=\"relpost-block-single\"><\/p>\n<div class=\"relpost-custom-block-single\">\n<div class=\"relpost-block-single-text\">\n<h3 class=\"relpost_card_title\">Acces auto \u00een zona Cetate: avizele sunt prelungite automat p\u00e2n\u0103 la 31 ianuarie 2026<\/h3>\n<\/div>\n<\/div>\n<p><\/a><\/div>\n<\/div>\n<\/div>\n<\/div>\n<p>[analyse_source url=&#8221;https:\/\/www.observatordetimis.ro\/2026\/08\/28\/fara-apa-la-robinete-in-balint-si-targoviste\/&#8221;]<\/p>\n","protected":false},"excerpt":{"rendered":"<p>[analyse_image type=&#8221;featured&#8221; src=&#8221;&#8221;] Luni, 31 august, \u00eentre orele 8:00\u00a0\u2013\u00a016:00, \u00een\u00a0localit\u0103\u021bile\u00a0Balin\u021b \u0219i T\u00e2rgovi\u0219te, presiunea apei va fi sc\u0103zut\u0103, urm\u00e2nd ca furnizarea apei s\u0103 fie \u00eentrerupt\u0103 temporar, pentru efectuarea lucr\u0103rilor de sp\u0103lare a re\u021belelor de distribu\u021bie \u0219i a rezervorului\u00a0de \u00eenmagazinare. Lucr\u0103rile de sp\u0103lare urm\u0103resc s\u0103 asigure o calitate corespunz\u0103toare a apei potabile \u0219i sunt o parte a [&hellip;]<\/p>\n","protected":false},"author":1,"featured_media":0,"comment_status":"open","ping_status":"","sticky":false,"template":"","format":"standard","meta":{"footnotes":""},"categories":[89],"tags":[226,186],"class_list":["post-2120773","post","type-post","status-publish","format-standard","hentry","category-romania","tag-crawlmanager","tag-observatordetimis-ro"],"_links":{"self":[{"href":"https:\/\/analyse.optim.biz\/index.php?rest_route=\/wp\/v2\/posts\/2120773","targetHints":{"allow":["GET"]}}],"collection":[{"href":"https:\/\/analyse.optim.biz\/index.php?rest_route=\/wp\/v2\/posts"}],"about":[{"href":"https:\/\/analyse.optim.biz\/index.php?rest_route=\/wp\/v2\/types\/post"}],"author":[{"embeddable":true,"href":"https:\/\/analyse.optim.biz\/index.php?rest_route=\/wp\/v2\/users\/1"}],"replies":[{"embeddable":true,"href":"https:\/\/analyse.optim.biz\/index.php?rest_route=%2Fwp%2Fv2%2Fcomments&post=2120773"}],"version-history":[{"count":0,"href":"https:\/\/analyse.optim.biz\/index.php?rest_route=\/wp\/v2\/posts\/2120773\/revisions"}],"wp:attachment":[{"href":"https:\/\/analyse.optim.biz\/index.php?rest_route=%2Fwp%2Fv2%2Fmedia&parent=2120773"}],"wp:term":[{"taxonomy":"category","embeddable":true,"href":"https:\/\/analyse.optim.biz\/index.php?rest_route=%2Fwp%2Fv2%2Fcategories&post=2120773"},{"taxonomy":"post_tag","embeddable":true,"href":"https:\/\/analyse.optim.biz\/index.php?rest_route=%2Fwp%2Fv2%2Ftags&post=2120773"}],"curies":[{"name":"wp","href":"https:\/\/api.w.org\/{rel}","templated":true}]}}