{"id":2120767,"date":"2026-08-31T18:22:58","date_gmt":"2026-08-31T15:22:58","guid":{"rendered":"https:\/\/analyse.optim.biz\/?p=2120767"},"modified":"2026-08-31T18:22:58","modified_gmt":"2026-08-31T15:22:58","slug":"decalog-la-asezarea-in-racla-a-cinstitului-brau-al-maicii-domnului","status":"publish","type":"post","link":"https:\/\/analyse.optim.biz\/?p=2120767","title":{"rendered":"Decalog la a\u0219ezarea \u00een racl\u0103 a cinstitului br\u00e2u al Maicii Domnului"},"content":{"rendered":"<p>[analyse_image type=&#8221;featured&#8221; src=&#8221;https:\/\/img.svnews.ro\/foto\/2026\/08\/31\/557165\/ddb2a6d9806373588dc5c8e38.jpg&#8221;]<\/p>\n<div class=\"entry\"><img loading=\"lazy\" decoding=\"async\" width=\"650\" height=\"325\" src=\"https:\/\/img.svnews.ro\/foto\/2026\/08\/31\/557165\/ddb2a6d9806373588dc5c8e3806500325.jpg\" alt><\/p>\n<div class=\"entry_content\">\n<p>La pr\u0103znuirea\u00a0a\u0219ez\u0103rii \u00een racl\u0103 a cinstitului br\u00e2u al Maicii Domnului, relicv\u0103 aflat\u0103 \u00een morm\u00e2ntul ei care atest\u0103 c\u0103 a fost ridicat\u0103 cu trupul la cer \u00cenaltpreasfin\u021bitul P\u0103rinte Calinic, Arhiepiscop al Sucevei \u0219i R\u0103d\u0103u\u021bilor, a alc\u0103tuit un\u00a0<em>Decalog<\/em>\u00a0\u00een care \u00eendeamn\u0103 la cinstirea N\u0103sc\u0103toarei de Dumnezeu, eviden\u021biind c\u00e2teva dintre tr\u0103s\u0103turile pentru care ea a fost aleas\u0103 de Dumnezeu \u0219i este pre\u021buit\u0103 de cei\u00a0care, cer\u00e2ndu-i cu credin\u0163\u0103 ajutorul, primesc m\u00e2ng\u00e2iere din partea Ap\u0103r\u0103toarei Doamne.<\/p>\n<p>1. Cinste\u0219te br\u00e2ul N\u0103sc\u0103toarei de Dumnezeu, cea care este punte \u00eentre cer \u0219i p\u0103m\u00e2nt, \u00eentre duhul cel ve\u0219nic \u0219i lutul sfin\u021bit.<\/p>\n<p>2. P\u0103streaz\u0103-\u021bi trupul \u00een cur\u0103\u021bie, precum Maica Domnului, \u0219i las\u0103 harul s\u0103-\u021bi acopere goliciunea inimii, dar nu cu uitarea de sine, ci cu trezvie plin\u0103 de lacrimi.<\/p>\n<p>3. Roag\u0103-te cu evlavie Fecioarei Maria, care nu este doar mijlocitoare, ci \u0219i ocrotitoare neadormit\u0103 a celor ce o cheam\u0103 cu credin\u021b\u0103.<\/p>\n<p>4. Caut\u0103 \u00een inima ta pustia tainic\u0103 \u00een care, asemenea Celei pline de har, s\u0103-L z\u0103misle\u0219ti duhovnice\u0219te pe Hristos prin credin\u021b\u0103, ascultare \u0219i rug\u0103ciune.<\/p>\n<p>5. \u00cenal\u021b\u0103 rug\u0103ciuni st\u0103ruitoare c\u0103tre St\u0103p\u00e2na cerurilor, mai ales \u00een vreme de \u00eencercare, pentru c\u0103 br\u00e2ul ei s-a ar\u0103tat vindec\u0103tor \u0219i d\u0103t\u0103tor de putere celor bolnavi \u0219i slabi.<\/p>\n<p>6. N\u0103d\u0103jduie\u0219te cu \u00eendr\u0103zneal\u0103 sf\u00e2nt\u0103 \u00een ajutorul Celei mai presus de \u00eengeri p\u00e2n\u0103 la ultima suflare, deoarece ea nu-i p\u0103r\u0103se\u0219te niciodat\u0103 pe cei care o cinstesc cu inima curat\u0103.<\/p>\n<p>7. \u00cencinge-\u021bi inima cu br\u00e2ul t\u0103cerii, c\u0103ci numai inima care tace \u00een fa\u021ba grijilor, a m\u00e2ndriei \u0219i a zgomotului propriei drept\u0103\u021bi este atins\u0103, \u00een chip nev\u0103zut, de harul dumnezeiesc, prin mijlocirea Ap\u0103r\u0103toarei Doamne.<\/p>\n<p>8. Str\u00e2nge-\u021bi sufletul \u00een jurul unui singur foc \u2013 Hristos \u2013, \u00eentruc\u00e2t sufletul risipit \u0219i egoist nu poate iubi, ci sf\u00e2r\u0219e\u0219te prin a nimici iubirea celuilalt.<\/p>\n<p>9. Nu te l\u0103sa orbit de br\u00e2iele de aur ale puterii, fiindc\u0103 Maica Domnului a fost \u00eemp\u0103r\u0103teas\u0103, \u00eens\u0103 adev\u0103rata ei regalitate s-a descoperit lumii abia c\u00e2nd harul a str\u0103lucit \u00eentr-\u00eensa prin smerenia ei.<\/p>\n<p>10. \u00cenve\u0219m\u00e2nteaz\u0103-\u021bi clipa cu ve\u0219nicia prin rug\u0103ciunea curat\u0103 c\u0103tre Cea care st\u0103 \u00een cer de-a dreapta Fiului ei, pentru c\u0103 ea este poarta prin care timpul devine Liturghie.<\/p>\n<p>\u00a0<\/p>\n<p><strong>\u2020\u00a0<\/strong><strong>Calinic<\/strong><strong>,<\/strong><\/p>\n<p><strong>Arhiepiscop al Sucevei \u0219i R\u0103d\u0103u\u021bilor<\/strong><\/p>\n<\/div>\n<div>\n<div>VN:F [1.9.22_1171]<\/div>\n<div class=\"ratingblock \">\n<div class=\"ratingstars \">\n<div id=\"article_loader_557165\" class=\"ratingloaderarticle\">\n<div class=\"loader arrows \">\n<div class=\"loaderinner\">se actualizeaz\u0103&#8230;<\/div>\n<\/div>\n<\/div>\n<\/div>\n<div class=\"ratingtext \">\n<div id=\"gdr_text_a557165\">Rating: 0.0\/<strong>10<\/strong> (0 votes cast)<\/div>\n<\/div>\n<\/div>\n<\/div>\n<\/div>\n<div class=\"entry_content\">\n<p>La pr\u0103znuirea\u00a0a\u0219ez\u0103rii \u00een racl\u0103 a cinstitului br\u00e2u al Maicii Domnului, relicv\u0103 aflat\u0103 \u00een morm\u00e2ntul ei care atest\u0103 c\u0103 a fost ridicat\u0103 cu trupul la cer \u00cenaltpreasfin\u021bitul P\u0103rinte Calinic, Arhiepiscop al Sucevei \u0219i R\u0103d\u0103u\u021bilor, a alc\u0103tuit un\u00a0<em>Decalog<\/em>\u00a0\u00een care \u00eendeamn\u0103 la cinstirea N\u0103sc\u0103toarei de Dumnezeu, eviden\u021biind c\u00e2teva dintre tr\u0103s\u0103turile pentru care ea a fost aleas\u0103 de Dumnezeu \u0219i este pre\u021buit\u0103 de cei\u00a0care, cer\u00e2ndu-i cu credin\u0163\u0103 ajutorul, primesc m\u00e2ng\u00e2iere din partea Ap\u0103r\u0103toarei Doamne.<\/p>\n<p>1. Cinste\u0219te br\u00e2ul N\u0103sc\u0103toarei de Dumnezeu, cea care este punte \u00eentre cer \u0219i p\u0103m\u00e2nt, \u00eentre duhul cel ve\u0219nic \u0219i lutul sfin\u021bit.<\/p>\n<p>2. P\u0103streaz\u0103-\u021bi trupul \u00een cur\u0103\u021bie, precum Maica Domnului, \u0219i las\u0103 harul s\u0103-\u021bi acopere goliciunea inimii, dar nu cu uitarea de sine, ci cu trezvie plin\u0103 de lacrimi.<\/p>\n<p>3. Roag\u0103-te cu evlavie Fecioarei Maria, care nu este doar mijlocitoare, ci \u0219i ocrotitoare neadormit\u0103 a celor ce o cheam\u0103 cu credin\u021b\u0103.<\/p>\n<p>4. Caut\u0103 \u00een inima ta pustia tainic\u0103 \u00een care, asemenea Celei pline de har, s\u0103-L z\u0103misle\u0219ti duhovnice\u0219te pe Hristos prin credin\u021b\u0103, ascultare \u0219i rug\u0103ciune.<\/p>\n<p>5. \u00cenal\u021b\u0103 rug\u0103ciuni st\u0103ruitoare c\u0103tre St\u0103p\u00e2na cerurilor, mai ales \u00een vreme de \u00eencercare, pentru c\u0103 br\u00e2ul ei s-a ar\u0103tat vindec\u0103tor \u0219i d\u0103t\u0103tor de putere celor bolnavi \u0219i slabi.<\/p>\n<p>6. N\u0103d\u0103jduie\u0219te cu \u00eendr\u0103zneal\u0103 sf\u00e2nt\u0103 \u00een ajutorul Celei mai presus de \u00eengeri p\u00e2n\u0103 la ultima suflare, deoarece ea nu-i p\u0103r\u0103se\u0219te niciodat\u0103 pe cei care o cinstesc cu inima curat\u0103.<\/p>\n<p>7. \u00cencinge-\u021bi inima cu br\u00e2ul t\u0103cerii, c\u0103ci numai inima care tace \u00een fa\u021ba grijilor, a m\u00e2ndriei \u0219i a zgomotului propriei drept\u0103\u021bi este atins\u0103, \u00een chip nev\u0103zut, de harul dumnezeiesc, prin mijlocirea Ap\u0103r\u0103toarei Doamne.<\/p>\n<p>8. Str\u00e2nge-\u021bi sufletul \u00een jurul unui singur foc \u2013 Hristos \u2013, \u00eentruc\u00e2t sufletul risipit \u0219i egoist nu poate iubi, ci sf\u00e2r\u0219e\u0219te prin a nimici iubirea celuilalt.<\/p>\n<p>9. Nu te l\u0103sa orbit de br\u00e2iele de aur ale puterii, fiindc\u0103 Maica Domnului a fost \u00eemp\u0103r\u0103teas\u0103, \u00eens\u0103 adev\u0103rata ei regalitate s-a descoperit lumii abia c\u00e2nd harul a str\u0103lucit \u00eentr-\u00eensa prin smerenia ei.<\/p>\n<p>10. \u00cenve\u0219m\u00e2nteaz\u0103-\u021bi clipa cu ve\u0219nicia prin rug\u0103ciunea curat\u0103 c\u0103tre Cea care st\u0103 \u00een cer de-a dreapta Fiului ei, pentru c\u0103 ea este poarta prin care timpul devine Liturghie.<\/p>\n<p>\u00a0<\/p>\n<p><strong>\u2020\u00a0<\/strong><strong>Calinic<\/strong><strong>,<\/strong><\/p>\n<p><strong>Arhiepiscop al Sucevei \u0219i R\u0103d\u0103u\u021bilor<\/strong><\/p>\n<\/div>\n<p>[analyse_source url=&#8221;https:\/\/www.svnews.ro\/decalog-la-asezarea-in-racla-a-cinstitului-brau-al-maicii-domnului\/557165\/&#8221;]<\/p>\n","protected":false},"excerpt":{"rendered":"<p>[analyse_image type=&#8221;featured&#8221; src=&#8221;https:\/\/img.svnews.ro\/foto\/2026\/08\/31\/557165\/ddb2a6d9806373588dc5c8e38.jpg&#8221;] La pr\u0103znuirea\u00a0a\u0219ez\u0103rii \u00een racl\u0103 a cinstitului br\u00e2u al Maicii Domnului, relicv\u0103 aflat\u0103 \u00een morm\u00e2ntul ei care atest\u0103 c\u0103 a fost ridicat\u0103 cu trupul la cer \u00cenaltpreasfin\u021bitul P\u0103rinte Calinic, Arhiepiscop al Sucevei \u0219i R\u0103d\u0103u\u021bilor, a alc\u0103tuit un\u00a0Decalog\u00a0\u00een care \u00eendeamn\u0103 la cinstirea N\u0103sc\u0103toarei de Dumnezeu, eviden\u021biind c\u00e2teva dintre tr\u0103s\u0103turile pentru care ea a fost [&hellip;]<\/p>\n","protected":false},"author":1,"featured_media":0,"comment_status":"open","ping_status":"","sticky":false,"template":"","format":"standard","meta":{"footnotes":""},"categories":[89],"tags":[226,175],"class_list":["post-2120767","post","type-post","status-publish","format-standard","hentry","category-romania","tag-crawlmanager","tag-svnews-ro"],"_links":{"self":[{"href":"https:\/\/analyse.optim.biz\/index.php?rest_route=\/wp\/v2\/posts\/2120767","targetHints":{"allow":["GET"]}}],"collection":[{"href":"https:\/\/analyse.optim.biz\/index.php?rest_route=\/wp\/v2\/posts"}],"about":[{"href":"https:\/\/analyse.optim.biz\/index.php?rest_route=\/wp\/v2\/types\/post"}],"author":[{"embeddable":true,"href":"https:\/\/analyse.optim.biz\/index.php?rest_route=\/wp\/v2\/users\/1"}],"replies":[{"embeddable":true,"href":"https:\/\/analyse.optim.biz\/index.php?rest_route=%2Fwp%2Fv2%2Fcomments&post=2120767"}],"version-history":[{"count":0,"href":"https:\/\/analyse.optim.biz\/index.php?rest_route=\/wp\/v2\/posts\/2120767\/revisions"}],"wp:attachment":[{"href":"https:\/\/analyse.optim.biz\/index.php?rest_route=%2Fwp%2Fv2%2Fmedia&parent=2120767"}],"wp:term":[{"taxonomy":"category","embeddable":true,"href":"https:\/\/analyse.optim.biz\/index.php?rest_route=%2Fwp%2Fv2%2Fcategories&post=2120767"},{"taxonomy":"post_tag","embeddable":true,"href":"https:\/\/analyse.optim.biz\/index.php?rest_route=%2Fwp%2Fv2%2Ftags&post=2120767"}],"curies":[{"name":"wp","href":"https:\/\/api.w.org\/{rel}","templated":true}]}}