{"id":2120765,"date":"2026-08-31T18:17:11","date_gmt":"2026-08-31T15:17:11","guid":{"rendered":"https:\/\/analyse.optim.biz\/?p=2120765"},"modified":"2026-08-31T18:17:11","modified_gmt":"2026-08-31T15:17:11","slug":"elly-ascolta-gli-amici-i-big-del-pd-sono-scesi-in-campo-cosi-pesantemente-per-scongiurare-le","status":"publish","type":"post","link":"https:\/\/analyse.optim.biz\/?p=2120765","title":{"rendered":"Elly, ascolta gli amici! \u2013 i big del pd sono scesi in campo cos\u00cc pesantemente per scongiurare le &#8230;"},"content":{"rendered":"<p>[analyse_image type=&#8221;featured&#8221; src=&#8221;https:\/\/static.dagospia.com\/img\/patch\/08-2026\/giuseppe-conte-elly-schlein-franceschini-bonaccini-nardella-2301098_600_q50.webp&#8221;]<\/p>\n<article>\n<div class=\"img-wrapper\"><img decoding=\"async\" src=\"https:\/\/static.dagospia.com\/img\/patch\/08-2026\/giuseppe-conte-elly-schlein-franceschini-bonaccini-nardella-2301098_600_q50.webp\" alt=\"giuseppe conte elly schlein franceschini bonaccini nardella\"><time class=\"data-ora\">31 ago 2026 20:17<\/time><\/div>\n<p>DAGOREPORT &#8211; <span>ELLY, ASCOLTA GLI AMICI!<\/span> I CAPOCCIONI E LE MEZZECALZE DEL PD, CHE SONO SCESI COS\u00cc PESANTEMENTE IN CAMPO PER SCONGIURARE LA JATTURA DELLE PRIMARIE, NON CE L&#8217;HANNO CON TE, LO FANNO PER SOLO PER IL TUO BENE &#8211; CERTO, TEMONO (A RAGIONE) ANCHE PER LA LORO SOPRAVVIVENZA PARLAMENTARE: <span>SE ELLY, COME PROBABILE, PERDESSE AI GAZEBO IL DUELLO CON CONTE, TRASCINEREBBE IL PARTITO NEL BARATRO <\/span>&#8211; \u00c8 PER QUESTO CHE DA QUALCHE SETTIMANA SONO PARTITI GLI AVVERTIMENTI VIA STAMPA, ANCHE DI ESPONENTI PD NON OSTILI ALLA SCHLEIN COME DARIO NARDELLA, DI FARE UN PASSO INDIETRO \u2013 <span>LA TRAGEDIA \u00c8 CHE L\u2019AMBIZIOSA DUCETTA DEL NAZARENO, NONOSTANTE I SONDAGGI HORROR, SI VEDE GI\u00c0 A PALAZZO CHIGI, VALUTANDOLI COME ATTACCHI ALLA SUA LEADERSHIP<\/span>: \u201cLE INTERVISTE SULLE PRIMARIE? SONO SOLO ESERCIZI INTELLETTUALI, ALLA FESTA DELL\u2019UNITA\u2019 PARLO IO\u201d &#8211; SE ELLY CONTINUA COS\u00cc, RISCHIA CHE LA SUA PROSSIMA OCCUPAZIONE SARA&#8217; DI BALLARE SUI CARRI DEL GAY PRIDE&#8230;<\/p>\n<div class=\"share-section\">\n                Condividi  questo articolo<\/p>\n<div class=\"socials\"><a href=\"http:\/\/www.facebook.com\/sharer.php?u=http:\/\/www.dagospia.com\/politica\/elly-ascolta-gli-amici-i-big-pd-scesi-in-campo-cosi-pesantemente-per-485354\" target=\"_blank\"><img decoding=\"async\" src=\"https:\/\/static.dagospia.com\/img\/icons\/facebook.svg\" alt=\"Condividi su Facebook\"><\/a><a href=\"http:\/\/www.twitter.com\/share?url=http:\/\/www.dagospia.com\/politica\/elly-ascolta-gli-amici-i-big-pd-scesi-in-campo-cosi-pesantemente-per-485354&amp;text=ELLY,%20ASCOLTA%20GLI%20AMICI!%20%E2%80%93%20I%20BIG%20DEL%20PD%20SONO%20SCESI%20IN%20CAMPO%20COS%C3%8C%20PESANTEMENTE%20PER%20SCONGIURARE%20LE%20...\" target=\"_blank\"><img decoding=\"async\" src=\"https:\/\/static.dagospia.com\/img\/icons\/x-icon.png\" alt=\"Condividi su X\"><\/a><a href=\"\/\/www.dagospia.com\/politica\/elly-ascolta-gli-amici-i-big-pd-scesi-in-campo-cosi-pesantemente-per-485354\" target=\"_blank\"><img decoding=\"async\" src=\"https:\/\/static.dagospia.com\/img\/icons\/whatsapp.svg\" alt=\"Condividi su Whatsapp\"><\/a><a href=\"mailto:?body=http:\/\/www.dagospia.com\/politica\/elly-ascolta-gli-amici-i-big-pd-scesi-in-campo-cosi-pesantemente-per-485354\" target=\"_blank\"><img decoding=\"async\" src=\"https:\/\/static.dagospia.com\/img\/icons\/mail.svg\" alt=\"Invia in email\"><\/a><\/div>\n<\/div>\n<div class=\"content\">\n<p class=\"disable\"><strong>DAGOREPORT<\/strong><\/p>\n<p><a href=\"https:\/\/www.dagospia.com\/media-gallery\/dago-fotogallery-521781\/2297031\" class=\"float-right img-wrapper\"><img decoding=\"async\" id=\"2297031\" loading=\"lazy\" src=\"https:\/\/static.dagospia.com\/img\/foto\/08-2026\/elly-schlein-2297031_800_q50.webp\"><span class=\"img-title\">Elly Schlein <\/span><\/a><\/p>\n<p class=\"disable\">C\u2019\u00e8 un grosso equivoco intorno al dibattito contro le primarie dei capicorrente e dei capoccioni del PD, deflagrato nelle ultime settimane sule pagine di tutti i quotidiani, che invitano Elly Schlein, a riflettere sui possibili contraccolpi negativi della sfida ai gazebo contro Giuseppe Conte.<\/p>\n<p class=\"disable\">\u00a0<\/p>\n<p class=\"disable\">Ragionamento in breve: se perde Schlein, l\u2019elettore del Pd non vota Conte, ma se perde Conte, l\u2019elettore del M5s non vota Schlein. E la Meloni ce la teniamo per altri vent&#8217;anni&#8230;<\/p>\n<p class=\"disable\">\u00a0<\/p>\n<p class=\"disable\">Da Roberto Speranza a Dario Franceschini, fino a Michele Pascale e Stefano Bonaccini, ivi compresi i gemelli Fratoianni &amp; Bonelli, a cui si sono aggiunti le &#8220;teste d&#8217;uovo&#8221; di Michele Serra e Francesco Piccolo e Corrado Augias, c\u2019\u00e8 stata una rincorsa ad agitare crocifisso pi\u00f9 aglio per scongiurare il vampirismo demoniaco dei gazebo.<\/p>\n<p class=\"imgLeft\"><a href=\"https:\/\/www.dagospia.com\/media-gallery\/dago-fotogallery-521781\/1745878\" class=\"float-left img-wrapper\"><img decoding=\"async\" id=\"1745878\" loading=\"lazy\" src=\"https:\/\/static.dagospia.com\/img\/foto\/11-2022\/nardella-franceschini-1745878_800_q50.webp\"><span class=\"img-title\">nardella franceschini<\/span><\/a><\/p>\n<p class=\"disable\">\u00a0<\/p>\n<p class=\"disable\">Appelli e dichiarazione e preghiere che in molti, in primis la Ducetta del Nazareno, hanno interpretato come una sconfessione pubblica della leadership della segretaria con tre passaporti e una fidanzata. Indossato l&#8217;eskimo ha sibilato, velenosissima: \u201cLe interviste sulle primarie? Sono solo esercizi intellettuali, alla festa dell\u2019Unita\u2019 parlo io\u2026\u201d<\/p>\n<p class=\"disable\">\u00a0<\/p>\n<p class=\"disable\">La verit\u00e0 \u00e8 che le tante, troppe anime del Partito Democratico sono finalmente arrivate al punto che se Elly perde alle primarie (come probabile), si chiude baracca e andiamo tutti a scopare il mare.<\/p>\n<p><a href=\"https:\/\/www.dagospia.com\/media-gallery\/dago-fotogallery-521781\/2301085\" class=\"float-right img-wrapper\"><img decoding=\"async\" id=\"2301085\" loading=\"lazy\" src=\"https:\/\/static.dagospia.com\/img\/foto\/08-2026\/conte-schlein-2301085_800_q50.webp\"><span class=\"img-title\">conte schlein<\/span><\/a><\/p>\n<p class=\"disable\">\u00a0<\/p>\n<p class=\"disable\">Una fine spaventosa che ha costretto anche un esponente non ostile alla segretaria, come Dario Nardella, ad arrivare a dire che \u201cle primarie ci indeboliscono e fanno il gioco di Meloni\u201d.<\/p>\n<p class=\"disable\">\u00a0<\/p>\n<p class=\"disable\">Forse \u00e8 giunto il &#8221;tragic moment&#8221; che la Ducetta del Nazareno faccia una riflessione pi\u00f9 approfondita. Altrimenti rischia davvero che la sua prossima occupaziona sar\u00e0 di tornare a ballare sui carri del Gay Pride&#8230;\u00a0<\/p>\n<p class=\"disable\">\u00a0<\/p>\n<p class=\"disable\"><strong>PD, IL \u00abDIBATTITO\u00bb NELL\u2019AREA CATTOLICA DELRIO: NON SIAMO I CUSTODI DELL\u2019ALLEANZA<\/strong><\/p>\n<p class=\"disable\"><strong>Estratto dell\u2019articolo di Claudio Bozza per il<a href=\"http:\/\/www.corriere.it\" target=\"_blank\"> \u201cCorriere della Sera\u201d<\/a><\/strong><\/p>\n<p class=\"disable\">\u00a0<\/p>\n<p class=\"disable\">Ridurli a \u00abtormenti\u00bb o \u00abmal di pancia\u00bb politici sarebbe una semplificazione errata. Ma tra i cattolici del Pd c\u2019\u00e8 fermento. C\u2019\u00e8 chi critica apertamente la linea di Elly Schlein, chi usa toni meno aspri e chi invece imbocca una sorta di \u00abterza via\u00bb.<\/p>\n<p class=\"disable\">\u00a0<\/p>\n<p class=\"imgLeft\"><a href=\"https:\/\/www.dagospia.com\/media-gallery\/dago-fotogallery-521781\/2264161\" class=\"float-right img-wrapper\"><img decoding=\"async\" id=\"2264161\" loading=\"lazy\" src=\"https:\/\/static.dagospia.com\/img\/foto\/05-2026\/graziano-delrio-convegno-comunita-democratica-foto-lapresse-2264161_800_q50.webp\"><span class=\"img-title\">graziano delrio convegno comunita democratica foto lapresse<\/span><\/a><\/p>\n<p class=\"disable\">Graziano Delrio, ex ministro, riformista della minoranza del partito, non nasconde il suo malessere. Prima ricorda che \u00abla tradizione cattolico-democratica \u00e8 quella che ha tenuto insieme le istituzioni del Paese\u00bb e poi esterna il suo \u00abdisagio in un dibattito cos\u00ec polarizzato: dalla politica estera a quella interna\u00bb.<\/p>\n<p class=\"disable\">\u00a0<\/p>\n<p class=\"disable\">Un esempio? \u00abQuando si parla di Medio Oriente si deve parlare non solo della sacrosanta causa palestinese, che sostengo da decenni, ma anche di Paesi arabi moderati, di aiuto al Libano in un passaggio storico, di pace nella convivenza con Israele\u00bb.<\/p>\n<p class=\"disable\">\u00a0<\/p>\n<p><a href=\"https:\/\/www.dagospia.com\/media-gallery\/dago-fotogallery-521781\/2289717\" class=\"float-left img-wrapper\"><img decoding=\"async\" id=\"2289717\" loading=\"lazy\" src=\"https:\/\/static.dagospia.com\/img\/foto\/07-2026\/elly-schlein-2289717_800_q50.webp\"><span class=\"img-title\">Elly Schlein<\/span><\/a><\/p>\n<p class=\"disable\">Nonostante sia un esponente di minoranza, Delrio difende poi la \u00ablegittimit\u00e0 a correre di Schlein\u00bb alle possibili primarie contro Giuseppe Conte: \u00abMa il Pd deve fare il Pd e non solo il custode del Campo largo\u00bb.<\/p>\n<p class=\"disable\">\u00a0<\/p>\n<p class=\"disable\">Poi precisa: \u00abSbaglia chi pensa di provare a convincere la segretaria a ritirarsi da questa sfida, che per\u00f2 deve servire a trovare chi \u00e8 pi\u00f9 adatto a unire le forze per battere Giorgia Meloni\u00bb. E per questo, tornando a parlare da cattolico pragmatico, rilancia: \u00abServe un confronto immediato su immigrazione, per proporre al Paese una revisione Bossi-Fini \u2014 riflette il senatore Delrio \u2014. Cosa vogliamo fare sulla sicurezza?<\/p>\n<p><a href=\"https:\/\/www.dagospia.com\/media-gallery\/dago-fotogallery-521781\/2287544\" class=\"float-right img-wrapper\"><img decoding=\"async\" id=\"2287544\" loading=\"lazy\" src=\"https:\/\/static.dagospia.com\/img\/foto\/07-2026\/elly-schlein-e-giuseppe-conte-video-dell-account-robertus-vannaccius-2287544_800_q50.webp\"><span class=\"img-title\">elly schlein e giuseppe conte video dell account robertus vannaccius<\/span><\/a><\/p>\n<p class=\"disable\">\u00a0<\/p>\n<p class=\"disable\">C\u2019\u00e8 Franco Gabrielli, ad esempio, che fa proposte credibili, di governo e non di propaganda. E poi: cosa proponiamo agli elettori su politiche che tengano insieme produzione industriale e transizione energetica?\u00bb.<\/p>\n<p class=\"imgRight\">\u00a0<\/p>\n<p class=\"disable\">\u00a0<\/p>\n<p class=\"disable\">In questo viaggio tra i catto-dem va poi annotata la riflessione di Alfredo Bazoli, bisnipote di Luigi, tra i fondatori del Partito popolare di don Sturzo. \u00abNon so dire con certezza se nel Pd ci sia un disagio reale e diffuso \u2014 spiega il senatore \u2014. Talvolta si ha per\u00f2 la sensazione che si assumano posizioni non molto coerenti con la natura plurale del partito.<\/p>\n<p class=\"disable\">\u00a0<\/p>\n<p class=\"disable\">Spesso rilevo posizioni massimaliste, che puntano a polarizzare lo scontro, cio\u00e8 il contrario della cultura cattolica-democratica\u00bb. Un esempio? \u00abSui vari conflitti nel mondo \u2014 dalla Palestina alle valutazioni su Israele, inclusa la guerra in Ucraina \u2014 emergono posizioni che puntano a soddisfare una certa pancia del partito, piuttosto che a salvaguardare lo stato di diritto e il diritto internazionale\u00bb.<\/p>\n<p class=\"disable\">\u00a0<\/p>\n<p><a href=\"https:\/\/www.dagospia.com\/media-gallery\/dago-fotogallery-521781\/1890734\" class=\"float-left img-wrapper\"><img decoding=\"async\" id=\"1890734\" loading=\"lazy\" src=\"https:\/\/static.dagospia.com\/img\/foto\/09-2023\/alfredo-bazoli-1890734_800_q50.webp\"><span class=\"img-title\">alfredo bazoli<\/span><\/a><\/p>\n<p class=\"disable\">E poi: \u00abA volte vedo il rischio di cambiare il dna di una certa tradizione politica, la nostra del Pd, privilegiando quella del Pci, piuttosto che una linea pi\u00f9 plurale. Va recuperata la nostra natura\u00bb. Bazoli cita poi un esempio virtuoso: \u00abLa proposta di legge del Pd sul fine vita ha sortito ottimi risultati, perch\u00e9 l\u2019approccio \u00e8 stato davvero democratico e unitario: per questo siamo arrivati a un testo condiviso, facendo sintesi e offrendo risposte concrete ai cittadini\u00bb. [&#8230;]<\/p>\n<p class=\"disable\">\u00a0<\/p>\n<p><a href=\"https:\/\/www.dagospia.com\/media-gallery\/dago-fotogallery-521781\/2264162\" class=\"float-right img-wrapper\"><img decoding=\"async\" id=\"2264162\" loading=\"lazy\" src=\"https:\/\/static.dagospia.com\/img\/foto\/05-2026\/graziano-delrio-convegno-comunita-democratica-foto-lapresse-2264162_800_q50.webp\"><span class=\"img-title\">graziano delrio convegno comunita democratica foto lapresse<\/span><\/a><\/p>\n<p><a href=\"https:\/\/www.dagospia.com\/media-gallery\/dago-fotogallery-521781\/539692\" class=\"float-right img-wrapper\"><img decoding=\"async\" id=\"539692\" loading=\"lazy\" src=\"https:\/\/static.dagospia.com\/img\/foto\/03-2014\/parlamentari-messa-papa-316682_800_q50.webp\"><span class=\"img-title\">PARLAMENTARI A MESSA DAL PAPA FOTO DI ALFREDO BAZOLI DEL PD <\/span><\/a><\/p>\n<p><a href=\"https:\/\/www.dagospia.com\/media-gallery\/dago-fotogallery-521781\/2046865\" class=\"float-left img-wrapper\"><img decoding=\"async\" id=\"2046865\" loading=\"lazy\" src=\"https:\/\/static.dagospia.com\/img\/foto\/10-2024\/dario-franceschini-elly-schlein-2046865_800_q50.webp\"><span class=\"img-title\">DARIO FRANCESCHINI &#8211; ELLY SCHLEIN <\/span><\/a><a href=\"https:\/\/www.dagospia.com\/media-gallery\/dago-fotogallery-521781\/2109578\" class=\"float-left img-wrapper\"><img decoding=\"async\" id=\"2109578\" loading=\"lazy\" src=\"https:\/\/static.dagospia.com\/img\/foto\/03-2025\/la-galassia-delle-correnti-del-pd-2109578_800_q50.webp\"><span class=\"img-title\">LA GALASSIA DELLE CORRENTI DEL PD <\/span><\/a><\/p>\n<p><a href=\"https:\/\/www.dagospia.com\/media-gallery\/dago-fotogallery-521781\/2288974\" class=\"float-right img-wrapper\"><img decoding=\"async\" id=\"2288974\" loading=\"lazy\" src=\"https:\/\/static.dagospia.com\/img\/foto\/07-2026\/elly-schlein-23-2288974_800_q50.webp\"><span class=\"img-title\">Elly Schlein 23<\/span><\/a><\/p>\n<\/div>\n<div class=\"share-section\">\n                Condividi  questo articolo<\/p>\n<div class=\"socials\"><a href=\"https:\/\/www.dagospia.com\/elly-ascolta-gli-amici-i-big-pd-scesi-in-campo-cosi-pesantemente-per-485354\"><img decoding=\"async\" src=\"https:\/\/static.dagospia.com\/img\/icons\/facebook.svg\" alt=\"Condividi su Facebook\"><\/a><a href=\"https:\/\/www.dagospia.com\/elly-ascolta-gli-amici-i-big-pd-scesi-in-campo-cosi-pesantemente-per-485354\"><img decoding=\"async\" src=\"https:\/\/static.dagospia.com\/img\/icons\/x-icon.png\" alt=\"Condividi su X\"><\/a><a href=\"https:\/\/www.dagospia.com\/elly-ascolta-gli-amici-i-big-pd-scesi-in-campo-cosi-pesantemente-per-485354\"><img decoding=\"async\" src=\"https:\/\/static.dagospia.com\/img\/icons\/whatsapp.svg\" alt=\"Condividi su Whatsapp\"><\/a><a href=\"https:\/\/www.dagospia.com\/elly-ascolta-gli-amici-i-big-pd-scesi-in-campo-cosi-pesantemente-per-485354\"><img decoding=\"async\" src=\"https:\/\/static.dagospia.com\/img\/icons\/mail.svg\" alt=\"Invia in email\"><\/a><\/div>\n<\/div>\n<\/article>\n<div class=\"content\">\n<p class=\"disable\"><strong>DAGOREPORT<\/strong><\/p>\n<p><a href=\"https:\/\/www.dagospia.com\/media-gallery\/dago-fotogallery-521781\/2297031\" class=\"float-right img-wrapper\"><img decoding=\"async\" id=\"2297031\" loading=\"lazy\" src=\"https:\/\/static.dagospia.com\/img\/foto\/08-2026\/elly-schlein-2297031_800_q50.webp\"><span class=\"img-title\">Elly Schlein <\/span><\/a><\/p>\n<p class=\"disable\">C\u2019\u00e8 un grosso equivoco intorno al dibattito contro le primarie dei capicorrente e dei capoccioni del PD, deflagrato nelle ultime settimane sule pagine di tutti i quotidiani, che invitano Elly Schlein, a riflettere sui possibili contraccolpi negativi della sfida ai gazebo contro Giuseppe Conte.<\/p>\n<p class=\"disable\">\u00a0<\/p>\n<p class=\"disable\">Ragionamento in breve: se perde Schlein, l\u2019elettore del Pd non vota Conte, ma se perde Conte, l\u2019elettore del M5s non vota Schlein. E la Meloni ce la teniamo per altri vent&#8217;anni&#8230;<\/p>\n<p class=\"disable\">\u00a0<\/p>\n<p class=\"disable\">Da Roberto Speranza a Dario Franceschini, fino a Michele Pascale e Stefano Bonaccini, ivi compresi i gemelli Fratoianni &amp; Bonelli, a cui si sono aggiunti le &#8220;teste d&#8217;uovo&#8221; di Michele Serra e Francesco Piccolo e Corrado Augias, c\u2019\u00e8 stata una rincorsa ad agitare crocifisso pi\u00f9 aglio per scongiurare il vampirismo demoniaco dei gazebo.<\/p>\n<p class=\"imgLeft\"><a href=\"https:\/\/www.dagospia.com\/media-gallery\/dago-fotogallery-521781\/1745878\" class=\"float-left img-wrapper\"><img decoding=\"async\" id=\"1745878\" loading=\"lazy\" src=\"https:\/\/static.dagospia.com\/img\/foto\/11-2022\/nardella-franceschini-1745878_800_q50.webp\"><span class=\"img-title\">nardella franceschini<\/span><\/a><\/p>\n<p class=\"disable\">\u00a0<\/p>\n<p class=\"disable\">Appelli e dichiarazione e preghiere che in molti, in primis la Ducetta del Nazareno, hanno interpretato come una sconfessione pubblica della leadership della segretaria con tre passaporti e una fidanzata. Indossato l&#8217;eskimo ha sibilato, velenosissima: \u201cLe interviste sulle primarie? Sono solo esercizi intellettuali, alla festa dell\u2019Unita\u2019 parlo io\u2026\u201d<\/p>\n<p class=\"disable\">\u00a0<\/p>\n<p class=\"disable\">La verit\u00e0 \u00e8 che le tante, troppe anime del Partito Democratico sono finalmente arrivate al punto che se Elly perde alle primarie (come probabile), si chiude baracca e andiamo tutti a scopare il mare.<\/p>\n<p><a href=\"https:\/\/www.dagospia.com\/media-gallery\/dago-fotogallery-521781\/2301085\" class=\"float-right img-wrapper\"><img decoding=\"async\" id=\"2301085\" loading=\"lazy\" src=\"https:\/\/static.dagospia.com\/img\/foto\/08-2026\/conte-schlein-2301085_800_q50.webp\"><span class=\"img-title\">conte schlein<\/span><\/a><\/p>\n<p class=\"disable\">\u00a0<\/p>\n<p class=\"disable\">Una fine spaventosa che ha costretto anche un esponente non ostile alla segretaria, come Dario Nardella, ad arrivare a dire che \u201cle primarie ci indeboliscono e fanno il gioco di Meloni\u201d.<\/p>\n<p class=\"disable\">\u00a0<\/p>\n<p class=\"disable\">Forse \u00e8 giunto il &#8221;tragic moment&#8221; che la Ducetta del Nazareno faccia una riflessione pi\u00f9 approfondita. Altrimenti rischia davvero che la sua prossima occupaziona sar\u00e0 di tornare a ballare sui carri del Gay Pride&#8230;\u00a0<\/p>\n<p class=\"disable\">\u00a0<\/p>\n<p class=\"disable\"><strong>PD, IL \u00abDIBATTITO\u00bb NELL\u2019AREA CATTOLICA DELRIO: NON SIAMO I CUSTODI DELL\u2019ALLEANZA<\/strong><\/p>\n<p class=\"disable\"><strong>Estratto dell\u2019articolo di Claudio Bozza per il<a href=\"http:\/\/www.corriere.it\" target=\"_blank\"> \u201cCorriere della Sera\u201d<\/a><\/strong><\/p>\n<p class=\"disable\">\u00a0<\/p>\n<p class=\"disable\">Ridurli a \u00abtormenti\u00bb o \u00abmal di pancia\u00bb politici sarebbe una semplificazione errata. Ma tra i cattolici del Pd c\u2019\u00e8 fermento. C\u2019\u00e8 chi critica apertamente la linea di Elly Schlein, chi usa toni meno aspri e chi invece imbocca una sorta di \u00abterza via\u00bb.<\/p>\n<p class=\"disable\">\u00a0<\/p>\n<p class=\"imgLeft\"><a href=\"https:\/\/www.dagospia.com\/media-gallery\/dago-fotogallery-521781\/2264161\" class=\"float-right img-wrapper\"><img decoding=\"async\" id=\"2264161\" loading=\"lazy\" src=\"https:\/\/static.dagospia.com\/img\/foto\/05-2026\/graziano-delrio-convegno-comunita-democratica-foto-lapresse-2264161_800_q50.webp\"><span class=\"img-title\">graziano delrio convegno comunita democratica foto lapresse<\/span><\/a><\/p>\n<p class=\"disable\">Graziano Delrio, ex ministro, riformista della minoranza del partito, non nasconde il suo malessere. Prima ricorda che \u00abla tradizione cattolico-democratica \u00e8 quella che ha tenuto insieme le istituzioni del Paese\u00bb e poi esterna il suo \u00abdisagio in un dibattito cos\u00ec polarizzato: dalla politica estera a quella interna\u00bb.<\/p>\n<p class=\"disable\">\u00a0<\/p>\n<p class=\"disable\">Un esempio? \u00abQuando si parla di Medio Oriente si deve parlare non solo della sacrosanta causa palestinese, che sostengo da decenni, ma anche di Paesi arabi moderati, di aiuto al Libano in un passaggio storico, di pace nella convivenza con Israele\u00bb.<\/p>\n<p class=\"disable\">\u00a0<\/p>\n<p><a href=\"https:\/\/www.dagospia.com\/media-gallery\/dago-fotogallery-521781\/2289717\" class=\"float-left img-wrapper\"><img decoding=\"async\" id=\"2289717\" loading=\"lazy\" src=\"https:\/\/static.dagospia.com\/img\/foto\/07-2026\/elly-schlein-2289717_800_q50.webp\"><span class=\"img-title\">Elly Schlein<\/span><\/a><\/p>\n<p class=\"disable\">Nonostante sia un esponente di minoranza, Delrio difende poi la \u00ablegittimit\u00e0 a correre di Schlein\u00bb alle possibili primarie contro Giuseppe Conte: \u00abMa il Pd deve fare il Pd e non solo il custode del Campo largo\u00bb.<\/p>\n<p class=\"disable\">\u00a0<\/p>\n<p class=\"disable\">Poi precisa: \u00abSbaglia chi pensa di provare a convincere la segretaria a ritirarsi da questa sfida, che per\u00f2 deve servire a trovare chi \u00e8 pi\u00f9 adatto a unire le forze per battere Giorgia Meloni\u00bb. E per questo, tornando a parlare da cattolico pragmatico, rilancia: \u00abServe un confronto immediato su immigrazione, per proporre al Paese una revisione Bossi-Fini \u2014 riflette il senatore Delrio \u2014. Cosa vogliamo fare sulla sicurezza?<\/p>\n<p><a href=\"https:\/\/www.dagospia.com\/media-gallery\/dago-fotogallery-521781\/2287544\" class=\"float-right img-wrapper\"><img decoding=\"async\" id=\"2287544\" loading=\"lazy\" src=\"https:\/\/static.dagospia.com\/img\/foto\/07-2026\/elly-schlein-e-giuseppe-conte-video-dell-account-robertus-vannaccius-2287544_800_q50.webp\"><span class=\"img-title\">elly schlein e giuseppe conte video dell account robertus vannaccius<\/span><\/a><\/p>\n<p class=\"disable\">\u00a0<\/p>\n<p class=\"disable\">C\u2019\u00e8 Franco Gabrielli, ad esempio, che fa proposte credibili, di governo e non di propaganda. E poi: cosa proponiamo agli elettori su politiche che tengano insieme produzione industriale e transizione energetica?\u00bb.<\/p>\n<p class=\"imgRight\">\u00a0<\/p>\n<p class=\"disable\">\u00a0<\/p>\n<p class=\"disable\">In questo viaggio tra i catto-dem va poi annotata la riflessione di Alfredo Bazoli, bisnipote di Luigi, tra i fondatori del Partito popolare di don Sturzo. \u00abNon so dire con certezza se nel Pd ci sia un disagio reale e diffuso \u2014 spiega il senatore \u2014. Talvolta si ha per\u00f2 la sensazione che si assumano posizioni non molto coerenti con la natura plurale del partito.<\/p>\n<p class=\"disable\">\u00a0<\/p>\n<p class=\"disable\">Spesso rilevo posizioni massimaliste, che puntano a polarizzare lo scontro, cio\u00e8 il contrario della cultura cattolica-democratica\u00bb. Un esempio? \u00abSui vari conflitti nel mondo \u2014 dalla Palestina alle valutazioni su Israele, inclusa la guerra in Ucraina \u2014 emergono posizioni che puntano a soddisfare una certa pancia del partito, piuttosto che a salvaguardare lo stato di diritto e il diritto internazionale\u00bb.<\/p>\n<p class=\"disable\">\u00a0<\/p>\n<p><a href=\"https:\/\/www.dagospia.com\/media-gallery\/dago-fotogallery-521781\/1890734\" class=\"float-left img-wrapper\"><img decoding=\"async\" id=\"1890734\" loading=\"lazy\" src=\"https:\/\/static.dagospia.com\/img\/foto\/09-2023\/alfredo-bazoli-1890734_800_q50.webp\"><span class=\"img-title\">alfredo bazoli<\/span><\/a><\/p>\n<p class=\"disable\">E poi: \u00abA volte vedo il rischio di cambiare il dna di una certa tradizione politica, la nostra del Pd, privilegiando quella del Pci, piuttosto che una linea pi\u00f9 plurale. Va recuperata la nostra natura\u00bb. Bazoli cita poi un esempio virtuoso: \u00abLa proposta di legge del Pd sul fine vita ha sortito ottimi risultati, perch\u00e9 l\u2019approccio \u00e8 stato davvero democratico e unitario: per questo siamo arrivati a un testo condiviso, facendo sintesi e offrendo risposte concrete ai cittadini\u00bb. [&#8230;]<\/p>\n<p class=\"disable\">\u00a0<\/p>\n<p><a href=\"https:\/\/www.dagospia.com\/media-gallery\/dago-fotogallery-521781\/2264162\" class=\"float-right img-wrapper\"><img decoding=\"async\" id=\"2264162\" loading=\"lazy\" src=\"https:\/\/static.dagospia.com\/img\/foto\/05-2026\/graziano-delrio-convegno-comunita-democratica-foto-lapresse-2264162_800_q50.webp\"><span class=\"img-title\">graziano delrio convegno comunita democratica foto lapresse<\/span><\/a><\/p>\n<p><a href=\"https:\/\/www.dagospia.com\/media-gallery\/dago-fotogallery-521781\/539692\" class=\"float-right img-wrapper\"><img decoding=\"async\" id=\"539692\" loading=\"lazy\" src=\"https:\/\/static.dagospia.com\/img\/foto\/03-2014\/parlamentari-messa-papa-316682_800_q50.webp\"><span class=\"img-title\">PARLAMENTARI A MESSA DAL PAPA FOTO DI ALFREDO BAZOLI DEL PD <\/span><\/a><\/p>\n<p><a href=\"https:\/\/www.dagospia.com\/media-gallery\/dago-fotogallery-521781\/2046865\" class=\"float-left img-wrapper\"><img decoding=\"async\" id=\"2046865\" loading=\"lazy\" src=\"https:\/\/static.dagospia.com\/img\/foto\/10-2024\/dario-franceschini-elly-schlein-2046865_800_q50.webp\"><span class=\"img-title\">DARIO FRANCESCHINI &#8211; ELLY SCHLEIN <\/span><\/a><a href=\"https:\/\/www.dagospia.com\/media-gallery\/dago-fotogallery-521781\/2109578\" class=\"float-left img-wrapper\"><img decoding=\"async\" id=\"2109578\" loading=\"lazy\" src=\"https:\/\/static.dagospia.com\/img\/foto\/03-2025\/la-galassia-delle-correnti-del-pd-2109578_800_q50.webp\"><span class=\"img-title\">LA GALASSIA DELLE CORRENTI DEL PD <\/span><\/a><\/p>\n<p><a href=\"https:\/\/www.dagospia.com\/media-gallery\/dago-fotogallery-521781\/2288974\" class=\"float-right img-wrapper\"><img decoding=\"async\" id=\"2288974\" loading=\"lazy\" src=\"https:\/\/static.dagospia.com\/img\/foto\/07-2026\/elly-schlein-23-2288974_800_q50.webp\"><span class=\"img-title\">Elly Schlein 23<\/span><\/a><\/p>\n<\/div>\n<article><a href=\"https:\/\/www.dagospia.com\/politica\/elly-ascolta-gli-amici-i-big-pd-scesi-in-campo-cosi-pesantemente-per-485354\"><\/p>\n<div class=\"img-wrapper\"><img decoding=\"async\" src=\"https:\/\/static.dagospia.com\/img\/patch\/08-2026\/giuseppe-conte-elly-schlein-franceschini-bonaccini-nardella-2301098_600_q50.webp\" alt=\"giuseppe conte elly schlein franceschini bonaccini nardella\" loading=\"lazy\"><time class=\"data-ora\">31 ago 20:17<\/time><\/div>\n<div class=\"excerpt\">\n<p>DAGOREPORT &#8211; <span>ELLY, ASCOLTA GLI AMICI!<\/span> I CAPOCCIONI E LE MEZZECALZE DEL PD, CHE SONO SCESI COS\u00cc PESANTEMENTE IN CAMPO PER SCONGIURARE LA JATTURA DELLE PRIMARIE, NON CE L&#8217;HANNO CON TE, LO FANNO PER SOLO PER IL TUO BENE &#8211; CERTO, TEMONO (A RAGIONE) ANCHE PER LA LORO SOPRAVVIVENZA PARLAMENTARE: <span>SE ELLY, COME PROBABILE, PERDESSE AI GAZEBO IL DUELLO CON CONTE, TRASCINEREBBE IL PARTITO NEL BARATRO <\/span>&#8211; \u00c8 PER QUESTO CHE DA QUALCHE SETTIMANA SONO PARTITI GLI AVVERTIMENTI VIA STAMPA, ANCHE DI ESPONENTI PD NON OSTILI ALLA SCHLEIN COME DARIO NARDELLA, DI FARE UN PASSO INDIETRO \u2013 <span>LA TRAGEDIA \u00c8 CHE L\u2019AMBIZIOSA DUCETTA DEL NAZARENO, NONOSTANTE I SONDAGGI HORROR, SI VEDE GI\u00c0 A PALAZZO CHIGI, VALUTANDOLI COME ATTACCHI ALLA SUA LEADERSHIP<\/span>: \u201cLE INTERVISTE SULLE PRIMARIE? SONO SOLO ESERCIZI INTELLETTUALI, ALLA FESTA DELL\u2019UNITA\u2019 PARLO IO\u201d &#8211; SE ELLY CONTINUA COS\u00cc, RISCHIA CHE LA SUA PROSSIMA OCCUPAZIONE SARA&#8217; DI BALLARE SUI CARRI DEL GAY PRIDE&#8230;<\/p>\n<\/div>\n<p><\/a><\/article>\n<article><a href=\"https:\/\/www.dagospia.com\/politica\/l-ingaggio-fedorov-fa-incazzare-zelensky-mette-in-allarme-agenzie-485343\"><\/p>\n<div class=\"img-wrapper\"><img decoding=\"async\" src=\"https:\/\/static.dagospia.com\/img\/patch\/08-2026\/fedorov-musk-thiel-zelensky-crosetto-2301168_600_q50.webp\" alt=\"fedorov musk thiel zelensky crosetto\" loading=\"lazy\"><time class=\"data-ora\">31 ago 18:41<\/time><\/div>\n<div class=\"excerpt\">\n<p>DAGOREPORT &#8211; <span>A QUALCUNO NON PIACE &#8216;STO FEDOROV<\/span> &#8211;\u00a0PIU&#8217; CHE A INDIGNARE I NEURONI ALLA VODKA DI VANNACCI E DI TRAVAGLIO, L\u2019INGAGGIO DEL GOVERNO ITALIANO DELL&#8217;EX MINISTRO DELLA DIFESA UCRAINO<span> FA INCAZZARE ZELENSKY E METTE IN ALLARME LE AGENZIE DI INTELLIGENCE EUROPEE &#8211; <\/span>IL DINAMISMO DEL NOVELLO CONSULENTE DEL MINISTRO CROSETTO NON POTEVA NON FINIRE &#8220;ATTENZIONATO&#8221;, VISTO E CONFERMATO <span>IL RAPPORTO STRETTISSIMO CON L&#8217;EMINENZA GRIGIA DELLA TECNO-DESTRA PETER THIEL E CON IL CAVALIERE NERO DELLA GALASSIA MAGA, ELON MUSK<\/span> &#8211; \u00c8 STATO FEDOROV A OTTENERE LO SBLOCCO DEL SISTEMA STARLINK E A COLTIVARE RAPPORTI CON PALANTIR, CHE FORNISCE A KIEV I SOFTWARE PER LA DIFESA &#8211; <span>CHE STA COMBINANDO IN QUESTI GIORNI FEDOROV NEGLI STATI UNITI? <\/span>COSA VOGLIONO MUSK E THIEL DA LUI? LE ELEZIONI A KIEV, MAGARI PER SOSTITUIRE ZELENSKY E ARRIVARE A QUALUNQUE \u2018PACE\u2019\u201d?<\/p>\n<\/div>\n<p><\/a><\/article>\n<article><a href=\"https:\/\/www.dagospia.com\/politica\/flash-c-e-grande-perplessita-i-draghi-boys-per-presenza-andrea-485336\"><\/p>\n<div class=\"img-wrapper\"><img decoding=\"async\" src=\"https:\/\/static.dagospia.com\/img\/patch\/08-2026\/xavier-niel-draghi-pignataro-2301175_600_q50.webp\" alt=\"xavier niel draghi pignataro\" loading=\"lazy\"><time class=\"data-ora\">31 ago 18:19<\/time><\/div>\n<div class=\"excerpt\">\n<p>FLASH! \u2013 <span>I \u201cDRAGHI BOYS\u201d DEL POTERE ECONOMICO ITALIANO AVREBBERO ESPRESSO QUALCHE PERPLESSITA&#8217; ALL\u2019EX PREMIER<\/span> SULLA PRESENZA DEL MISTERIOSO MILIARDARIO <span>ANDREA PIGNATARO E DEL FONDATORE DI ILIAD, IL FRANCESE XAVIER NIEL, <\/span>CHE NEL 2004 FU CONDANNATO A DUE ANNI DI GALERA (CON LA CONDIZIONALE), NEL \u201cRHINE GROUP\u201d, IL THINK TANK FONDATO DA \u201cMARIOPIO\u201d PER DARE UNA SFERZATA ALL\u2019UNIONE EUROPEA, COMPOSTO DA 54 MANAGER, ECONOMISTI, ACCADEMICI E IMPRENDITORI TECNOLOGICI&#8230;.<\/p>\n<\/div>\n<p><\/a><\/article>\n<article><a href=\"https:\/\/www.dagospia.com\/politica\/quale-episodio-giulia-presutti-era-habitue-cefalu-bistro-dove-piu-e-485248\"><\/p>\n<div class=\"img-wrapper\"><img decoding=\"async\" src=\"https:\/\/static.dagospia.com\/img\/patch\/08-2026\/ranucci-presutti-cianfoni-floridia-2300757_600_q50.webp\" alt=\"ranucci presutti cianfoni floridia\" loading=\"lazy\"><time class=\"data-ora\">30 ago 19:14<\/time><\/div>\n<div class=\"excerpt\">\n<p>DAGOREPORT &#8211;<span>\u00a0MA QUALE &#8220;EPISODIO&#8221;! GIULIA PRESUTTI ERA UN HABITU\u00c8 DEL \u201cCEFAL\u00d9 BISTR\u00d2\u201d<\/span> DOVE PI\u00d9 VOLTE \u00c8 STATA VISTA INSIEME ALL\u2019AMICA LAURA CIANFONI, CHE A SUA VOLTA \u00c8 LEGATISSIMA A RANUCCI E CARISSIMA A LAVITOLA (COME \u00c8 TESTIMONIATO DALLE FOTO DI DAGOSPIA IN OCCASIONE DEL PREMIO COLALUCCI, SETTEMBRE 2020) &#8211; <span>NELLA DECISIONE DI SCEGLIERE GIULIA PRESUTTI, ACCREDITATA COME ESPRESSIONE DI M5S E AVS, <\/span>PER DARE UN CONTENTINO ALL\u2019OPPOSIZIONE, SAREBBE AVVENUTA UNA INTERLOCUZIONE TRA L\u2019AD RAI, GIAMPAOLO ROSSI, E L\u2019EX PRESIDENTE DELLA VIGILANZA RAI, LA GRILLINA BARBARA FLORIDIA, CHE AVREBBE DATO IL SUO PLACET &#8211; <span>ANCHE SULLA SCELTA DI PIERVINCENZI ALLA CONDUZIONE DI &#8220;REPORT&#8221;, CHE VA A BILANCIARE LA PRESUTTI DI SINISTRA, SI ADDENSANO ALCUNE DOMANDINE<\/span>: A PARTIRE DALLA PASSIONE PER IL RUGBY\u2026<\/p>\n<\/div>\n<p><\/a><\/article>\n<article><a href=\"https:\/\/www.dagospia.com\/politica\/risiko-s-ingrossa-l-apertura-assicurazioni-generali-valutare-l-offerta-484996\"><\/p>\n<div class=\"img-wrapper\"><img decoding=\"async\" src=\"https:\/\/static.dagospia.com\/img\/patch\/08-2026\/generali-philippe-donnet-luigi-lovaglio-carlo-messina-2292458_600_q50.webp\" alt=\"generali philippe donnet luigi lovaglio carlo messina \" loading=\"lazy\"><time class=\"data-ora\">27 ago 21:02<\/time><\/div>\n<div class=\"excerpt\">\n<p>DAGOREPORT &#8211; <span>IL RISIKO S&#8217;INGROSSA!<\/span> L\u2019APERTURA DI ASSICURAZIONI GENERALI A VALUTARE L&#8217;OFFERTA\u201d DI MPS PER L\u2019ACQUISIZIONE DI BANCA GENERALI, <span>\u00c8 UN GRAN PASSO AVANTI PER IL PIANO DI LOVAGLIO PER DISINNESCARE L\u2019OPAS SUL \u201cMONTE\u201d DI BANCA INTESA <\/span>&#8211; SECONDO PIAZZA AFFARI, L\u2019OPERAZIONE TRIESTE-SIENA POTREBBE AVERE DALLA SUA <span>L\u2019APPOGGIO DEI POTENTISSIMI FONDI DI INVESTIMENTO INTERNAZIONALI, TRA CUI BLACKROCK<\/span>, CHE HA PERALTRO IMPORTANTI INTERESSI NELLE BANCHE ITALIANE, TRA CUI INTESA &#8211; <span>ORA INIZIA UNA PARTITA APERTISSIMA DAL PUNTO DI VISTA FINANZIARIO, MA ANCHE DA QUELLO POLITICO:<\/span> IL 26 OTTOBRE\u00a0 L\u2019ASSEMBLEA STRAORDINARIA DI MPS SARA&#8217; CHIAMATA AD APPROVARE L&#8217;ACQUISIZIONE E TUTTO PUO&#8217; SUCCEDERE&#8230;<\/p>\n<\/div>\n<p><\/a><\/article>\n<article><a href=\"https:\/\/www.dagospia.com\/cronache\/voluto-trump-t-attacchi-scorta-i-leader-silicon-valley-484985\"><\/p>\n<div class=\"img-wrapper\"><img decoding=\"async\" src=\"https:\/\/static.dagospia.com\/img\/patch\/08-2026\/mark-zuckerberg-proteste-2299936_600_q50.webp\" alt=\"mark zuckerberg proteste \" loading=\"lazy\"><time class=\"data-ora\">27 ago 19:54<\/time><\/div>\n<div class=\"excerpt\">\n<p>HAI VOLUTO TRUMP? E ORA T\u2019ATTACCHI ALLA SCORTA! \u2013<span> I LEADER DELLA SILICON VALLEY SONO OSSESSIONATI DALLA LORO SICUREZZA, E SPENDONO VAGONATE DI DOLLARI IN PROTEZIONE, GUARDIE DEL CORPO, BUNKER. <\/span>COLPA DELLA SVOLTA TRUMPIANA E DELLA RIVOLUZIONE DELL\u2019ACCELERAZIONE INCONTROLLABILE DELL\u2019INTELLIGENZA ARTIFICIALE, CHE RISCHIA DI PRODURRE FOLLE DI DISOCCUPATI INCAZZATI PRONTI AD ASSALTARE, OLTRE AI DATA CENTER, I VILLONI DEI PAPERONI \u2013 <span>IL PI\u00d9 PARANOICO DI TUTTI? MARK ZUCKERBERG! META SPENDE OLTRE 25 MILIONI DI DOLLARI ALL\u2019ANNO ESCLUSIVAMENTE PER LA PROTEZIONE DEL SUO FONDATORE<\/span> \u2013 L\u2019OSSESSIONE DEI MILIARDARI PER BUNKER DI LUSSO, FORTEZZE SOTTERRANEE, RIFUGI IN NUOVA ZELANDA E HAWAII, CON INVESTIMENTI CHE OSCILLAVANO TRA I DIECI E I CINQUANTA MILIONI DI DOLLARI CIASCUNO&#8230;<\/p>\n<\/div>\n<p><\/a><\/article>\n<article><a href=\"https:\/\/www.dagospia.com\/cronache\/come-sta-alessandro-battista-condizioni-salute-dell-ex-deputato-485182\"><\/p>\n<div class=\"img-wrapper\"><img decoding=\"async\" src=\"https:\/\/static.dagospia.com\/img\/patch\/08-2026\/di-battista-grillo-di-maio-alessandro-2300529_600_q50.webp\" alt=\"di battista grillo di maio alessandro\" loading=\"lazy\"><\/div>\n<div class=\"excerpt\">COME STA ALESSANDRO DI BATTISTA? &#8211; LE CONDIZIONI DI SALUTE DELL&#8217;EX DEPUTATO DEL MOVIMENTO 5 STELLE,\u2026<\/div>\n<p><\/a><\/article>\n<article><a href=\"https:\/\/www.dagospia.com\/media-tv\/milanospia-brumotti-meloni-pier-silvio-485225\"><\/p>\n<div class=\"img-wrapper\"><img decoding=\"async\" src=\"https:\/\/static.dagospia.com\/img\/patch\/08-2026\/milanospia-dandolo-2300670_600_q50.webp\" alt=\"milanospia dandolo\" loading=\"lazy\"><\/div>\n<div class=\"excerpt\">MILANOSPIA! DANDOLO: LA NUOVA PASSIONE TELEVISIVA DELLE SORELLE MELONI? VITTORIO BRUMOTTI &#8211; L&#8217;EX\u2026<\/div>\n<p><\/a><\/article>\n<article><a href=\"https:\/\/www.dagospia.com\/media-tv\/pillole-gossip-elodie-franceska-nuredini-trans-alice-de-485322\"><\/p>\n<div class=\"img-wrapper\"><img decoding=\"async\" src=\"https:\/\/static.dagospia.com\/img\/patch\/08-2026\/pillole-avanti-gossip-2300996_600_q50.webp\" alt=\"pillole avanti gossip\" loading=\"lazy\"><\/div>\n<div class=\"excerpt\">PILLOLE DI GOSSIP! ELODIE E FRANCESKA NUREDINI, AVVISTATE AL LARGO DI PROCIDA A BORDO DI UNO YACHT,\u2026<\/div>\n<p><\/a><\/article>\n<article><a href=\"https:\/\/www.dagospia.com\/media-tv\/riconoscete-dal-cameltoe-dalle-ciliegione-31enne-e-figlia-485344\"><\/p>\n<div class=\"img-wrapper\"><img decoding=\"async\" src=\"https:\/\/static.dagospia.com\/img\/patch\/08-2026\/cecilia-sala-fisico-2301059_600_q50.webp\" alt=\"cecilia sala fisico \" loading=\"lazy\"><\/div>\n<div class=\"excerpt\">LA RICONOSCETE DAL \u201cCAMELTOE\u201d O DALLE \u201cCILIEGIONE\u201d? LA 31ENNE E\u2019 FIGLIA DI UN IMPORTANTE DIRIGENTE\u2026<\/div>\n<p><\/a><\/article>\n<article><a href=\"https:\/\/www.dagospia.com\/politica\/elly-ascolta-gli-amici-i-big-pd-scesi-in-campo-cosi-pesantemente-per-485354\"><\/p>\n<div class=\"img-wrapper\"><img decoding=\"async\" src=\"https:\/\/static.dagospia.com\/img\/patch\/08-2026\/giuseppe-conte-elly-schlein-franceschini-bonaccini-nardella-2301098_600_q50.webp\" alt=\"giuseppe conte elly schlein franceschini bonaccini nardella\" loading=\"lazy\"><\/div>\n<div class=\"excerpt\">DAGOREPORT &#8211; ELLY, ASCOLTA GLI AMICI! I CAPOCCIONI E LE MEZZECALZE DEL PD, CHE SONO SCESI COS\u00cc\u2026<\/div>\n<p><\/a><\/article>\n<article><a href=\"https:\/\/www.dagospia.com\/politica\/l-ingaggio-fedorov-fa-incazzare-zelensky-mette-in-allarme-agenzie-485343\"><\/p>\n<div class=\"img-wrapper\"><img decoding=\"async\" src=\"https:\/\/static.dagospia.com\/img\/patch\/08-2026\/fedorov-musk-thiel-zelensky-crosetto-2301168_600_q50.webp\" alt=\"fedorov musk thiel zelensky crosetto\" loading=\"lazy\"><\/div>\n<div class=\"excerpt\">DAGOREPORT &#8211; A QUALCUNO NON PIACE &#8216;STO FEDOROV &#8211;\u00a0PIU&#8217; CHE A INDIGNARE I NEURONI ALLA VODKA DI\u2026<\/div>\n<p><\/a><\/article>\n<article><a href=\"https:\/\/www.dagospia.com\/politica\/flash-c-e-grande-perplessita-i-draghi-boys-per-presenza-andrea-485336\"><\/p>\n<div class=\"img-wrapper\"><img decoding=\"async\" src=\"https:\/\/static.dagospia.com\/img\/patch\/08-2026\/xavier-niel-draghi-pignataro-2301175_600_q50.webp\" alt=\"xavier niel draghi pignataro\" loading=\"lazy\"><\/div>\n<div class=\"excerpt\">FLASH! \u2013 I \u201cDRAGHI BOYS\u201d DEL POTERE ECONOMICO ITALIANO AVREBBERO ESPRESSO QUALCHE PERPLESSITA&#8217;\u2026<\/div>\n<p><\/a><\/article>\n<article><a href=\"https:\/\/www.dagospia.com\/politica\/quale-episodio-giulia-presutti-era-habitue-cefalu-bistro-dove-piu-e-485248\"><\/p>\n<div class=\"img-wrapper\"><img decoding=\"async\" src=\"https:\/\/static.dagospia.com\/img\/patch\/08-2026\/ranucci-presutti-cianfoni-floridia-2300757_600_q50.webp\" alt=\"ranucci presutti cianfoni floridia\" loading=\"lazy\"><\/div>\n<div class=\"excerpt\">DAGOREPORT &#8211;\u00a0MA QUALE &#8220;EPISODIO&#8221;! GIULIA PRESUTTI ERA UN HABITU\u00c8 DEL \u201cCEFAL\u00d9 BISTR\u00d2\u201d DOVE PI\u00d9 VOLTE\u2026<\/div>\n<p><\/a><\/article>\n<article><a href=\"https:\/\/www.dagospia.com\/politica\/risiko-s-ingrossa-l-apertura-assicurazioni-generali-valutare-l-offerta-484996\"><\/p>\n<div class=\"img-wrapper\"><img decoding=\"async\" src=\"https:\/\/static.dagospia.com\/img\/patch\/08-2026\/generali-philippe-donnet-luigi-lovaglio-carlo-messina-2292458_600_q50.webp\" alt=\"generali philippe donnet luigi lovaglio carlo messina \" loading=\"lazy\"><\/div>\n<div class=\"excerpt\">DAGOREPORT &#8211; IL RISIKO S&#8217;INGROSSA! L\u2019APERTURA DI ASSICURAZIONI GENERALI A VALUTARE L&#8217;OFFERTA\u201d DI\u2026<\/div>\n<p><\/a><\/article>\n<article><a href=\"https:\/\/www.dagospia.com\/cronache\/voluto-trump-t-attacchi-scorta-i-leader-silicon-valley-484985\"><\/p>\n<div class=\"img-wrapper\"><img decoding=\"async\" src=\"https:\/\/static.dagospia.com\/img\/patch\/08-2026\/mark-zuckerberg-proteste-2299936_600_q50.webp\" alt=\"mark zuckerberg proteste \" loading=\"lazy\"><\/div>\n<div class=\"excerpt\">HAI VOLUTO TRUMP? E ORA T\u2019ATTACCHI ALLA SCORTA! \u2013 I LEADER DELLA SILICON VALLEY SONO OSSESSIONATI\u2026<\/div>\n<p><\/a><\/article>\n<article><a href=\"https:\/\/www.dagospia.com\/politica\/flash-giorgia-meloni-manda-armi-sottobanco-all-ucraina-per-non-spaccare-484982\"><\/p>\n<div class=\"img-wrapper\"><img decoding=\"async\" src=\"https:\/\/static.dagospia.com\/img\/patch\/08-2026\/giorgia-meloni-volodymyr-zelensky-mario-draghi-2299913_600_q50.webp\" alt=\"giorgia meloni volodymyr zelensky mario draghi \" loading=\"lazy\"><\/div>\n<div class=\"excerpt\">FLASH \u2013 GIORGIA MELONI MANDA LE ARMI SOTTOBANCO ALL\u2019UCRAINA PER NON SPACCARE LA SUA MAGGIORANZA. IL\u2026<\/div>\n<p><\/a><\/article>\n<article><a href=\"https:\/\/www.dagospia.com\/politica\/qual-era-scopo-blitz-capo-cia-mosca-i-beninformati-washington-484881\"><\/p>\n<div class=\"img-wrapper\"><img decoding=\"async\" src=\"https:\/\/static.dagospia.com\/img\/patch\/12-2025\/vladimir-putin-donald-trump-volodymyr-zelensky-2214409_600_q50.webp\" alt=\"vladimir putin donald trump volodymyr zelensky\" loading=\"lazy\"><\/div>\n<div class=\"excerpt\">FLASH! \u2013 QUANDO LE COSE GIRANO SUL PEGGIO, INTERVENGONO I SERVIZI SEGRETI &#8211;\u00a0IL BENINFORMATO\u00a0CAPO\u2026<\/div>\n<p><\/a><\/article>\n<article><a href=\"https:\/\/www.dagospia.com\/politica\/prossima-destinazione-enrico-mentana-padrone-supremo-tutta-l-informazione-484639\"><\/p>\n<div class=\"img-wrapper\"><img decoding=\"async\" src=\"https:\/\/static.dagospia.com\/img\/patch\/08-2026\/kyriakou-pier-silvio-berlusconi-enrico-mentana-crippa-fedele-confalonieri-medias-2298828_600_q50.webp\" alt=\"kyriakou pier silvio berlusconi enrico mentana crippa fedele confalonieri mediaset urbano cairo marina\" loading=\"lazy\"><\/div>\n<div class=\"excerpt\">DAGOREPORT &#8211; RITORNA A CASA, LESSO! SI ACCAVALLANO LE VOCI CHE LA PROSSIMA DESTINAZIONE DI ENRICO\u2026<\/div>\n<p><\/a><\/article>\n<article><a href=\"https:\/\/www.dagospia.com\/media-tv\/martedi-prossimo-calera-sipario-ranucci-ottobre-quando-ritornera-in-onda-484460\"><\/p>\n<div class=\"img-wrapper\"><img decoding=\"async\" src=\"https:\/\/static.dagospia.com\/img\/patch\/07-2026\/sigfrido-ranucci-valter-lavitola-giampaolo-rossi-2287105_600_q50.webp\" alt=\"sigfrido ranucci valter lavitola giampaolo rossi \" loading=\"lazy\"><\/div>\n<div class=\"excerpt\">DAGOREPORT &#8211;\u00a0MARTED\u00cc PROSSIMO CALER\u00c0 IL SIPARIO SU RANUCCI: A OTTOBRE, QUANDO RITORNER\u00c0 IN ONDA\u2026<\/div>\n<p><\/a><\/article>\n<article><a href=\"https:\/\/www.dagospia.com\/cafonal\/cafonalino-roma-proiezione-documentario-marco-bellocchio-marco-travaglio-485081\"><\/p>\n<div class=\"img-wrapper\"><img decoding=\"async\" src=\"https:\/\/static.dagospia.com\/img\/patch\/08-2026\/2026bellocchio-anteprima-film-di-marco-bellocchio-2300339_600_q50.webp\" alt=\"2026bellocchio anteprima film di marco bellocchio\" loading=\"lazy\"><\/div>\n<div class=\"excerpt\">CAFONALINO! AL CINEMA QUATTRO FONTANE DI ROMA LA PROIEZIONE SPECIALE DEL DOCUMENTARIO \u201cMARCO\u2026<\/div>\n<p><\/a><\/article>\n<article><a href=\"https:\/\/www.dagospia.com\/cafonal\/cafonal-show-ranucci-cerveteri-freni-ho-fatto-scoop-nazionali-484807\"><\/p>\n<div class=\"img-wrapper\"><img decoding=\"async\" src=\"https:\/\/static.dagospia.com\/img\/patch\/08-2026\/2026ranucci-sigfrido-ranucci-2299409_600_q50.webp\" alt=\"2026ranucci sigfrido ranucci\" loading=\"lazy\"><\/div>\n<div class=\"excerpt\">SIGFRIDO, IL MASANIELLO DE NOANTRI \u2013 RANUCCI HA PERSO OGNI FRENO E, ALLA PRESENTAZIONE DEL SUO\u2026<\/div>\n<p><\/a><\/article>\n<article><a href=\"https:\/\/www.dagospia.com\/cafonal\/funeralino-l-ultimo-saluto-mitico-produttore-cinematografico-fulvio-484127\"><\/p>\n<div class=\"img-wrapper\"><img decoding=\"async\" src=\"https:\/\/static.dagospia.com\/img\/patch\/08-2026\/2026lucisano-2297424_600_q50.webp\" alt=\"2026lucisano\" loading=\"lazy\"><\/div>\n<div class=\"excerpt\">FUNERALINO \u2013 NELLA CALLARA ROMANA D\u2019AGOSTO, L\u2019ULTIMO SALUTO AL MITICO PRODUTTORE CINEMATOGRAFICO\u2026<\/div>\n<p><\/a><\/article>\n<article><a href=\"https:\/\/www.dagospia.com\/cafonal\/cafonalino-pizza-riformista-matteo-renzi-raduna-i-suoi-prima-delle-480816\"><\/p>\n<div class=\"img-wrapper\"><img decoding=\"async\" src=\"https:\/\/static.dagospia.com\/img\/patch\/07-2026\/2026kraken-matteo-renzi-2286047_600_q50.webp\" alt=\"2026kraken matteo renzi \" loading=\"lazy\"><\/div>\n<div class=\"excerpt\">CAFONALINO DELLA PIZZA RIFORMISTA \u2013 RENZI RADUNA I SUOI PRIMA DELLE VACANZE ESTIVE AL SATYRUS DI\u2026<\/div>\n<p><\/a><\/article>\n<article><a href=\"https:\/\/www.dagospia.com\/cafonal\/cafonalino-moreno-party-roma-manuela-moreno-festeggia-i-60-anni-480777\"><\/p>\n<div class=\"img-wrapper\"><img decoding=\"async\" src=\"https:\/\/static.dagospia.com\/img\/patch\/07-2026\/manuela-moreno-festa-60-anni-2285871_600_q50.webp\" alt=\"manuela moreno festa 60 anni \" loading=\"lazy\"><\/div>\n<div class=\"excerpt\">CAFONALINO! NO MORENO, NO PARTY \u2013 A ROMA, AL LOVE BAR DI PONTE MILVIO, MANUELA MORENO, CONDUTTRICE\u2026<\/div>\n<p><\/a><\/article>\n<article><a href=\"https:\/\/www.dagospia.com\/cafonal\/cafonalino-firenze-tevere-direttori-redattori-forchettoni-scrocconi-480745\"><\/p>\n<div class=\"img-wrapper\"><img decoding=\"async\" src=\"https:\/\/static.dagospia.com\/img\/patch\/07-2026\/2026agno-marco-agnoletti-2285763_600_q50.webp\" alt=\"2026agno marco agnoletti \" loading=\"lazy\"><\/div>\n<div class=\"excerpt\">CAFONALINO DEGLI AGNOLETTI IN BRODO &#8211; DIRETTORI, REDATTORI, FORCHETTONI E SCROCCONI SFIDANO\u2026<\/div>\n<p><\/a><\/article>\n<p>[analyse_source url=&#8221;https:\/\/www.dagospia.com\/elly-ascolta-gli-amici-i-big-pd-scesi-in-campo-cosi-pesantemente-per-485354&#8243;]<\/p>\n","protected":false},"excerpt":{"rendered":"<p>[analyse_image type=&#8221;featured&#8221; src=&#8221;https:\/\/static.dagospia.com\/img\/patch\/08-2026\/giuseppe-conte-elly-schlein-franceschini-bonaccini-nardella-2301098_600_q50.webp&#8221;] 31 ago 2026 20:17 DAGOREPORT &#8211; ELLY, ASCOLTA GLI AMICI! I CAPOCCIONI E LE MEZZECALZE DEL PD, CHE SONO SCESI COS\u00cc PESANTEMENTE IN CAMPO PER SCONGIURARE LA JATTURA DELLE PRIMARIE, NON CE L&#8217;HANNO CON TE, LO FANNO PER SOLO PER IL TUO BENE &#8211; CERTO, TEMONO (A RAGIONE) ANCHE PER LA LORO [&hellip;]<\/p>\n","protected":false},"author":1,"featured_media":0,"comment_status":"open","ping_status":"","sticky":false,"template":"","format":"standard","meta":{"footnotes":""},"categories":[87],"tags":[226,149],"class_list":["post-2120765","post","type-post","status-publish","format-standard","hentry","category-italy","tag-crawlmanager","tag-dagospia-com"],"_links":{"self":[{"href":"https:\/\/analyse.optim.biz\/index.php?rest_route=\/wp\/v2\/posts\/2120765","targetHints":{"allow":["GET"]}}],"collection":[{"href":"https:\/\/analyse.optim.biz\/index.php?rest_route=\/wp\/v2\/posts"}],"about":[{"href":"https:\/\/analyse.optim.biz\/index.php?rest_route=\/wp\/v2\/types\/post"}],"author":[{"embeddable":true,"href":"https:\/\/analyse.optim.biz\/index.php?rest_route=\/wp\/v2\/users\/1"}],"replies":[{"embeddable":true,"href":"https:\/\/analyse.optim.biz\/index.php?rest_route=%2Fwp%2Fv2%2Fcomments&post=2120765"}],"version-history":[{"count":0,"href":"https:\/\/analyse.optim.biz\/index.php?rest_route=\/wp\/v2\/posts\/2120765\/revisions"}],"wp:attachment":[{"href":"https:\/\/analyse.optim.biz\/index.php?rest_route=%2Fwp%2Fv2%2Fmedia&parent=2120765"}],"wp:term":[{"taxonomy":"category","embeddable":true,"href":"https:\/\/analyse.optim.biz\/index.php?rest_route=%2Fwp%2Fv2%2Fcategories&post=2120765"},{"taxonomy":"post_tag","embeddable":true,"href":"https:\/\/analyse.optim.biz\/index.php?rest_route=%2Fwp%2Fv2%2Ftags&post=2120765"}],"curies":[{"name":"wp","href":"https:\/\/api.w.org\/{rel}","templated":true}]}}