{"id":2120758,"date":"2026-08-31T09:41:21","date_gmt":"2026-08-31T06:41:21","guid":{"rendered":"https:\/\/analyse.optim.biz\/?p=2120758"},"modified":"2026-08-31T09:41:21","modified_gmt":"2026-08-31T06:41:21","slug":"surprize-pregatite-de-psd-decalog-sondaje-si-o-decizie-in-premiera-la-sinaia-surse","status":"publish","type":"post","link":"https:\/\/analyse.optim.biz\/?p=2120758","title":{"rendered":"Surprize preg\u0103tite de PSD: Decalog, sondaje \u0219i o decizie \u00een premier\u0103 la Sinaia (surse)"},"content":{"rendered":"<p>[analyse_image type=&#8221;featured&#8221; src=&#8221;https:\/\/radiogoldfm.ro\/wp-content\/uploads\/2026\/08\/media-174635313944456500.webphttps:\/\/radiogoldfm.ro\/wp-content\/uploads\/2026\/08\/media-174635313944456500.webp&#8221;]<\/p>\n<div class=\"qt-the-content\">\n<p><strong>Conducerea PSD va discuta \u00een \u0219edin\u021ba de la Sinaia, luni, trei rezolu\u021bii politice \u00een a\u0219teptarea nominaliz\u0103rii de c\u0103tre pre\u0219edintele Nicu\u0219or Dan a unui nou premier.<\/strong><\/p>\n<p>Surse din conducerea PSD spun c\u0103 principalele subiecte \u00een \u0219edin\u021ba de la ora 11.00 sunt:<\/p>\n<p><strong>Rezolu\u021bia #1:<\/strong>\u00a0\u201eNu vot\u0103m un guvern din care nu facem parte\u201d \/ De asemenea, PSD \u00ee\u0219i dore\u0219te ca \u00een viitorul Guvern s\u0103 intre \u0219i UDMR cu mini\u0219tri<\/p>\n<p><strong>Rezolu\u021bia #2:<\/strong>\u00a0\u201eNu export\u0103m conflicte interne la Bruxelles\u201d<\/p>\n<p><strong>Rezolu\u021bia #3:<\/strong>\u00a0Decalog cu 10 m\u0103suri de ie\u0219ire din criz\u0103 pe care PSD \u00eel va propune pentru viitorul program de guvernare.<\/p>\n<p>Conform surselor citate, \u00een \u0219edin\u021b\u0103 se vor prezenta \u0219i sondaje de opinie.<\/p>\n<p>Estim\u0103rile din PSD sunt c\u0103 votul din Parlament pentru viitorul Guvern o s\u0103 fie \u00eenainte de vizita \u00een Rom\u00e2nia a delega\u021biei de rating financiar Standard&amp;Poor\u2019s pe 10 octombrie.<\/p>\n<h2 class=\"wp-block-heading\" id=\"manda-avem-voturile\">Manda: \u201eAvem voturile\u201d<\/h2>\n<p>Secretarul general al PSD, Claudiu Manda, a declarat la sosirea la \u0219edin\u021ba conducerii partidului c\u0103 social-democra\u021bii\u00a0<a target=\"_blank\" href=\"https:\/\/www.stiripesurse.ro\/avem-voturile-claudiu-manda-spune-ca-psd-poate-forma-un-guvern-minoritar-video_3916225\" rel=\"noreferrer noopener\">ar avea voturile necesare<\/a>\u00a0instal\u0103rii unui guvern minoritar PSD.<\/p>\n<p>Primarul municipiului Gala\u0163i, Ionu\u0163 Pucheanu, a spus \u00eenaintea \u0219edin\u021bei c\u0103 PSD las\u0103 u\u0219a deschis\u0103 pentru un premier independent: \u201e<a target=\"_blank\" href=\"https:\/\/www.stiripesurse.ro\/semnal-de-la-sinaia-psd-lasa-usa-deschisa-pentru-un-premier-independent-il-avem-pe-grindeanu-dar-putem-discuta-si-alta-varianta_3916237\" rel=\"noreferrer noopener\">\u00cel avem pe Grindeanu, dar putem discuta \u0219i alt\u0103 variant\u0103<\/a>\u201d.<\/p>\n<p><em><strong>surs\u0103:<a href=\"https:\/\/www.stiripesurse.ro\/psd-rezolutie-sinaia-decalog-cpn-guvern_3916241\"> stiripesurse.ro<\/a><\/strong><\/em><\/p>\n<div class=\"tagcloud qt-spacer-m\"><span class=\"qt-title\">Tagged as <\/span><a href=\"https:\/\/radiogoldfm.ro\/tag\/gold-fm\/\" rel=\"tag\">GOLD FM<\/a><a href=\"https:\/\/radiogoldfm.ro\/tag\/psd\/\" rel=\"tag\">psd<\/a><a href=\"https:\/\/radiogoldfm.ro\/tag\/romania\/\" rel=\"tag\">romania<\/a><\/div>\n<div class=\"qt-post-author qt-card\">\n<div class=\"row\">\n<div class=\"qt-post-author-data col s10 m7 l7\">\n<h6>Profil<\/h6>\n<h4><a href=\"https:\/\/radiogoldfm.ro\/surprize-pregatite-de-psd-decalog-sondaje-si-o-decizie-in-premiera-la-sinaia-surse\/#author_page\">Gold FM Radio<\/a><\/h4>\n<\/div>\n<div class=\"qt-post-author-link col s12 m3 l4 \"><a href=\"https:\/\/radiogoldfm.ro\/author\/gold-fm\/\" class=\"qt-btn qt-btn-large qt-btn-primary aligncenter\">Arhiva postari<\/a><\/div>\n<\/div>\n<\/div>\n<\/div>\n<p>[analyse_source url=&#8221;https:\/\/radiogoldfm.ro\/surprize-pregatite-de-psd-decalog-sondaje-si-o-decizie-in-premiera-la-sinaia-surse\/&#8221;]<\/p>\n","protected":false},"excerpt":{"rendered":"<p>[analyse_image type=&#8221;featured&#8221; src=&#8221;https:\/\/radiogoldfm.ro\/wp-content\/uploads\/2026\/08\/media-174635313944456500.webphttps:\/\/radiogoldfm.ro\/wp-content\/uploads\/2026\/08\/media-174635313944456500.webp&#8221;] Conducerea PSD va discuta \u00een \u0219edin\u021ba de la Sinaia, luni, trei rezolu\u021bii politice \u00een a\u0219teptarea nominaliz\u0103rii de c\u0103tre pre\u0219edintele Nicu\u0219or Dan a unui nou premier. Surse din conducerea PSD spun c\u0103 principalele subiecte \u00een \u0219edin\u021ba de la ora 11.00 sunt: Rezolu\u021bia #1:\u00a0\u201eNu vot\u0103m un guvern din care nu facem parte\u201d \/ De [&hellip;]<\/p>\n","protected":false},"author":1,"featured_media":0,"comment_status":"open","ping_status":"","sticky":false,"template":"","format":"standard","meta":{"footnotes":""},"categories":[89],"tags":[226,96],"class_list":["post-2120758","post","type-post","status-publish","format-standard","hentry","category-romania","tag-crawlmanager","tag-radiogoldfm-ro"],"_links":{"self":[{"href":"https:\/\/analyse.optim.biz\/index.php?rest_route=\/wp\/v2\/posts\/2120758","targetHints":{"allow":["GET"]}}],"collection":[{"href":"https:\/\/analyse.optim.biz\/index.php?rest_route=\/wp\/v2\/posts"}],"about":[{"href":"https:\/\/analyse.optim.biz\/index.php?rest_route=\/wp\/v2\/types\/post"}],"author":[{"embeddable":true,"href":"https:\/\/analyse.optim.biz\/index.php?rest_route=\/wp\/v2\/users\/1"}],"replies":[{"embeddable":true,"href":"https:\/\/analyse.optim.biz\/index.php?rest_route=%2Fwp%2Fv2%2Fcomments&post=2120758"}],"version-history":[{"count":0,"href":"https:\/\/analyse.optim.biz\/index.php?rest_route=\/wp\/v2\/posts\/2120758\/revisions"}],"wp:attachment":[{"href":"https:\/\/analyse.optim.biz\/index.php?rest_route=%2Fwp%2Fv2%2Fmedia&parent=2120758"}],"wp:term":[{"taxonomy":"category","embeddable":true,"href":"https:\/\/analyse.optim.biz\/index.php?rest_route=%2Fwp%2Fv2%2Fcategories&post=2120758"},{"taxonomy":"post_tag","embeddable":true,"href":"https:\/\/analyse.optim.biz\/index.php?rest_route=%2Fwp%2Fv2%2Ftags&post=2120758"}],"curies":[{"name":"wp","href":"https:\/\/api.w.org\/{rel}","templated":true}]}}