{"id":2120757,"date":"2026-08-30T07:18:03","date_gmt":"2026-08-30T04:18:03","guid":{"rendered":"https:\/\/analyse.optim.biz\/?p=2120757"},"modified":"2026-08-30T07:18:03","modified_gmt":"2026-08-30T04:18:03","slug":"aur-cere-alegeri-anticipate-urgente-mesaj-transmis-de-la-drobeta-turnu-severin","status":"publish","type":"post","link":"https:\/\/analyse.optim.biz\/?p=2120757","title":{"rendered":"AUR cere alegeri anticipate urgente. Mesaj transmis de la Drobeta-Turnu Severin"},"content":{"rendered":"<p>[analyse_image type=&#8221;featured&#8221; src=&#8221;https:\/\/radiogoldfm.ro\/wp-content\/uploads\/2026\/08\/aur-drobeta-turnu-severin_bkWxM.webphttps:\/\/radiogoldfm.ro\/wp-content\/uploads\/2026\/08\/aur-drobeta-turnu-severin_bkWxM.webp&#8221;]<\/p>\n<div class=\"qt-the-content\">\n<p>Conducerea AUR a transmis, s\u00e2mb\u0103t\u0103, de la Drobeta-Turnu Severin, un mesaj prin care cere organizarea urgent\u0103 a alegerilor anticipate, sus\u021bin\u00e2nd c\u0103 aceasta ar reprezenta \u201esingura \u0219ans\u0103 pentru stabilitate \u0219i prosperitate\u201d. La ac\u021biune a fost prezent \u0219i liderul partidului, George Simion.<\/p>\n<p>Mesajul a fost f\u0103cut public de Andrei Gu\u0219\u0103, \u00eentr-o postare pe Facebook, \u00eenso\u021bit\u0103 de imagini de la \u00eent\u00e2lnirea desf\u0103\u0219urat\u0103 pe malul Dun\u0103rii.<\/p>\n<p>https:\/\/www.facebook.com\/plugins\/post.php?href=https%3A%2F%2Fwww.facebook.com%2Fpermalink.php%3Fstory_fbid%3Dpfbid02qb7uYDh6DiVryTnu8ESPHPrjUsgjYMySJGc37AK5paSNi596MxswNsS4nYwhJpFLl%26id%3D100078220687936&#038;show_text=true&#038;width=500<\/p>\n<h2 class=\"wp-block-heading\" id=\"aur-cere-alegeri-anticipate\">AUR cere alegeri anticipate<\/h2>\n<p>Potrivit mesajului publicat de Andrei Gu\u0219\u0103, conducerea forma\u021biunii sus\u021bine c\u0103 organizarea unor alegeri anticipate este solu\u021bia pentru actuala situa\u021bie politic\u0103.<\/p>\n<p>\u201eDe pe malul Dun\u0103rii, c\u0103tre to\u021bi rom\u00e2nii din \u021bar\u0103 \u0219i diaspora, conducerea AUR transmite mesajul pentru alegeri anticipate urgente, aceasta e singura \u0219ans\u0103 pentru stabilitate \u0219i prosperitate\u201d, a transmis Andrei Gu\u0219\u0103.Acesta a sus\u021binut c\u0103, \u00een urma unor eventuale alegeri anticipate, AUR urm\u0103re\u0219te formarea unui guvern care s\u0103 conduc\u0103 Rom\u00e2nia pentru urm\u0103torii patru ani.<\/p>\n<p>\u201eAUR va impune apoi un Guvern pentru urm\u0103torii 4 ani, care va administra treburile \u021b\u0103rii strict \u00een INTERES NA\u021aIONAL!\u201d, se mai arat\u0103 \u00een postarea lui Andrei Gu\u0219\u0103.Mesajul a fost transmis s\u00e2mb\u0103t\u0103, 29 august, de la Drobeta-Turnu Severin, \u00een prezen\u021ba mai multor reprezentan\u021bi ai conducerii AUR, printre care \u0219i George Simion.<\/p>\n<p>surs\u0103: stiripesurse.ro<\/p>\n<div class=\"tagcloud qt-spacer-m\"><span class=\"qt-title\">Tagged as <\/span><a href=\"https:\/\/radiogoldfm.ro\/tag\/alegeri-anticipate\/\" rel=\"tag\">alegeri anticipate<\/a><a href=\"https:\/\/radiogoldfm.ro\/tag\/andrei-gusa\/\" rel=\"tag\">andrei gusa<\/a><a href=\"https:\/\/radiogoldfm.ro\/tag\/aur\/\" rel=\"tag\">aur<\/a><a href=\"https:\/\/radiogoldfm.ro\/tag\/gold-fm\/\" rel=\"tag\">GOLD FM<\/a><\/div>\n<div class=\"qt-post-author qt-card\">\n<div class=\"row\">\n<div class=\"qt-post-author-data col s10 m7 l7\">\n<h6>Profil<\/h6>\n<h4><a href=\"https:\/\/radiogoldfm.ro\/aur-cere-alegeri-anticipate-urgente-mesaj-transmis-de-la-drobeta-turnu-severin\/#author_page\">Gold FM Radio<\/a><\/h4>\n<\/div>\n<div class=\"qt-post-author-link col s12 m3 l4 \"><a href=\"https:\/\/radiogoldfm.ro\/author\/gold-fm\/\" class=\"qt-btn qt-btn-large qt-btn-primary aligncenter\">Arhiva postari<\/a><\/div>\n<\/div>\n<\/div>\n<\/div>\n<p>[analyse_source url=&#8221;https:\/\/radiogoldfm.ro\/aur-cere-alegeri-anticipate-urgente-mesaj-transmis-de-la-drobeta-turnu-severin\/&#8221;]<\/p>\n","protected":false},"excerpt":{"rendered":"<p>[analyse_image type=&#8221;featured&#8221; src=&#8221;https:\/\/radiogoldfm.ro\/wp-content\/uploads\/2026\/08\/aur-drobeta-turnu-severin_bkWxM.webphttps:\/\/radiogoldfm.ro\/wp-content\/uploads\/2026\/08\/aur-drobeta-turnu-severin_bkWxM.webp&#8221;] Conducerea AUR a transmis, s\u00e2mb\u0103t\u0103, de la Drobeta-Turnu Severin, un mesaj prin care cere organizarea urgent\u0103 a alegerilor anticipate, sus\u021bin\u00e2nd c\u0103 aceasta ar reprezenta \u201esingura \u0219ans\u0103 pentru stabilitate \u0219i prosperitate\u201d. La ac\u021biune a fost prezent \u0219i liderul partidului, George Simion. Mesajul a fost f\u0103cut public de Andrei Gu\u0219\u0103, \u00eentr-o postare pe Facebook, [&hellip;]<\/p>\n","protected":false},"author":1,"featured_media":0,"comment_status":"open","ping_status":"","sticky":false,"template":"","format":"standard","meta":{"footnotes":""},"categories":[89],"tags":[226,96],"class_list":["post-2120757","post","type-post","status-publish","format-standard","hentry","category-romania","tag-crawlmanager","tag-radiogoldfm-ro"],"_links":{"self":[{"href":"https:\/\/analyse.optim.biz\/index.php?rest_route=\/wp\/v2\/posts\/2120757","targetHints":{"allow":["GET"]}}],"collection":[{"href":"https:\/\/analyse.optim.biz\/index.php?rest_route=\/wp\/v2\/posts"}],"about":[{"href":"https:\/\/analyse.optim.biz\/index.php?rest_route=\/wp\/v2\/types\/post"}],"author":[{"embeddable":true,"href":"https:\/\/analyse.optim.biz\/index.php?rest_route=\/wp\/v2\/users\/1"}],"replies":[{"embeddable":true,"href":"https:\/\/analyse.optim.biz\/index.php?rest_route=%2Fwp%2Fv2%2Fcomments&post=2120757"}],"version-history":[{"count":0,"href":"https:\/\/analyse.optim.biz\/index.php?rest_route=\/wp\/v2\/posts\/2120757\/revisions"}],"wp:attachment":[{"href":"https:\/\/analyse.optim.biz\/index.php?rest_route=%2Fwp%2Fv2%2Fmedia&parent=2120757"}],"wp:term":[{"taxonomy":"category","embeddable":true,"href":"https:\/\/analyse.optim.biz\/index.php?rest_route=%2Fwp%2Fv2%2Fcategories&post=2120757"},{"taxonomy":"post_tag","embeddable":true,"href":"https:\/\/analyse.optim.biz\/index.php?rest_route=%2Fwp%2Fv2%2Ftags&post=2120757"}],"curies":[{"name":"wp","href":"https:\/\/api.w.org\/{rel}","templated":true}]}}