{"id":2120752,"date":"2026-08-31T06:50:28","date_gmt":"2026-08-31T03:50:28","guid":{"rendered":"https:\/\/analyse.optim.biz\/?p=2120752"},"modified":"2026-08-31T06:50:28","modified_gmt":"2026-08-31T03:50:28","slug":"lavrov-avertizeaza-nato-activitatea-din-arctica-poate-declansa-o-confruntare-armata-cu-consecinte-catastrofale","status":"publish","type":"post","link":"https:\/\/analyse.optim.biz\/?p=2120752","title":{"rendered":"Lavrov avertizeaz\u0103 NATO: Activitatea din Arctica poate declan\u0219a o confruntare armat\u0103 cu \u201dconsecin\u021be catastrofale\u201d"},"content":{"rendered":"<p>[analyse_image type=&#8221;featured&#8221; src=&#8221;https:\/\/www.activenews.ro\/images\/articole\/207751.jpg&#8221;]<\/p>\n<div class=\"articleBody\" data-key=\"articleBody\">&lt;div&gt;&lt;span style=&#8221;font-weight: bold;&#8221;&gt;Rusia consider\u0103 activitatea NATO \u00een zona arctic\u0103 drept o amenin\u021bare direct\u0103 la adresa securit\u0103\u021bii sale, a afirmat ministrul de externe Serghei Lavrov \u00eentr-un articol publicat luni, pe fondul intensific\u0103rii prezen\u021bei membrilor alian\u021bei \u00een regiune, ca urmare a r\u0103zboiului Rusiei \u00eempotriva Ucrainei, relateaz\u0103 Reuters, potrivit news.ro.&lt;\/span&gt;&lt;\/div&gt; &lt;div&gt;&lt;br \/&gt; &lt;\/div&gt; &lt;div&gt;\u00cen luna februarie, NATO a lansat o misiune denumit\u0103 \u201eArctic Sentry\u201d pentru a-\u0219i consolida prezen\u021ba \u00een extremul nord, subliniind aten\u021bia sporit\u0103 acordat\u0103 de alian\u021b\u0103 regiunii arctice pe fondul tensiunilor cu Rusia \u0219i al demersurilor pre\u0219edintelui american Donald \u2060Trump de a achizi\u021biona Groenlanda, noteaz\u0103 &lt;a href=&#8221;http:\/\/www.stiripesurse.ro\/moscova-iritata-de-prezenta-nato-in-arctica-o-amenintare-directa-pentru-rusia_3916192&#8243; target=&#8221;_blank&#8221; style=&#8221;color: rgb(120, 120, 120);&#8221;&gt;\u0218tiripesurse&lt;\/a&gt;.&lt;\/div&gt; &lt;div&gt;&lt;br \/&gt; &lt;\/div&gt; &lt;div&gt;Rusia, care dispune de o flot\u0103 ce include submarine cu armament nuclear \u00een Arctica, consider\u0103 regiunea drept sfera sa de interes, unde dezvolt\u0103, de asemenea, o rut\u0103 maritim\u0103 pentru a se conecta cu \u021b\u0103rile asiatice.&lt;\/div&gt; &lt;div&gt;&lt;br \/&gt; &lt;\/div&gt; &lt;div&gt;Moscova a protestat anterior cu privire la misiunea \u201eArctic Sentry\u201d, iar \u00een articol, Lavrov a afirmat c\u0103 Rusia consider\u0103 exerci\u021biile militare ale NATO din regiune ca fiind \u201eagresive\u201d.&lt;\/div&gt; &lt;div&gt;&lt;br \/&gt; &lt;\/div&gt; &lt;div&gt;&lt;span style=&#8221;font-weight: bold;&#8221;&gt;\u201eO astfel de activitate militar\u0103 \u00een Extremul Nord reprezint\u0103 amenin\u021b\u0103ri directe la adresa securit\u0103\u021bii Rusiei. Riscul unor incidente care ar putea declan\u0219a o confruntare armat\u0103, cu consecin\u021be poten\u021bial catastrofale, este \u00een cre\u0219tere\u201d&lt;\/span&gt;, a afirmat el \u00een articolul publicat de Ministerul Afacerilor Externe al Rusiei.&lt;\/div&gt; &lt;div&gt;&nbsp;&lt;\/div&gt; &lt;blockquote class=&#8221;twitter-tweet&#8221;&gt; &lt;p lang=&#8221;en&#8221; dir=&#8221;ltr&#8221;&gt;\u26a1\ufe0fArticle by Foreign Minister Sergey Lavrov, &#8220;International Cooperation in the Arctic: Challenges and Opportunities,\u201d published on &lt;a href=&#8221;https:\/\/t.co\/PZFCAOOrzi&#8221;&gt;https:\/\/t.co\/PZFCAOOrzi&lt;\/a&gt;&lt;br \/&gt; &lt;br \/&gt; \u2022 &lt;a href=&#8221;https:\/\/x.com\/hashtag\/Arctic?src=hash&amp;ref_src=twsrc%5Etfw&#8221;&gt;#Arctic&lt;\/a&gt;&lt;br \/&gt; \u2022 The Northern Sea Route (&lt;a href=&#8221;https:\/\/x.com\/hashtag\/NSR?src=hash&amp;ref_src=twsrc%5Etfw&#8221;&gt;#NSR&lt;\/a&gt;)&lt;br \/&gt; \u2022 &lt;a href=&#8221;https:\/\/x.com\/hashtag\/NATO?src=hash&amp;ref_src=twsrc%5Etfw&#8221;&gt;#NATO&lt;\/a&gt; &lt;a href=&#8221;https:\/\/x.com\/hashtag\/Militarisation?src=hash&amp;ref_src=twsrc%5Etfw&#8221;&gt;#Militarisation&lt;\/a&gt;&lt;br \/&gt; \u2022 &lt;a href=&#8221;https:\/\/x.com\/hashtag\/FarNorth?src=hash&amp;ref_src=twsrc%5Etfw&#8221;&gt;#FarNorth&lt;\/a&gt;&lt;br \/&gt; &lt;br \/&gt; ???? Read in full: &lt;a href=&#8221;https:\/\/t.co\/hytxfR1e1F&#8221;&gt;https:\/\/t.co\/hytxfR1e1F&lt;\/a&gt; &lt;a href=&#8221;https:\/\/t.co\/2EWfecK1Ko&#8221;&gt;pic.twitter.com\/2EWfecK1Ko&lt;\/a&gt;&lt;\/p&gt;\u2014 MFA Russia ???????? (@mfa_russia) &lt;a href=&#8221;https:\/\/x.com\/mfa_russia\/status\/2094174094296056171?ref_src=twsrc%5Etfw&#8221;&gt;August 30, 2026&lt;\/a&gt;&lt;\/blockquote&gt; &lt;script async=&#8221;&#8221; src=&#8221;https:\/\/platform.x.com\/widgets.js&#8221; charset=&#8221;utf-8&#8243;&gt; \/\/&lt;![CDATA[ \/\/]]&gt; &lt;\/script&gt; &lt;div&gt;&lt;br \/&gt; &lt;\/div&gt; &lt;div&gt;Rusia are cea mai mare prezen\u021b\u0103 militar\u0103 \u0219i cea mai extins\u0103 infrastructur\u0103 militar\u0103 \u00een Arctica, iar \u00een ultimii ani China a \u00eenceput s\u0103-\u0219i intensifice activitatea \u00een aceast\u0103 zon\u0103 bogat\u0103 \u00een resurse minerale, \u00een principal \u00een parteneriat cu Moscova.&lt;\/div&gt; &lt;div&gt;&lt;br \/&gt; &lt;\/div&gt; &lt;div&gt;Norvegia, vecin\u0103 a Rusiei, a extins luna aceasta o brigad\u0103 militar\u0103 recent \u00eenfiin\u021bat\u0103, cu sediul \u00een Arctica, aceasta fiind cea mai recent\u0103 m\u0103sur\u0103 luat\u0103 de o \u021bar\u0103 membr\u0103 a NATO pentru a-\u0219i consolida prezen\u021ba \u00een domeniul ap\u0103r\u0103rii, \u00een urma r\u0103zboiului din Ucraina pe care Rusia l-a declan\u0219at \u00een 2022. Moscova a respins anterior acuza\u021biile potrivit c\u0103rora ar reprezenta o amenin\u021bare pentru NATO.&lt;\/div&gt;<\/div>\n<p>[analyse_source url=&#8221;https:\/\/www.activenews.ro\/stiri\/Lavrov-avertizeaza-NATO-Activitatea-din-Arctica-poate-declansa-o-confruntare-armata-cu-consecinte-catastrofale-207751&#8243;]<\/p>\n","protected":false},"excerpt":{"rendered":"<p>[analyse_image type=&#8221;featured&#8221; src=&#8221;https:\/\/www.activenews.ro\/images\/articole\/207751.jpg&#8221;] &lt;div&gt;&lt;span style=&#8221;font-weight: bold;&#8221;&gt;Rusia consider\u0103 activitatea NATO \u00een zona arctic\u0103 drept o amenin\u021bare direct\u0103 la adresa securit\u0103\u021bii sale, a afirmat ministrul de externe Serghei Lavrov \u00eentr-un articol publicat luni, pe fondul intensific\u0103rii prezen\u021bei membrilor alian\u021bei \u00een regiune, ca urmare a r\u0103zboiului Rusiei \u00eempotriva Ucrainei, relateaz\u0103 Reuters, potrivit news.ro.&lt;\/span&gt;&lt;\/div&gt; &lt;div&gt;&lt;br \/&gt; &lt;\/div&gt; &lt;div&gt;\u00cen luna [&hellip;]<\/p>\n","protected":false},"author":1,"featured_media":0,"comment_status":"open","ping_status":"","sticky":false,"template":"","format":"standard","meta":{"footnotes":""},"categories":[89],"tags":[98,226],"class_list":["post-2120752","post","type-post","status-publish","format-standard","hentry","category-romania","tag-activenews-ro","tag-crawlmanager"],"_links":{"self":[{"href":"https:\/\/analyse.optim.biz\/index.php?rest_route=\/wp\/v2\/posts\/2120752","targetHints":{"allow":["GET"]}}],"collection":[{"href":"https:\/\/analyse.optim.biz\/index.php?rest_route=\/wp\/v2\/posts"}],"about":[{"href":"https:\/\/analyse.optim.biz\/index.php?rest_route=\/wp\/v2\/types\/post"}],"author":[{"embeddable":true,"href":"https:\/\/analyse.optim.biz\/index.php?rest_route=\/wp\/v2\/users\/1"}],"replies":[{"embeddable":true,"href":"https:\/\/analyse.optim.biz\/index.php?rest_route=%2Fwp%2Fv2%2Fcomments&post=2120752"}],"version-history":[{"count":0,"href":"https:\/\/analyse.optim.biz\/index.php?rest_route=\/wp\/v2\/posts\/2120752\/revisions"}],"wp:attachment":[{"href":"https:\/\/analyse.optim.biz\/index.php?rest_route=%2Fwp%2Fv2%2Fmedia&parent=2120752"}],"wp:term":[{"taxonomy":"category","embeddable":true,"href":"https:\/\/analyse.optim.biz\/index.php?rest_route=%2Fwp%2Fv2%2Fcategories&post=2120752"},{"taxonomy":"post_tag","embeddable":true,"href":"https:\/\/analyse.optim.biz\/index.php?rest_route=%2Fwp%2Fv2%2Ftags&post=2120752"}],"curies":[{"name":"wp","href":"https:\/\/api.w.org\/{rel}","templated":true}]}}