{"id":2120742,"date":"2026-08-31T17:42:27","date_gmt":"2026-08-31T14:42:27","guid":{"rendered":"https:\/\/analyse.optim.biz\/?p=2120742"},"modified":"2026-08-31T17:42:27","modified_gmt":"2026-08-31T14:42:27","slug":"conflictul-de-la-hasdeu-intra-intr-o-noua-etapa-anca-florea-anunta-noi-demersuri-profesorii-reactioneaza-printr-o-scrisoare","status":"publish","type":"post","link":"https:\/\/analyse.optim.biz\/?p=2120742","title":{"rendered":"Conflictul de la Hasdeu intr\u0103 \u00eentr-o nou\u0103 etap\u0103. Anca Florea anun\u021b\u0103 noi demersuri, profesorii reac\u021bioneaz\u0103 printr-o scrisoare"},"content":{"rendered":"<p>[analyse_image type=&#8221;featured&#8221; src=&#8221;https:\/\/gazetabuzoiana.ro\/wp-content\/uploads\/2026\/08\/hasdeuuuu.jpg&#8221;]<\/p>\n<div class=\"entry-content entry clearfix\">\n<p class=\"wp-block-paragraph\">Lucrurile sunt departe de a se lini\u0219ti la Colegiul Na\u021bional \u201eB.P. Hasdeu\u201d. Conflictul dintre directorul adjunct \u0219i jum\u0103tate dintre profesorii colegiului a devenit public odat\u0103 cu publicarea, de c\u0103tre <em>Gazeta Buzoian\u0103<\/em>, a memoriului transmis de ace\u0219tia  Inspectoratului \u0218colar Jude\u021bean Buz\u0103u, despre care g\u0103si\u021bi am\u0103nunte <strong><a href=\"https:\/\/gazetabuzoiana.ro\/2026\/08\/26\/memoriul-care-nu-a-ajuns-in-presa-profesorii-din-hasdeu-au-cerut-ca-anca-florea-sa-nu-mai-fie-director-avem-documentul\/\">AICI<\/a><\/strong>. Ieri, disputa a cunoscut un nou episod. Directorul adjunct al colegiului, Anca Florea, a publicat pe Facebook un r\u0103spuns amplu la articolul nostru, iar \u00een interiorul grupului de WhatsApp al profesorilor de la Hasdeu, a fost transmis\u0103 o scrisoare deschis\u0103 la care au subscris mai mul\u021bi colegi prin diferite mesaje.<\/p>\n<p class=\"wp-block-paragraph\">Vom pune cele dou\u0103 texte \u00een oglind\u0103 pentru c\u0103 vorbesc despre aceea\u0219i situa\u021bie \u0219i arat\u0103 c\u00e2t de diferit este v\u0103zut conflictul din interiorul \u0219colii.<\/p>\n<h2 class=\"wp-block-heading\">Anca Florea: \u201eNu ies din scen\u0103\u201d<\/h2>\n<p class=\"wp-block-paragraph\">\u00cen mesajul s\u0103u de pe Facebook, Anca Florea respinge ideea c\u0103 schimbarea din func\u021bia de director ar \u00eensemna retragerea sa.<em> \u201eUn profesor, fie el \u0219i pentru o perioad\u0103 director, nu iese niciodat\u0103 din scen\u0103\u201d, spune aceasta, apoi accentueaz\u0103 afirm\u00e2nd urm\u0103toarele:\u201ePersonal, NU ies din scen\u0103, pentru c\u0103 nu func\u021bia de director mi-a legitimat op\u021biunile profesionale.\u201d<\/em><\/p>\n<p class=\"wp-block-paragraph\">\u00cen acest fel, directorul adjunct transmite c\u0103, din punctul s\u0103u de vedere, plecarea din func\u021bia de conducere nu \u00eenchide disputa \u0219i c\u0103 va continua s\u0103 \u00ee\u0219i apere public \u0219i institu\u021bional pozi\u021bia. De altfel, domnia sa a anun\u021bat mai multe demersuri spun\u00e2nd c\u0103, \u00een memoriul adresat ministrului Educa\u021biei \u0219i Cercet\u0103rii, a solicitat \u0219i un control al activit\u0103\u021bii sale manageriale, pentru ca aceasta s\u0103 fie analizat\u0103 strict de Corpul de Control al ministrului. Motiva\u021bia invocat\u0103 este aceea c\u0103 imaginea sa public\u0103 ar fi fost afectat\u0103 de ceea ce s-a afirmat \u00een spa\u021biul public.<\/p>\n<p class=\"wp-block-paragraph\">Mesajul Anc\u0103i Florea \u00eencepe \u0219i se termin\u0103 cu expresia latin\u0103 <em>\u201eAlea iacta est\u201d<\/em>, o expresie latin\u0103 care, \u00een traducere, \u00eenseamn\u0103 \u201ezarurile au fost aruncate\u201d. Expresia este legat\u0103 de Iulius Cezar \u0219i de momentul \u00een care acesta a trecut Rubiconul, un pas care a dus la izbucnirea r\u0103zboiului civil, ceea ce \u00eenseamn\u0103 c\u0103 mesajul pe care a dorit s\u0103-l transmit\u0103 Florea este acela c\u0103  lucrurile au ajuns \u00eentr-un punct \u00een care fiecare trebuie s\u0103 \u00ee\u0219i asume ceea ce a spus \u0219i a f\u0103cut.<\/p>\n<p class=\"wp-block-paragraph\">\u00cen acela\u0219i timp, ea sus\u021bine c\u0103 nu a afectat imaginea \u0219colii sau a colegilor prin pozi\u021biile exprimate public.<\/p>\n<p class=\"wp-block-paragraph\">Unul dintre repro\u0219urile sale se refer\u0103 la memoriul semnat de profesori. Florea pune la \u00eendoial\u0103 dac\u0103 pagina cu semn\u0103turi este legat\u0103 de solicitarea propriu-zis\u0103 \u0219i spune c\u0103 trebuie verificat num\u0103rul real al celor care au semnat.<\/p>\n<p class=\"wp-block-paragraph\">Ea mai sus\u021bine c\u0103, dac\u0103 \u00eentr-adev\u0103r aproximativ 40 de profesori din 60 erau nemul\u021bumi\u021bi de activitatea sa, ace\u0219tia puteau folosi procedurile institu\u021bionale ale \u0219colii, respectiv Consiliul profesoral sau Consiliul de administra\u021bie.<\/p>\n<p class=\"wp-block-paragraph\">Mai spune c\u0103 va cere \u0219i cercetarea celor pe care \u00eei consider\u0103 responsabili pentru ceea ce nume\u0219te \u201eun dur atac la persoan\u0103\u201d.<\/p>\n<h1 class=\"wp-block-heading\">R\u0103spunsul profesorilor: \u201eScrisoarea unui stalinist imbecil c\u0103tre Victor Petrini\u201d<\/h1>\n<p class=\"wp-block-paragraph\">Tot duminic\u0103, pe grupul intern de WhatsApp al profesorilor de la Hasdeu, a fost transmis\u0103 o scrisoare intitulat\u0103:<\/p>\n<p class=\"wp-block-paragraph\"><strong>\u201eSCRISOAREA UNUI STALINIST IMBECIL C\u0102TRE VICTOR PETRINI\u201d<\/strong>.<\/p>\n<p class=\"wp-block-paragraph\">Titlul face trimitere la personajul Victor Petrini, din romanul <em>\u201eCel mai iubit dintre p\u0103m\u00e2nteni\u201d<\/em>, \u0219i este, evident, o formulare ironic\u0103 \u0219i provocatoare.<\/p>\n<p class=\"wp-block-paragraph\">Autorul scrisorii spune c\u0103 este unul dintre profesorii care au semnat memoriul \u0219i r\u0103spunde direct afirma\u021biilor f\u0103cute de Anca Florea \u0219i \u00eei repro\u0219eaz\u0103, \u00een principal, modul \u00een care s-a prezentat public dup\u0103 apari\u021bia memoriului.<\/p>\n<p class=\"wp-block-paragraph\">Printre acuza\u021biile formulate se num\u0103r\u0103 c\u0103:<\/p>\n<ul class=\"wp-block-list\">\n<li>ar fi \u00eencercat s\u0103 creeze imaginea unei victime a unei \u201edestituiri abuzive\u201d;<\/li>\n<li>ar fi prezentat informa\u021bii false despre vechimea sa ca director adjunct;<\/li>\n<li>nu ar fi avut o rela\u021bie bun\u0103 de colaborare cu colegii;<\/li>\n<li>ar fi creat tensiuni \u00een \u0219edin\u021bele Consiliului profesoral;<\/li>\n<li>nu ar fi fost aleas\u0103 \u00een ultimii doi ani \u00een Consiliul de administra\u021bie;<\/li>\n<li>ar fi avut conflicte cu persoane din conducerea \u0219colii;<\/li>\n<li>ar fi f\u0103cut numeroase reclama\u021bii \u0219i post\u0103ri publice \u00een timpul actualei conduceri;<\/li>\n<li>ar fi avut un comportament pe care autorii \u00eel consider\u0103 lipsit de empatie fa\u021b\u0103 de unii colegi \u0219i elevi;<\/li>\n<li>\u0219i-ar fi asociat imaginea personal\u0103 cu realiz\u0103rile \u0219colii prin fotografiile \u0219i post\u0103rile de pe Facebook.<\/li>\n<\/ul>\n<p class=\"wp-block-paragraph\">\u00cen scrisoare se mai men\u021bioneaz\u0103 c\u0103 nu este contestat\u0103 calitatea de profesor a Anc\u0103i Florea \u0219i c\u0103 repro\u0219urile profesorilor vizeaz\u0103 activitatea sa ca director adjunct.<\/p>\n<h1 class=\"wp-block-heading\">\u201eQuousque tandem abutere, Catilina, patientia nostra?\u201d<\/h1>\n<p class=\"wp-block-paragraph\">Scrisoarea profesorului \u00eencepe cu o alt\u0103 expresie latin\u0103, din Cicero:<\/p>\n<p class=\"wp-block-paragraph\"><em>\u201eQuousque tandem abutere, Catilina, patientia nostra?\u201d<\/em>, expresie care \u00een traducere, \u00eenseamn\u0103: <em>\u201eP\u00e2n\u0103 c\u00e2nd, Catilina, vei abuza de r\u0103bdarea noastr\u0103?\u201d<\/em><\/p>\n<p class=\"wp-block-paragraph\">Este o formulare prin care autorul transmite c\u0103 r\u0103bdarea sa \u0219i a celor care \u00eel sus\u021bin pe acest subiect a ajuns la limit\u0103.<\/p>\n<p class=\"wp-block-paragraph\">\u00cen scrisoare mai apare \u0219i urm\u0103toarea expresie \u00een latin\u0103:  <em>\u201eQuam diu etiam furor iste tuus nos eludet?\u201d<\/em> \u00cen traducere: <em>\u201eC\u00e2t timp nebunia asta a ta \u00ee\u0219i va mai bate joc de noi?\u201d<\/em><\/p>\n<p class=\"wp-block-paragraph\">Cele dou\u0103 expresii dau tonul \u00eentregii scrisori, care este un r\u0103spuns dur, adresat direct Anc\u0103i Florea, dup\u0103 apari\u021bia post\u0103rii sale publice.<\/p>\n<p class=\"wp-block-paragraph\">Scrisoarea, sus\u021binut\u0103 prin mesaje de mai mul\u021bi profesori din Hasdeu, poate fi citit\u0103 integral la finalul articolului.<\/p>\n<h1 class=\"wp-block-heading\">Dou\u0103 versiuni diferite ale aceluia\u0219i conflict<\/h1>\n<p class=\"wp-block-paragraph\">Cele dou\u0103 texte arat\u0103 foarte clar cum este v\u0103zut\u0103 situa\u021bia de fiecare parte a conflictului deschis \u0219i c\u00e2t de diferite sunt acuza\u021biile \u0219i explica\u021biile celor implica\u021bi.<\/p>\n<p class=\"wp-block-paragraph\">Anca Florea spune c\u0103 nu a afectat imaginea \u0219colii, contest\u0103 modul \u00een care a fost prezentat memoriul, cere verificarea activit\u0103\u021bii sale manageriale \u0219i anun\u021b\u0103 noi demersuri pentru ap\u0103rarea imaginii sale.<\/p>\n<p class=\"wp-block-paragraph\">Profesorii care au sus\u021binut scrisoarea \u00eei repro\u0219eaz\u0103 lipsa colabor\u0103rii, tensiunile din \u0219coal\u0103, comportamentul fa\u021b\u0103 de colegi \u0219i modul \u00een care s-a prezentat public dup\u0103 apari\u021bia memoriului.<\/p>\n<p class=\"wp-block-paragraph\">Un schimb de acuza\u021bii \u00een care fiecare parte spune c\u0103 cealalt\u0103 este responsabil\u0103 pentru conflictul care a ajuns s\u0103 afecteze lini\u0219tea \u0219i chiar imaginea Colegiului Na\u021bional \u201eB.P. Hasdeu\u201d, ceea ce demonstreaz\u0103 c\u0103 tensiunile dintre cele dou\u0103 p\u0103r\u021bi sunt departe de a fi \u00eencheiate.<\/p>\n<p class=\"wp-block-paragraph\">Iat\u0103 scrisoarea la care am f\u0103cut referire mai sus, pe care o public\u0103m integral, \u00een forma \u00een care a fost transmis\u0103 profesorilor de la Hasdeu:<\/p>\n<p class=\"wp-block-paragraph\"><strong><em>SCRISOAREA UNUI STALINIST IMBECIL C\u0102TRE VICTOR PETRINI<\/em><\/strong><\/p>\n<p class=\"wp-block-paragraph\"><em>Quousque tandem abutere, Catilina, patientia nostra?<\/em><\/p>\n<p class=\"wp-block-paragraph\"><em>\u00a0Quam diu etiam furor iste tuus nos eludet? (Cicero)<\/em><\/p>\n<p class=\"wp-block-paragraph\"><em>* P\u00e2n\u0103 c\u00e2nd, Catilina, vei abuza de r\u0103bdarea noastr\u0103?<\/em><\/p>\n<p class=\"wp-block-paragraph\"><em>C\u00e2t timp nebunia asta a ta \u00ee\u0219i va mai bate joc de noi? (traducere)<\/em><\/p>\n<p class=\"wp-block-paragraph\"><em>\u00cen condi\u021bii normale, nu a\u0219 fi apelat la modalitatea aceasta de comunicare. Exist\u0103 oameni cu care e o adev\u0103rat\u0103 pl\u0103cere chiar s\u0103 te \u0219i cer\u021bi,\u00a0 s\u0103 discu\u021bi \u00een contradictoriu, din astfel de contradic\u021bii iese adesea la iveal\u0103 adev\u0103rul.\u00a0 Cum pentru tine dialogul se nume\u0219te \u201cdrept la replic\u0103\u201d, prefer varianta monologului adresat:<\/em><\/p>\n<p class=\"wp-block-paragraph\"><em>1. Sunt unul dintre semnatarii memoriului depus la ISJ.<\/em><\/p>\n<p class=\"wp-block-paragraph\"><em>2. Modul \u00een care te-ai manifestat \u00een spa\u021biul public ulterior lu\u0103rii la cuno\u0219tin\u021b\u0103 despre acest memoriu a reprezentat o form\u0103 de manipulare a opiniei publice, astfel \u00eenc\u00e2t s\u0103 fii perceput\u0103 ca o victim\u0103 a unei destituiri abuzive, ceea ce este complet fals. \u00cen primul r\u00e2nd,\u00a0 mandatul t\u0103u se \u00eencheiase oficial \u00eenc\u0103 din ianuarie 2026. Conducerea ISJ doar a dat curs solicit\u0103rii unui grup consistent de profesori ai colegiului de a nu \u021bi se mai prelungi decizia de\u00a0 men\u021binere \u00een func\u021bie.<\/em><\/p>\n<p class=\"wp-block-paragraph\"><em>3. \u00cen prezentarea pe care ai f\u0103cut-o public\u0103 pe pagina ta de facebook declari c\u0103 e\u0219ti director adjunct al colegiului din 2005. O minciun\u0103 stupefiant\u0103! Pe bun\u0103 dreptate, cei care \u00ee\u021bi urm\u0103resc activitatea pe re\u021beaua de socializare nu \u00een\u021beleg ce i-a apucat pe colegii t\u0103i s\u0103 te conteste dup\u0103\u00a0 21 de ani de conducere \u00een\u021beleapt\u0103. E cazul s\u0103 ne reamintim c\u0103 unicul t\u0103u mandat a inceput acum circa 4 ani. Ai \u00eenceput cu un credit substan\u021bial de sus\u021binere \u0219i \u00eencredere din partea majorit\u0103\u021bii colegilor. Un credit pe care l-ai irosit prin comportamentul t\u0103u.<\/em><\/p>\n<p class=\"wp-block-paragraph\"><em>4. Post\u0103rile tale\u00a0 manipulatoare au atras comentariile urm\u0103torilor t\u0103i.\u00a0 Conform acestora, cei care te contest\u0103 sunt \u201eagitatori de tinichea\u201d, \u201es\u0103ge\u021bi imbecile\u201d, \u201easa-zis profesori\u201d, \u201eca ni\u0219te c\u00e2ini turba\u021bi\u201d, iar tu e\u0219ti un Victor Petrini sau un Noica atacat de stalini\u0219ti imbecili, incapabili s\u0103 \u00een\u021beleag\u0103 ce om de valoare e\u0219ti. Nu ai \u0219ters, nu ai restric\u021bionat,\u00a0 dar, mai ales, nu ai manifestat nicio atitudine prin care s\u0103 comba\u021bi asemenea jigniri. Le-ai aprobat tacit, dovad\u0103 c\u0103 sunt \u00een concordan\u021b\u0103 cu p\u0103rerea pe care o ai despre colegii t\u0103i.<\/em><\/p>\n<p class=\"wp-block-paragraph\"><em>5. Una dintre persoanele care \u00ee\u0219i exprimau sus\u021binerea se \u00eentreba ce fel de colegi suntem, dac\u0103 am depus memoriul f\u0103r\u0103 \u00eencerc\u0103ri prealabile de a rezolva problemele existente. \u00cen spiritul verticalit\u0103\u021bii pe care o clamezi,\u00a0 ai fi putut s\u0103 \u00eei aminte\u0219ti,\u00a0 de exemplu, de faptul c\u0103 \u00een ultimii doi ani nu ai fost aleas\u0103 \u00een Consiliul de administra\u021bie al \u0219colii, un vot de blam din partea consiliului profesoral de care nu a avut parte niciun director adjunct al \u0219colii din 1990 p\u00e2n\u0103 \u00een zilele noastre. Un mesaj clar c\u0103 oamenii nu te doresc \u00een conducerea \u0219colii.\u00a0 Clar pentru oricine, cu excep\u021bia ta! Ai putea s\u0103 \u00eei spui de starea de tensiune pe care o generezi la fiecare consiliu cu monologurile tale \u00een care reiei la nesf\u00e2r\u0219it acuza\u021bii aberante la adresa colegilor, la faptul c\u0103 ne-am exprimat nu o dat\u0103 refuzul de a te mai asculta, ridic\u00e2ndu-ne \u0219i p\u0103r\u0103sind consiliul. Eu \u00eens\u0103mi \u021bi-am transmis direct, at\u00e2t \u00een privat, c\u00e2t \u0219i \u00een plen, c\u0103 este gre\u0219it modul \u00een care te manife\u0219ti \u00een rela\u021bie cu noi to\u021bi,<\/em><\/p>\n<p class=\"wp-block-paragraph\"><em>6. Ai putea s\u0103 le mai poveste\u0219ti sus\u021bin\u0103torilor t\u0103i c\u0103 nu e\u0219ti un om de echip\u0103 \u2013 calitate fundamental\u0103 a unui lider autentic \u2013 c\u0103 nu ai fost capabil\u0103 s\u0103 colaborezi cu doamna directoare \u00a0\u00een perioada mandatului s\u0103u; c\u0103, dup\u0103 demisia sa, ISJ i-a propus unui alt coleg al nostru s\u0103\u00a0 preia aceast\u0103 func\u021bie, dar ai avut o atitudine ostil\u0103 \u0219i jignitoare fa\u021b\u0103 de acesta, \u00eenc\u00e2t colegul a decis s\u0103 nu mai accepte propunerea; c\u0103, dup\u0103 venirea la conducerea \u0219colii a actualului director a \u00eenceput activitatea ta scriitoriceasc\u0103: pe de o parte, zeci de reclama\u021bii \u00eempotriva celui cu care, prin fi\u0219a postului, aveai obliga\u021bia s\u0103 colaborezi pentru bunul mers al \u0219colii, pe de alt\u0103 parte, post\u0103ri pe facebook prin care te str\u0103duiai s\u0103 \u00ee\u021bi creezi imaginea de \u201est\u00e2lp al societ\u0103\u021bii\u201d (cum te nume\u0219te un alt sus\u021bin\u0103tor de pe facebook).<\/em><\/p>\n<p class=\"wp-block-paragraph\"><em>7. Ai mai putea povesti despre h\u0103r\u021buirea grosolan\u0103 a mai multor colege sau despre meschin\u0103ria pe care ai ticluit-o din dorin\u021ba de a r\u0103ni o coleg\u0103 care a ie\u0219it la pensie.<\/em><\/p>\n<p class=\"wp-block-paragraph\"><em>8. Ai putea spune cum capacitatea de a \u00een\u021belege situa\u021bii omene\u0219ti e \u00eenlocuit\u0103, \u00een cazul t\u0103u,\u00a0 de \u201eaplicarea procedurii\u201d. \u00cemi amintesc de situa\u021bia din var\u0103 cu cei patru elevi care au \u00eent\u00e2rziat c\u00e2teva minute\u00a0 la proba de competen\u021be \u00een limba englez\u0103.\u00a0 Unul dintre ei, fost elev,\u00a0 m-a sunat disperat c\u0103 nu \u0219tie ce se face el, c\u0103 rateaz\u0103 bacalaureatul. Tocmai se int\u00e2lnise cu tine \u0219i fusese expediat rece \u00een curte s\u0103 a\u0219tepte decizia ta. Procedurile nu con\u021bineau \u0219i o atitudine omeneasc\u0103 fa\u021b\u0103 de ace\u0219ti copii\u2026<\/em><\/p>\n<p class=\"wp-block-paragraph\"><em>9. Ai putea spune de ce \u00eenso\u021be\u0219ti toate post\u0103rile despre realiz\u0103rile \u0219colii cu portretele tale. Nu fotografia elevului, nu poza \u0219colii, ci imaginea ta semea\u021b\u0103 \u0219i solitar\u0103. Pentru a fi asociat succesul respectiv cu persoana ta? Ca profesor de logic\u0103 \u0219i psihologie, m\u0103 a\u0219teptam s\u0103 \u00ee\u021bi dai seama c\u0103 aceast\u0103 afi\u0219are a propriei imagini, cu rost sau f\u0103r\u0103 rost, e, de fapt, incompatibil\u0103 cu ceea ce e de a\u0219teptat de la un manager bun \u2013 om de echip\u0103, bun profesionist, dar nu lipsit de empatie.<\/em><\/p>\n<p class=\"wp-block-paragraph\"><em>10. Ai distribuit mesajul de sus\u021binere al unei foste eleve, care aminte\u0219te de calitatea ta ca profesor. Nu a contestat vreunul dintre noi calitatea ta de profesor. Am f\u0103cut referire strict la presta\u021bia ta ca director adjunct.<\/em><\/p>\n<p class=\"wp-block-paragraph\"><em>Si acum te preg\u0103te\u0219ti pentru concursul de directori ? Vrei s\u0103 fii directoarea noastr\u0103? A celor pe care, de fapt, \u00eei dispre\u021buie\u0219ti \u0219i cu care nu \u0219tii nici s\u0103 colaborezi, nici s\u0103 dialoghezi? Oare ce \u00eenseamn\u0103 pentru tine s\u0103 fii director?<\/em><\/p>\n<div class=\"post-bottom-meta post-bottom-tags post-tags-modern\">\n<div class=\"post-bottom-meta-title\"> Etichete<\/div>\n<p><span class=\"tagcloud\"><a href=\"https:\/\/gazetabuzoiana.ro\/tag\/alea-iacta-est\/\" rel=\"tag\">Alea iacta est<\/a><a href=\"https:\/\/gazetabuzoiana.ro\/tag\/anca-florea\/\" rel=\"tag\">Anca Florea<\/a><a href=\"https:\/\/gazetabuzoiana.ro\/tag\/buzau-2\/\" rel=\"tag\">Buz\u0103u<\/a><a href=\"https:\/\/gazetabuzoiana.ro\/tag\/catilina\/\" rel=\"tag\">Catilina<\/a><a href=\"https:\/\/gazetabuzoiana.ro\/tag\/cicero\/\" rel=\"tag\">Cicero<\/a><a href=\"https:\/\/gazetabuzoiana.ro\/tag\/colegiul-national-b-p-hasdeu-2\/\" rel=\"tag\">Colegiul Na\u021bional B.P. Hasdeu<\/a><a href=\"https:\/\/gazetabuzoiana.ro\/tag\/conducerea-hasdeu\/\" rel=\"tag\">conducerea Hasdeu<\/a><a href=\"https:\/\/gazetabuzoiana.ro\/tag\/conflict-hasdeu\/\" rel=\"tag\">conflict Hasdeu<\/a><a href=\"https:\/\/gazetabuzoiana.ro\/tag\/consiliul-profesoral\/\" rel=\"tag\">Consiliul profesoral<\/a><a href=\"https:\/\/gazetabuzoiana.ro\/tag\/corpul-de-control\/\" rel=\"tag\">Corpul de Control<\/a><a href=\"https:\/\/gazetabuzoiana.ro\/tag\/director-adjunct\/\" rel=\"tag\">director adjunct<\/a><a href=\"https:\/\/gazetabuzoiana.ro\/tag\/educatie-buzau\/\" rel=\"tag\">Educa\u021bie Buz\u0103u<\/a><a href=\"https:\/\/gazetabuzoiana.ro\/tag\/inspectoratul-scolar-judetean-buzau\/\" rel=\"tag\">Inspectoratul \u0218colar Jude\u021bean Buz\u0103u<\/a><a href=\"https:\/\/gazetabuzoiana.ro\/tag\/invatamant-buzau\/\" rel=\"tag\">\u00eenv\u0103\u021b\u0103m\u00e2nt Buz\u0103u<\/a><a href=\"https:\/\/gazetabuzoiana.ro\/tag\/isj-buzau-2\/\" rel=\"tag\">ISJ Buz\u0103u<\/a><a href=\"https:\/\/gazetabuzoiana.ro\/tag\/iulius-cezar\/\" rel=\"tag\">Iulius Cezar<\/a><a href=\"https:\/\/gazetabuzoiana.ro\/tag\/memoriu-profesori\/\" rel=\"tag\">memoriu profesori<\/a><a href=\"https:\/\/gazetabuzoiana.ro\/tag\/profesori-hasdeu\/\" rel=\"tag\">profesori Hasdeu<\/a><a href=\"https:\/\/gazetabuzoiana.ro\/tag\/scrisoare-profesori\/\" rel=\"tag\">scrisoare profesori<\/a><a href=\"https:\/\/gazetabuzoiana.ro\/tag\/tensiuni-hasdeu\/\" rel=\"tag\">tensiuni Hasdeu<\/a><\/span><\/div>\n<\/div>\n<p>[analyse_source url=&#8221;https:\/\/gazetabuzoiana.ro\/2026\/08\/31\/la-hasdeu-lucrurile-sunt-departe-de-a-se-linisti-razboiul-continua-prin-mesaje-scrisori-si-postari-pe-facebook\/&#8221;]<\/p>\n","protected":false},"excerpt":{"rendered":"<p>[analyse_image type=&#8221;featured&#8221; src=&#8221;https:\/\/gazetabuzoiana.ro\/wp-content\/uploads\/2026\/08\/hasdeuuuu.jpg&#8221;] Lucrurile sunt departe de a se lini\u0219ti la Colegiul Na\u021bional \u201eB.P. Hasdeu\u201d. Conflictul dintre directorul adjunct \u0219i jum\u0103tate dintre profesorii colegiului a devenit public odat\u0103 cu publicarea, de c\u0103tre Gazeta Buzoian\u0103, a memoriului transmis de ace\u0219tia Inspectoratului \u0218colar Jude\u021bean Buz\u0103u, despre care g\u0103si\u021bi am\u0103nunte AICI. Ieri, disputa a cunoscut un nou episod. [&hellip;]<\/p>\n","protected":false},"author":1,"featured_media":0,"comment_status":"open","ping_status":"","sticky":false,"template":"","format":"standard","meta":{"footnotes":""},"categories":[2],"tags":[226,38],"class_list":["post-2120742","post","type-post","status-publish","format-standard","hentry","category-politics","tag-crawlmanager","tag-gazetabuzoiana-ro"],"_links":{"self":[{"href":"https:\/\/analyse.optim.biz\/index.php?rest_route=\/wp\/v2\/posts\/2120742","targetHints":{"allow":["GET"]}}],"collection":[{"href":"https:\/\/analyse.optim.biz\/index.php?rest_route=\/wp\/v2\/posts"}],"about":[{"href":"https:\/\/analyse.optim.biz\/index.php?rest_route=\/wp\/v2\/types\/post"}],"author":[{"embeddable":true,"href":"https:\/\/analyse.optim.biz\/index.php?rest_route=\/wp\/v2\/users\/1"}],"replies":[{"embeddable":true,"href":"https:\/\/analyse.optim.biz\/index.php?rest_route=%2Fwp%2Fv2%2Fcomments&post=2120742"}],"version-history":[{"count":0,"href":"https:\/\/analyse.optim.biz\/index.php?rest_route=\/wp\/v2\/posts\/2120742\/revisions"}],"wp:attachment":[{"href":"https:\/\/analyse.optim.biz\/index.php?rest_route=%2Fwp%2Fv2%2Fmedia&parent=2120742"}],"wp:term":[{"taxonomy":"category","embeddable":true,"href":"https:\/\/analyse.optim.biz\/index.php?rest_route=%2Fwp%2Fv2%2Fcategories&post=2120742"},{"taxonomy":"post_tag","embeddable":true,"href":"https:\/\/analyse.optim.biz\/index.php?rest_route=%2Fwp%2Fv2%2Ftags&post=2120742"}],"curies":[{"name":"wp","href":"https:\/\/api.w.org\/{rel}","templated":true}]}}