{"id":2120739,"date":"2026-08-31T10:19:36","date_gmt":"2026-08-31T07:19:36","guid":{"rendered":"https:\/\/analyse.optim.biz\/?p=2120739"},"modified":"2026-08-31T10:19:36","modified_gmt":"2026-08-31T07:19:36","slug":"situatie-controversata-la-o-scoala-dupa-repartizarea-normelor-didactice-un-post-de-director-adjunct-ocupat-de-cumnata-inspectorului-scolar-general-dana-palcau","status":"publish","type":"post","link":"https:\/\/analyse.optim.biz\/?p=2120739","title":{"rendered":"Situa\u021bie controversat\u0103 la o \u0219coal\u0103, dup\u0103 repartizarea normelor didactice! Un post de director adjunct, ocupat de cumnata inspectorului \u0219colar general Dana Palc\u0103u"},"content":{"rendered":"<p>[analyse_image type=&#8221;featured&#8221; src=&#8221;https:\/\/gazetabuzoiana.ro\/wp-content\/uploads\/2026\/08\/titularizare-2024-2025.webp&#8221;]<\/p>\n<div class=\"entry-content entry clearfix\">\n<p class=\"wp-block-paragraph\">\u0218i \u00een acest an, examenul de titularizare a n\u0103scut pasiuni, nemul\u021bumiri \u0219i discu\u021bii \u00een r\u00e2ndul cadrelor didactice. Dup\u0103 rezultatele ob\u021binute la concurs \u0219i dup\u0103 \u00eenceperea etapelor de repartizare a posturilor pentru anul \u0219colar 2026-2027, au aparut din nou voci care contest\u0103 modul \u00een care au fost \u00eemp\u0103r\u021bite orele \u0219i care aduc \u00een aten\u021bie situa\u021bii cel pu\u021bin interpretabile.<\/p>\n<p class=\"wp-block-paragraph\">Una dintre situa\u021biile semnalate <em>Gazetei Buzoiene<\/em> vizeaz\u0103 \u0218coala Gimnazial\u0103 \u201eG.E. Palade\u201d din municipiul Buz\u0103u. Informa\u021biile pe care le-am ob\u021binut de la persoane bine informate din sistemul de \u00eenv\u0103\u021b\u0103m\u00e2nt se refer\u0103 la repartizarea unor ore, la \u00eencadrarea unui angajat al \u0219colii \u0219i la apari\u021bia unui al doilea post de director adjunct.<\/p>\n<p class=\"wp-block-paragraph\">Sunt informa\u021bii concrete, care pot fi verificate prin documentele existente la nivelul \u0219colii \u0219i al Inspectoratului \u0218colar Jude\u021bean Buz\u0103u. Tocmai de aceea am solicitat celor dou\u0103 institu\u021bii explica\u021bii \u0219i documentele care pot ar\u0103ta cum au fost luate deciziile pentru anul \u0219colar care urmeaz\u0103.<\/p>\n<h1 class=\"wp-block-heading\">12 ore de Educa\u021bie Social\u0103, atribuite unui angajat al \u0219colii<\/h1>\n<p class=\"wp-block-paragraph\">Unul dintre aspectele semnalate se refer\u0103 la 12 ore de Educa\u021bie Social\u0103 de la \u0218coala \u201eG.E. Palade\u201d. Potrivit informa\u021biilor ob\u021binute de noi, orele ar fi fost atribuite lui Mihai Ion, angajat al unit\u0103\u021bii pe un post de laborant\/informatician.<\/p>\n<p class=\"wp-block-paragraph\">Situa\u021bia este cu at\u00e2t mai interesant\u0103 cu c\u00e2t, \u00een urma examenului de titularizare, exist\u0103 cadre didactice care au ob\u021binut note bune \u0219i care, potrivit informa\u021biilor pe care le-am primit, au r\u0103mas f\u0103r\u0103 ore.<\/p>\n<p class=\"wp-block-paragraph\">\u00cen ceea ce \u00eel prive\u0219te pe Mihai Ion, informa\u021biile ob\u021binute arat\u0103 faptul c\u0103 acesta ocup\u0103 deja un post \u00een cadrul \u0219colii \u0219i are o norm\u0103 aferent\u0103 func\u021biei respective. Din acest motiv, ne-am propus s\u0103 l\u0103murim \u00een ce condi\u021bii a putut primi \u0219i cele 12 ore de Educa\u021bie Social\u0103 \u0219i dac\u0103 exist\u0103 sau nu vreo tangen\u021b\u0103 \u0219i vreosuprapunere \u00eentre cele dou\u0103 activit\u0103\u021bi.<\/p>\n<p class=\"wp-block-paragraph\">Mihai Ion este angajat al \u0219colii pe un post de laborant\/informatician, dar acest lucru nu l\u0103mure\u0219te situa\u021bia celor 12 ore, f\u0103r\u0103 documetele din care s\u0103 rezulte ce calificare are, cum este \u00eencadrat, ce norm\u0103 de lucru are \u0219i \u00een baza c\u0103rui document a primit orele de Educa\u021bie Social\u0103, informa\u021bii pe care le-am solicitat oficial.<\/p>\n<h1 class=\"wp-block-heading\">Unde au fost cele 12 ore \u00eenainte s\u0103 fie repartizate<\/h1>\n<p class=\"wp-block-paragraph\">Inspectoratul \u0218colar Jude\u021bean Buz\u0103u a publicat \u00een luna august mai multe documente privind etapele de mobilitate pentru anul \u0219colar 2026-2027. Pe site-ul institu\u021biei apar \u0219edin\u021bele publice din 19-20 august, precum \u0219i cele din 25-26 august 2026.<\/p>\n<p class=\"wp-block-paragraph\">\u00cen documentele aferente repartiz\u0103rilor din aceast\u0103 perioad\u0103 apare \u0219i categoria de discipline care include <strong>I<\/strong>storie, G\u00e2ndire critic\u0103 \u0219i drepturile copilului, Educa\u021bie Social\u0103, Educa\u021bie antreprenorial\u0103, Educa\u021bie financiar\u0103 \u0219i alte discipline socio-umane.<\/p>\n<p class=\"wp-block-paragraph\">Potrivit informa\u021biilor pe care le de\u021binem, cele 12 ore de la \u201eG.E. Palade\u201d nu s-ar fi reg\u0103sit \u00een lista posturilor vacante sau rezervate pus\u0103 la dispozi\u021bia candida\u021bilor pentru repartizare.<\/p>\n<p class=\"wp-block-paragraph\">Dac\u0103 cele 12 ore au fost disponibile pentru ocupare, vrem s\u0103 afl\u0103m unde au fost trecute \u0219i cum au fost repartizate. Dac\u0103 nu au ap\u0103rut \u00een lista posturilor vacante sau rezervate, atunci trebuie l\u0103murit cum au ajuns ulterior la Mihai Ion \u0219i \u00een baza c\u0103rui temei.<\/p>\n<p class=\"wp-block-paragraph\">Pentru asta am cerut de la ISJ Buz\u0103u \u0219i de la \u0219coal\u0103 documentele care pot ar\u0103ta traseul celor 12 ore, de la momentul \u00een care au fost disponibile p\u00e2n\u0103 la repartizarea lor.<\/p>\n<h1 class=\"wp-block-heading\">Note mari la titularizare, dar f\u0103r\u0103 ore<\/h1>\n<p class=\"wp-block-paragraph\">Printre informa\u021biile primite sunt semnalarte \u0219i situa\u021biile unor candida\u021bi care au ob\u021binut rezultate bune la titularizare, dar care nu ar fi primit ore.<\/p>\n<p class=\"wp-block-paragraph\">Este men\u021bionat cazul lui <strong>Alexandru Ionel<\/strong>, despre care ni s-a comunicat c\u0103 a ob\u021binut <strong>nota 9,45 la titularizare<\/strong>, dar nu are ore de Educa\u021bie Fizic\u0103.<\/p>\n<p class=\"wp-block-paragraph\">Este indicat \u0219i cazul Alinei Popescu, despre care am aflat c\u0103 a ob\u021binut nota 7,55, are 18 ani vechime \u0219i nu ar fi primit ore de Limba \u0219i literatura rom\u00e2n\u0103.<\/p>\n<p class=\"wp-block-paragraph\">\u00cen cazul Educa\u021biei Sociale apar \u00een documentele transmise redac\u021biei candida\u021bi precum <strong>Mariana-M\u0103d\u0103lina Bu\u0219il\u0103 \u2013 6,70 <\/strong>\u0219i Alina-Valentina Georgiana Manglea \u2013 8,00. Pentru disciplina Istorie apar, \u00eentre al\u021bii, Mih\u0103i\u021b\u0103 Robertino Panturu \u2013 7,90 \u0219i Sandel Petcu \u2013 6,60.<\/p>\n<p class=\"wp-block-paragraph\">Deoarece \u00een\u021belegm c\u0103 prezen\u021ba unor candida\u021bi \u00een liste \u0219i notele ob\u021binute nu \u00eenseamn\u0103 automat c\u0103 ace\u0219tia aveau dreptul la anumite ore, deoarece repartizarea se face \u00een func\u021bie de etapele \u0219i criteriile prev\u0103zute de metodologia de mobilitate, am cerut Inspectoratului \u0218colar Jude\u021bean Buz\u0103u s\u0103 ne comunice cine a solicitat orele, ce criterii au fost aplicate \u0219i cum s-a ajuns la repartizarea final\u0103.<\/p>\n<h1 class=\"wp-block-heading\">Un al doilea post de director adjunct la \u201eG.E. Palade\u201d<\/h1>\n<p class=\"wp-block-paragraph\">Alte informa\u021bii ob\u021binute de noi se refer\u0103 \u0219i la conducerea \u0218colii Gimnaziale \u201eG.E. Palade\u201d. Potrivit acestora, \u00een acest an ar fi ap\u0103rut un al doilea post de director adjunct la unitatea de \u00eenv\u0103\u021b\u0103m\u00e2nt.<\/p>\n<p class=\"wp-block-paragraph\">Postul ar fi fost ocupat de Mihaela Vasile, despre care persoanele de la care am primit informa\u021biile sus\u021bin c\u0103 este cumnata doamnei Palc\u0103u, fost\u0103 persoan\u0103 din conducerea \u0219colii.<\/p>\n<p class=\"wp-block-paragraph\">Pentru c\u0103 exist\u0103 riscul ca informa\u021biile primite s\u0103 fie interpretate \u00eenainte de a avea toate datele, nu vom trage deocamdat\u0103 nicio concluzie \u00een leg\u0103tur\u0103 cu acest post. Ne intereseaz\u0103 s\u0103 afl\u0103m dac\u0103 el exist\u0103, c\u00e2nd a fost aprobat, \u00een baza c\u0103rui act \u0219i prin ce procedur\u0103 a fost ocupat.<\/p>\n<p class=\"wp-block-paragraph\">Am solicitat, prin urmare, s\u0103 ni se comunice  \u0219i c\u00e2te posturi de director adjunct sunt aprobate pentru anul \u0219colar 2026-2027, dac\u0103 a fost \u00eentr-adev\u0103r aprobat un al doilea post, cine l-a aprobat, \u00een baza c\u0103ror criterii \u0219i prin ce procedur\u0103 a fost ocupat. \u00cen plus, am cerut \u0219i actele de numire, precum \u0219i documentele care au stat la baza aprob\u0103rii postului.<\/p>\n<h1 class=\"wp-block-heading\">Informa\u021bii \u0219i despre postul de contabil<\/h1>\n<p class=\"wp-block-paragraph\">O alt\u0103 problem\u0103 semnalat\u0103 la \u201eG.E. Palade\u201d prive\u0219te postul de contabil, pentru ocuparea c\u0103ruia ar urma s\u0103 fie organizat un concurs. \u00cen acela\u0219i timp, am primit informa\u021bii despre persoana care ar urma s\u0103 ocupe postul, de\u0219i procedura de concurs nici m\u0103car nu ar fi \u00eenceput.<\/p>\n<p class=\"wp-block-paragraph\">\u0218i \u00een acest caz am preferat s\u0103 verific\u0103m \u00eenainte de a trage o concluzie. Existen\u021ba postului, vacantarea acestuia, organizarea concursului \u0219i condi\u021biile de ocupare pot fi stabilite prin documente oficiale.<\/p>\n<p class=\"wp-block-paragraph\">Prin urmare, am solicitat informa\u021bii \u0219i cu privire la aceast\u0103 situa\u021bie.<\/p>\n<p class=\"wp-block-paragraph\">Pentru verificarea tuturor acestor informa\u021bii, Gazeta Buzoian\u0103 a transmis solicit\u0103ri \u00een baza Legii nr. 544\/2001 privind liberul acces la informa\u021biile de interes public at\u00e2t \u0218colii Gimnaziale \u201eG.E. Palade\u201d, c\u00e2t \u0219i Inspectoratului \u0218colar Jude\u021bean Buz\u0103u.<\/p>\n<p class=\"wp-block-paragraph\">Vom verifica pe documente dac\u0103 procedurile au fost respectate \u0219i dac\u0103 informa\u021biile primite de la persoane bine informate din sistem se confirm\u0103.<\/p>\n<p class=\"wp-block-paragraph\">P\u00e2n\u0103 la primirea r\u0103spunsurilor oficiale, vom trata aceste informa\u021bii cu rezerva necesar\u0103. \u00cen momentul \u00een care \u0218coala Gimnazial\u0103 \u201eG.E. Palade\u201d \u0219i Inspectoratul \u0218colar Jude\u021bean Buz\u0103u ne vor transmite r\u0103spunsurile, le vom publica \u0219i vom reveni asupra situa\u021biei cu documentele oficiale.<\/p>\n<div class=\"post-bottom-meta post-bottom-tags post-tags-modern\">\n<div class=\"post-bottom-meta-title\"> Etichete<\/div>\n<p><span class=\"tagcloud\"><a href=\"https:\/\/gazetabuzoiana.ro\/tag\/buzau-2\/\" rel=\"tag\">Buz\u0103u<\/a><a href=\"https:\/\/gazetabuzoiana.ro\/tag\/cadre-didactice\/\" rel=\"tag\">cadre didactice<\/a><a href=\"https:\/\/gazetabuzoiana.ro\/tag\/dana-palcau\/\" rel=\"tag\">Dana Palc\u0103u<\/a><a href=\"https:\/\/gazetabuzoiana.ro\/tag\/director-adjunct\/\" rel=\"tag\">director adjunct<\/a><a href=\"https:\/\/gazetabuzoiana.ro\/tag\/educatie\/\" rel=\"tag\">educa\u021bie<\/a><a href=\"https:\/\/gazetabuzoiana.ro\/tag\/educatie-sociala\/\" rel=\"tag\">Educa\u021bie Social\u0103<\/a><a href=\"https:\/\/gazetabuzoiana.ro\/tag\/invatamant\/\" rel=\"tag\">\u00eenv\u0103\u021b\u0103m\u00e2nt<\/a><a href=\"https:\/\/gazetabuzoiana.ro\/tag\/isj-buzau-2\/\" rel=\"tag\">ISJ Buz\u0103u<\/a><a href=\"https:\/\/gazetabuzoiana.ro\/tag\/legea-544\/\" rel=\"tag\">Legea 544<\/a><a href=\"https:\/\/gazetabuzoiana.ro\/tag\/mihaela-vasile\/\" rel=\"tag\">Mihaela Vasile<\/a><a href=\"https:\/\/gazetabuzoiana.ro\/tag\/norme-didactice\/\" rel=\"tag\">norme didactice<\/a><a href=\"https:\/\/gazetabuzoiana.ro\/tag\/profesori\/\" rel=\"tag\">profesori<\/a><a href=\"https:\/\/gazetabuzoiana.ro\/tag\/repartizare\/\" rel=\"tag\">repartizare<\/a><a href=\"https:\/\/gazetabuzoiana.ro\/tag\/scoala-g-e-palade\/\" rel=\"tag\">\u0218coala G.E. Palade<\/a><a href=\"https:\/\/gazetabuzoiana.ro\/tag\/sistem-educational\/\" rel=\"tag\">sistem educa\u021bional<\/a><a href=\"https:\/\/gazetabuzoiana.ro\/tag\/titularizare\/\" rel=\"tag\">titularizare<\/a><\/span><\/div>\n<\/div>\n<p>[analyse_source url=&#8221;https:\/\/gazetabuzoiana.ro\/2026\/08\/31\/situatie-controversata-la-o-scoala-dupa-repartizarea-normelor-didactice-un-post-de-director-adjunct-ocupat-de-cumnata-inspectorului-scolar-general-dana-palcau\/&#8221;]<\/p>\n","protected":false},"excerpt":{"rendered":"<p>[analyse_image type=&#8221;featured&#8221; src=&#8221;https:\/\/gazetabuzoiana.ro\/wp-content\/uploads\/2026\/08\/titularizare-2024-2025.webp&#8221;] \u0218i \u00een acest an, examenul de titularizare a n\u0103scut pasiuni, nemul\u021bumiri \u0219i discu\u021bii \u00een r\u00e2ndul cadrelor didactice. Dup\u0103 rezultatele ob\u021binute la concurs \u0219i dup\u0103 \u00eenceperea etapelor de repartizare a posturilor pentru anul \u0219colar 2026-2027, au aparut din nou voci care contest\u0103 modul \u00een care au fost \u00eemp\u0103r\u021bite orele \u0219i care aduc \u00een [&hellip;]<\/p>\n","protected":false},"author":1,"featured_media":0,"comment_status":"open","ping_status":"","sticky":false,"template":"","format":"standard","meta":{"footnotes":""},"categories":[2],"tags":[226,38],"class_list":["post-2120739","post","type-post","status-publish","format-standard","hentry","category-politics","tag-crawlmanager","tag-gazetabuzoiana-ro"],"_links":{"self":[{"href":"https:\/\/analyse.optim.biz\/index.php?rest_route=\/wp\/v2\/posts\/2120739","targetHints":{"allow":["GET"]}}],"collection":[{"href":"https:\/\/analyse.optim.biz\/index.php?rest_route=\/wp\/v2\/posts"}],"about":[{"href":"https:\/\/analyse.optim.biz\/index.php?rest_route=\/wp\/v2\/types\/post"}],"author":[{"embeddable":true,"href":"https:\/\/analyse.optim.biz\/index.php?rest_route=\/wp\/v2\/users\/1"}],"replies":[{"embeddable":true,"href":"https:\/\/analyse.optim.biz\/index.php?rest_route=%2Fwp%2Fv2%2Fcomments&post=2120739"}],"version-history":[{"count":0,"href":"https:\/\/analyse.optim.biz\/index.php?rest_route=\/wp\/v2\/posts\/2120739\/revisions"}],"wp:attachment":[{"href":"https:\/\/analyse.optim.biz\/index.php?rest_route=%2Fwp%2Fv2%2Fmedia&parent=2120739"}],"wp:term":[{"taxonomy":"category","embeddable":true,"href":"https:\/\/analyse.optim.biz\/index.php?rest_route=%2Fwp%2Fv2%2Fcategories&post=2120739"},{"taxonomy":"post_tag","embeddable":true,"href":"https:\/\/analyse.optim.biz\/index.php?rest_route=%2Fwp%2Fv2%2Ftags&post=2120739"}],"curies":[{"name":"wp","href":"https:\/\/api.w.org\/{rel}","templated":true}]}}