{"id":2120738,"date":"2026-08-31T16:03:40","date_gmt":"2026-08-31T13:03:40","guid":{"rendered":"https:\/\/analyse.optim.biz\/?p=2120738"},"modified":"2026-08-31T16:03:40","modified_gmt":"2026-08-31T13:03:40","slug":"ambasada-frantei-de-ziua-limbii-romane-ne-apropie-limbile-pot-fi-punti-care-unesc-culturi-si-oameni","status":"publish","type":"post","link":"https:\/\/analyse.optim.biz\/?p=2120738","title":{"rendered":"Ambasada Fran\u021bei, de Ziua Limbii Rom\u00e2ne: \u201eNe apropie. Limbile pot fi pun\u0163i care unesc culturi \u015fi oameni\u201d"},"content":{"rendered":"<p>[analyse_image type=&#8221;featured&#8221; src=&#8221;https:\/\/s.iw.ro\/gateway\/g\/ZmlsZVNvdXJjZT1odHRwJTNBJTJGJTJG\/c3RvcmFnZTA4dHJhbnNjb2Rlci5yY3Mt\/cmRzLnJvJTJGc3RvcmFnZSUyRjIwMjMl\/MkYwNiUyRjE0JTJGMTc0ODEyMV8xNzQ4\/MTIxX2ZyYW50YS1zdGVhZy1kcmFwZWwt\/cHJvZmltZWRpYS0wMzM3NTMyMzA4Lmpw\/ZyZ3PTEyMDAmaD02MzAmemM9MSZoYXNo\/PTQ2MzJjOTA2MDM1MjY5NzkwYjZmMDdhMGMyNGJiNmZj.thumb.jpg&#8221;]<\/p>\n<div class=\"entry data-app-meta data-app-meta-article\" data-embed-base-url-canonical=\"https:\/\/www.digi24.ro\/embed\/stiri\/actualitate\/ambasada-frantei-de-ziua-limbii-romane-ne-apropie-limbile-pot-fi-punti-care-unesc-culturi-si-oameni-3929267\">\n<p data-index=\"1\"><strong>Ambasada Fran\u0163ei eviden\u021biaz\u0103, \u00een mesajul transmis de Ziua Limbii Rom\u00e2ne, similitudinile dintre limbile rom\u00e2n\u0103 \u015fi francez\u0103, d\u00e2nd exemple precum \u201elumin\u0103 \u2013 lumi\u00e8re\u201d, \u201elibertate \u2013 libert\u00e9\u201d sau \u201epoem \u2013 po\u00e8me\u201d \u015fi subliniind c\u0103 astfel de similitudini \u201ene amintesc c\u0103 limbile pot fi pun\u0163i care unesc culturi \u015fi oameni\u201d.\u00a0<\/strong><\/p>\n<p data-index=\"2\"><span>\u201eDe Ziua Limbii Rom\u00e2ne, celebr\u0103m o limb\u0103 care ne apropie. Rom\u00e2na \u015fi franceza au la baz\u0103 aceea\u015fi mo\u015ftenire latin\u0103. Sunt dou\u0103 limbi care, de-a lungul secolelor, au evoluat diferit, dar p\u0103streaz\u0103 r\u0103d\u0103cina comun\u0103. Lumin\u0103 &#8211; lumi\u00e8re; libertate &#8211; libert\u00e9; poem &#8211; po\u00e8me. Dincolo de diferen\u0163e, aceste cuvinte ne amintesc c\u0103 limbile pot fi pun\u0163i care unesc culturi \u015fi oameni\u201d, se arat\u0103 \u00een mesajul transmis de Ambasada Fran\u0163ei la Bucure\u015fti.<\/span><\/p>\n<p class=\"gdpr-placeholder gdpr-social-media gdpr-iframe-fix\" data-index=\"4\"> Setarile tale privind cookie-urile nu permit afisarea continutul din aceasta sectiune. Poti actualiza setarile modulelor coookie direct din browser sau de <a class=\"ot-sdk-show-settings\" data-skip-linkfix=\"1\">aici<\/a> \u2013 e nevoie sa accepti cookie-urile social media<\/p>\n<p data-index=\"5\"><span>Diploma\u0163ii francezi din Rom\u00e2nia constat\u0103 \u201efrumuse\u0163ea limbii rom\u00e2ne \u015fi leg\u0103tura profund\u0103\u201d dintre culturile celor dou\u0103 \u0163\u0103ri.<\/span><\/p>\n<p data-index=\"6\"><span>Ziua Limbii Rom\u00e2ne este celebrat\u0103 \u00een fiecare an pe 31 august, dat\u0103 la care, \u00een 1989, Parlamentul de la Chi\u015fin\u0103u a votat legea care prevedea revenirea \u00een Republica Moldova la limba rom\u00e2n\u0103 \u015fi la grafia latin\u0103. Un an mai t\u00e2rziu, \u00een 1990, Republica Moldova stabilea aceea\u015fi dat\u0103 pentru s\u0103rb\u0103toarea cu numele \u201eLimba Noastr\u0103\u201d, care va fi adoptat\u0103 \u015fi de Parlamentul Rom\u00e2niei \u00een anul 2013, cu numele \u201eZiua Limbii Rom\u00e2ne\u201d.<\/span><\/p>\n<p data-index=\"7\"><strong>Cite\u0219te \u0219i:<\/strong><\/p>\n<p data-index=\"8\"><a href=\"https:\/\/www.digi24.ro\/stiri\/actualitate\/ambasada-sua-mesaj-inedit-de-ziua-limbii-romane-astazi-chiar-si-ai-ul-renunta-la-traducerile-elaborate-3929021\" target=\"_blank\" rel=\"noopener\" data-skip-linkfix=\"1\"><strong>Ambasada SUA, mesaj inedit de Ziua Limbii Rom\u00e2ne: \u201eAst\u0103zi, chiar \u015fi AI-ul renun\u0163\u0103 la traducerile elaborate\u201d<\/strong><\/a><\/p>\n<p data-index=\"9\"><a href=\"https:\/\/www.digi24.ro\/stiri\/actualitate\/politica\/nicusor-dan-ziua-limbii-romane-sarbatorita-pentru-prima-data-in-romania-republica-moldova-si-ucraina-3928119\" target=\"_blank\" rel=\"noopener\" data-skip-linkfix=\"1\"><strong>Nicu\u0219or Dan: Ziua Limbii Rom\u00e2ne, s\u0103rb\u0103torit\u0103 pentru prima dat\u0103 \u00een Rom\u00e2nia, Republica Moldova \u0219i Ucraina<\/strong><\/a><\/p>\n<p> Editor : <a href=\"https:\/\/www.digi24.ro\/autor\/ana-gherghita\"> A.M.G. <\/a><\/p>\n<\/div>\n<p>[analyse_source url=&#8221;https:\/\/www.digi24.ro\/stiri\/actualitate\/ambasada-frantei-de-ziua-limbii-romane-ne-apropie-limbile-pot-fi-punti-care-unesc-culturi-si-oameni-3929267&#8243;]<\/p>\n","protected":false},"excerpt":{"rendered":"<p>[analyse_image type=&#8221;featured&#8221; src=&#8221;https:\/\/s.iw.ro\/gateway\/g\/ZmlsZVNvdXJjZT1odHRwJTNBJTJGJTJG\/c3RvcmFnZTA4dHJhbnNjb2Rlci5yY3Mt\/cmRzLnJvJTJGc3RvcmFnZSUyRjIwMjMl\/MkYwNiUyRjE0JTJGMTc0ODEyMV8xNzQ4\/MTIxX2ZyYW50YS1zdGVhZy1kcmFwZWwt\/cHJvZmltZWRpYS0wMzM3NTMyMzA4Lmpw\/ZyZ3PTEyMDAmaD02MzAmemM9MSZoYXNo\/PTQ2MzJjOTA2MDM1MjY5NzkwYjZmMDdhMGMyNGJiNmZj.thumb.jpg&#8221;] Ambasada Fran\u0163ei eviden\u021biaz\u0103, \u00een mesajul transmis de Ziua Limbii Rom\u00e2ne, similitudinile dintre limbile rom\u00e2n\u0103 \u015fi francez\u0103, d\u00e2nd exemple precum \u201elumin\u0103 \u2013 lumi\u00e8re\u201d, \u201elibertate \u2013 libert\u00e9\u201d sau \u201epoem \u2013 po\u00e8me\u201d \u015fi subliniind c\u0103 astfel de similitudini \u201ene amintesc c\u0103 limbile pot fi pun\u0163i care unesc culturi \u015fi oameni\u201d.\u00a0 \u201eDe Ziua Limbii Rom\u00e2ne, celebr\u0103m [&hellip;]<\/p>\n","protected":false},"author":1,"featured_media":0,"comment_status":"open","ping_status":"","sticky":false,"template":"","format":"standard","meta":{"footnotes":""},"categories":[89],"tags":[226,11],"class_list":["post-2120738","post","type-post","status-publish","format-standard","hentry","category-romania","tag-crawlmanager","tag-digi24"],"_links":{"self":[{"href":"https:\/\/analyse.optim.biz\/index.php?rest_route=\/wp\/v2\/posts\/2120738","targetHints":{"allow":["GET"]}}],"collection":[{"href":"https:\/\/analyse.optim.biz\/index.php?rest_route=\/wp\/v2\/posts"}],"about":[{"href":"https:\/\/analyse.optim.biz\/index.php?rest_route=\/wp\/v2\/types\/post"}],"author":[{"embeddable":true,"href":"https:\/\/analyse.optim.biz\/index.php?rest_route=\/wp\/v2\/users\/1"}],"replies":[{"embeddable":true,"href":"https:\/\/analyse.optim.biz\/index.php?rest_route=%2Fwp%2Fv2%2Fcomments&post=2120738"}],"version-history":[{"count":0,"href":"https:\/\/analyse.optim.biz\/index.php?rest_route=\/wp\/v2\/posts\/2120738\/revisions"}],"wp:attachment":[{"href":"https:\/\/analyse.optim.biz\/index.php?rest_route=%2Fwp%2Fv2%2Fmedia&parent=2120738"}],"wp:term":[{"taxonomy":"category","embeddable":true,"href":"https:\/\/analyse.optim.biz\/index.php?rest_route=%2Fwp%2Fv2%2Fcategories&post=2120738"},{"taxonomy":"post_tag","embeddable":true,"href":"https:\/\/analyse.optim.biz\/index.php?rest_route=%2Fwp%2Fv2%2Ftags&post=2120738"}],"curies":[{"name":"wp","href":"https:\/\/api.w.org\/{rel}","templated":true}]}}