{"id":2120734,"date":"2026-08-31T16:00:47","date_gmt":"2026-08-31T13:00:47","guid":{"rendered":"https:\/\/analyse.optim.biz\/?p=2120734"},"modified":"2026-08-31T16:00:47","modified_gmt":"2026-08-31T13:00:47","slug":"sarbatoare-cu-cruce-rosie-pe-1-septembrie-cine-este-sfantul-care-a-pus-bazele-calendarului-crestin","status":"publish","type":"post","link":"https:\/\/analyse.optim.biz\/?p=2120734","title":{"rendered":"S\u0103rb\u0103toare cu cruce ro\u0219ie pe 1 septembrie. Cine este sf\u00e2ntul care a pus bazele calendarului cre\u0219tin"},"content":{"rendered":"<p>[analyse_image type=&#8221;featured&#8221; src=&#8221;https:\/\/s.iw.ro\/gateway\/g\/ZmlsZVNvdXJjZT1odHRwJTNBJTJGJTJG\/c3RvcmFnZTA4dHJhbnNjb2Rlci5yY3Mt\/cmRzLnJvJTJGc3RvcmFnZSUyRjIwMjYl\/MkYwOCUyRjMxJTJGMjkzMTU4N18yOTMx\/NTg3X1NhcmJhdG9hcmUtY3UtY3J1Y2Ut\/cm9zaWUtcGUtMS1zZXB0ZW1icmllXy1G\/b3RvLUdldHR5LUltYWdlcy5qcGcmdz0x\/MjAwJmg9NjMwJnpjPTEmaGFzaD01YWZi\/ZWIwMWU2OGRiYmYxNDJmMGRlMmU4MTM5ZDk1MQ==.thumb.jpg&#8221;]<\/p>\n<div class=\"entry data-app-meta data-app-meta-article\" data-embed-base-url-canonical=\"https:\/\/www.digi24.ro\/embed\/stiri\/actualitate\/evenimente\/sarbatoare-cu-cruce-rosie-pe-1-septembrie-cine-este-sfantul-care-a-pus-bazele-calendarului-crestin-3928689\">\n<p data-index=\"1\"><strong>\u00cen fiecare an, la 1 septembrie, biserica \u00eel pr\u0103znuie\u0219te pe Sf\u00e2ntul Dionisie Exiguul, unul dintre cei mai importan\u021bi c\u0103rturari cre\u0219tini originari din Dobrogea. C\u0103lug\u0103r, teolog, traduc\u0103tor \u0219i cronolog de excep\u021bie, acesta a r\u0103mas \u00een istorie prin contribu\u021bia sa esen\u021bial\u0103 la num\u0103rarea anilor de la Na\u0219terea lui Iisus Hristos, pun\u00e2nd bazele sistemului cronologic cre\u0219tin folosit ulterior \u00een lumea occidental\u0103.<\/strong><\/p>\n<p data-index=\"2\">Data de 1 septembrie are o semnifica\u021bie aparte, marc\u00e2nd \u00eenceputul unui nou an liturgic \u0219i deschiderea unui nou ciclu de s\u0103rb\u0103tori \u0219i r\u00e2nduieli religioase.<\/p>\n<h2 id=\"highlight-3928689-1\">Cine a fost Sf\u00e2ntul Dionisie Exiguul<\/h2>\n<p data-index=\"3\">Potrivit scrierilor vechi, Sf\u00e2ntul Dionisie Exiguul, cunoscut \u0219i sub numele de Dionisie Smeritul sau Dionisie cel Mic, s-a n\u0103scut \u00een jurul anului 465, \u00een Scythia Minor, teritoriul Dobrogei de ast\u0103zi. Format \u00een mediul monahal dobrogean, acesta a dob\u00e2ndit \u00eenc\u0103 din tinere\u021be o solid\u0103 preg\u0103tire teologic\u0103 \u0219i intelectual\u0103, care avea s\u0103-i deschid\u0103 drumul c\u0103tre marile centre ale cre\u0219tin\u0103t\u0103\u021bii.<\/p>\n<p data-index=\"4\">Dup\u0103 anii petrecu\u021bi \u00een Orient, Dionisie a ajuns la Constantinopol, iar \u00een jurul anului 496 s-a stabilit la Roma, unde \u0219i-a desf\u0103\u0219urat cea mai important\u0103 parte a activit\u0103\u021bii sale. Aici s-a remarcat prin erudi\u021bia sa \u0219i s-a ocupat de traducerea \u0219i organizarea unor importante documente \u0219i scrieri ale bisericii.<\/p>\n<p data-index=\"5\">Cunosc\u0103tor al limbilor greac\u0103 \u0219i latin\u0103, Dionisie a tradus \u00een limba latin\u0103 opere ale Sfin\u021bilor P\u0103rin\u021bi, canoane ale sinoadelor \u0219i numeroase texte teologice. Prin munca sa, scrieri importante ale tradi\u021biei cre\u0219tine r\u0103s\u0103ritene au putut circula \u0219i \u00een Occident, contribuind la apropierea celor dou\u0103 mari spa\u021bii culturale ale cre\u0219tin\u0103t\u0103\u021bii.<\/p>\n<h3>C\u0103lug\u0103rul care a pus bazele erei cre\u0219tine<\/h3>\n<p data-index=\"6\">Pe l\u00e2ng\u0103 activitatea sa de traduc\u0103tor \u0219i c\u0103rturar, Dionisie Exiguul s-a preocupat de una dintre problemele importante ale bisericii din vremea sa: stabilirea datei Pa\u0219telui. Pentru aceasta, era nevoie de cuno\u0219tin\u021be de teologie, cronologie \u0219i astronomie, iar studiul ciclurilor calendaristice l-a condus spre o preocupare cu o importan\u021b\u0103 mult mai mare dec\u00e2t calcularea s\u0103rb\u0103torilor.<\/p>\n<p data-index=\"7\">\u00cen anul 525, Dionisie Exiguul a propus ca anii s\u0103 nu mai fie num\u0103ra\u021bi dup\u0103 Era lui Diocle\u021bian, sistem folosit la acea vreme \u00een unele calcule biserice\u0219ti, ci s\u0103 fie raporta\u021bi la Na\u0219terea lui Iisus Hristos. Astfel a luat na\u0219tere sistemul cunoscut ulterior sub denumirea de Anno Domini (\u201eAnul Domnului\u201d).<\/p>\n<p data-index=\"8\">Noua cronologie nu s-a impus imediat, ci a fost preluat\u0103 treptat \u00een lumea cre\u0219tin\u0103 occidental\u0103. \u00cen secolele urm\u0103toare, sistemul avea s\u0103 se r\u0103sp\u00e2ndeasc\u0103 \u00een Europa, iar num\u0103rarea anilor de la Hristos s\u0103 devin\u0103 una dintre principalele forme de organizare a timpului istoric.<\/p>\n<h3>De ce este considerat \u201ep\u0103rintele erei cre\u0219tine\u201d<\/h3>\n<p data-index=\"9\">Importan\u021ba lui Dionisie Exiguul nu const\u0103 doar \u00een faptul c\u0103 a propus un nou mod de numerotare a anilor, ci \u0219i \u00een impactul pe care aceast\u0103 idee l-a avut asupra cronologiei europene. Prin raportarea timpului la Na\u0219terea lui Hristos, Dionisie a contribuit la formarea unei cronologii \u00een care istoria era organizat\u0103 \u00een jurul celui mai important reper al credin\u021bei cre\u0219tine.<\/p>\n<p data-index=\"10\">Totu\u0219i, calculele sale nu corespund \u00een totalitate datelor stabilite de istoricii moderni. Cercet\u0103rile ulterioare indic\u0103 faptul c\u0103 Iisus s-ar fi putut na\u0219te cu c\u00e2\u021biva ani \u00eenainte de momentul stabilit de Dionisie. Diferen\u021ba este explicat\u0103, printre altele, prin limitele informa\u021biilor \u0219i ale metodelor de calcul disponibile \u00een secolul al VI-lea.<\/p>\n<p data-index=\"11\">Un alt aspect important este c\u0103 \u00een sistemul lui Dionisie nu exista anul zero. Anul 1 \u00ee.Hr. era urmat direct de anul 1 d.Hr., ceea ce trebuie avut \u00een vedere atunci c\u00e2nd sunt f\u0103cute calcule cronologice \u00eentre cele dou\u0103 ere.<\/p>\n<p data-index=\"12\">Chiar dac\u0103 datarea propus\u0103 de el nu a fost exact\u0103, ideea lui Dionisie Exiguul a avut o influen\u021b\u0103 istoric\u0103 uria\u0219\u0103. Sistemul s\u0103u a fost preluat \u0219i r\u0103sp\u00e2ndit de c\u0103rturarii medievali, devenind, \u00een timp, baza cronologiei occidentale pe care o folosim \u0219i ast\u0103zi.<\/p>\n<h2 id=\"highlight-3928689-2\">De ce este s\u0103rb\u0103torit Sf\u00e2ntul Dionisie Exiguul pe 1 septembrie<\/h2>\n<p data-index=\"13\">\u00cen calendarul ortodox, 1 septembrie marcheaz\u0103 \u00eenceputul unui nou an bisericesc, zi cunoscut\u0103 \u0219i sub denumirea de Indiction. Data are o semnifica\u021bie aparte \u00een tradi\u021bia cre\u0219tin\u0103, fiind asociat\u0103 cu \u00eenceputul unei noi perioade liturgice \u0219i cu un moment important din activitatea public\u0103 a M\u00e2ntuitorului.<\/p>\n<p data-index=\"14\">Potrivit tradi\u021biei, \u00een aceast\u0103 zi este amintit momentul \u00een care Iisus Hristos a intrat \u00een sinagoga din Nazaret, dup\u0103 \u00eentoarcerea \u00een Galileea, \u0219i a citit din profetul Isaia, vestind astfel \u00eenceputul misiunii Sale.<\/p>\n<p data-index=\"15\">Tot la 1 septembrie este pr\u0103znuit \u0219i Sf\u00e2ntul Dionisie Exiguul. Originar din Scythia Minor, Dobrogea de ast\u0103zi, c\u0103lug\u0103rul a fost canonizat de Biserica Ortodox\u0103 Rom\u00e2n\u0103 \u00een anul 2008, iar data de 1 septembrie a fost stabilit\u0103 drept ziua sa de pr\u0103znuire.<\/p>\n<h2 id=\"highlight-3928689-3\">Sf\u00e2ntul Dionisie Exiguul 2026: Ce tradi\u021bii se respect\u0103 de 1 septembrie<\/h2>\n<p data-index=\"16\">\u00cen tradi\u021bia ortodox\u0103, 1 septembrie este o zi dedicat\u0103 rug\u0103ciunii, mul\u021bumirii \u0219i binecuv\u00e2nt\u0103rii noului an bisericesc. Credincio\u0219ii particip\u0103 la slujbele oficiate \u00een aceast\u0103 zi \u0219i se roag\u0103 pentru s\u0103n\u0103tate, pace, \u00een\u021belegere \u0219i un an cu binecuv\u00e2ntare.<\/p>\n<p data-index=\"17\">Spre deosebire de marile s\u0103rb\u0103tori din calendar, precum Cr\u0103ciunul, Pa\u0219tele sau Sf\u00e2ntul Andrei, ziua de 1 septembrie nu este \u00eenso\u021bit\u0103 de un num\u0103r mare de obiceiuri populare specifice. Importan\u021ba ei este, \u00een primul r\u00e2nd, una liturgic\u0103, fiind momentul \u00een care \u00eencepe un nou ciclu al anului crestin.<\/p>\n<p data-index=\"18\">Totodat\u0103, 1 septembrie este legat \u00een tradi\u021bia cre\u0219tin\u0103 de rug\u0103ciunea pentru crea\u021bie \u0219i pentru protejarea mediului. Credincio\u0219ii sunt \u00eendemna\u021bi s\u0103 priveasc\u0103 \u00eenceputul noului an ca pe un prilej de recuno\u0219tin\u021b\u0103 pentru darurile primite \u0219i de responsabilitate fa\u021b\u0103 de natur\u0103.<\/p>\n<p> Editor : <a href=\"https:\/\/www.digi24.ro\/autor\/marina-cimpoaca\"> M.C. <\/a><\/p>\n<\/div>\n<p>[analyse_source url=&#8221;https:\/\/www.digi24.ro\/stiri\/actualitate\/evenimente\/sarbatoare-cu-cruce-rosie-pe-1-septembrie-cine-este-sfantul-care-a-pus-bazele-calendarului-crestin-3928689&#8243;]<\/p>\n","protected":false},"excerpt":{"rendered":"<p>[analyse_image type=&#8221;featured&#8221; src=&#8221;https:\/\/s.iw.ro\/gateway\/g\/ZmlsZVNvdXJjZT1odHRwJTNBJTJGJTJG\/c3RvcmFnZTA4dHJhbnNjb2Rlci5yY3Mt\/cmRzLnJvJTJGc3RvcmFnZSUyRjIwMjYl\/MkYwOCUyRjMxJTJGMjkzMTU4N18yOTMx\/NTg3X1NhcmJhdG9hcmUtY3UtY3J1Y2Ut\/cm9zaWUtcGUtMS1zZXB0ZW1icmllXy1G\/b3RvLUdldHR5LUltYWdlcy5qcGcmdz0x\/MjAwJmg9NjMwJnpjPTEmaGFzaD01YWZi\/ZWIwMWU2OGRiYmYxNDJmMGRlMmU4MTM5ZDk1MQ==.thumb.jpg&#8221;] \u00cen fiecare an, la 1 septembrie, biserica \u00eel pr\u0103znuie\u0219te pe Sf\u00e2ntul Dionisie Exiguul, unul dintre cei mai importan\u021bi c\u0103rturari cre\u0219tini originari din Dobrogea. C\u0103lug\u0103r, teolog, traduc\u0103tor \u0219i cronolog de excep\u021bie, acesta a r\u0103mas \u00een istorie prin contribu\u021bia sa esen\u021bial\u0103 la num\u0103rarea anilor de la Na\u0219terea lui Iisus Hristos, pun\u00e2nd bazele sistemului cronologic [&hellip;]<\/p>\n","protected":false},"author":1,"featured_media":0,"comment_status":"open","ping_status":"","sticky":false,"template":"","format":"standard","meta":{"footnotes":""},"categories":[89],"tags":[226,11],"class_list":["post-2120734","post","type-post","status-publish","format-standard","hentry","category-romania","tag-crawlmanager","tag-digi24"],"_links":{"self":[{"href":"https:\/\/analyse.optim.biz\/index.php?rest_route=\/wp\/v2\/posts\/2120734","targetHints":{"allow":["GET"]}}],"collection":[{"href":"https:\/\/analyse.optim.biz\/index.php?rest_route=\/wp\/v2\/posts"}],"about":[{"href":"https:\/\/analyse.optim.biz\/index.php?rest_route=\/wp\/v2\/types\/post"}],"author":[{"embeddable":true,"href":"https:\/\/analyse.optim.biz\/index.php?rest_route=\/wp\/v2\/users\/1"}],"replies":[{"embeddable":true,"href":"https:\/\/analyse.optim.biz\/index.php?rest_route=%2Fwp%2Fv2%2Fcomments&post=2120734"}],"version-history":[{"count":0,"href":"https:\/\/analyse.optim.biz\/index.php?rest_route=\/wp\/v2\/posts\/2120734\/revisions"}],"wp:attachment":[{"href":"https:\/\/analyse.optim.biz\/index.php?rest_route=%2Fwp%2Fv2%2Fmedia&parent=2120734"}],"wp:term":[{"taxonomy":"category","embeddable":true,"href":"https:\/\/analyse.optim.biz\/index.php?rest_route=%2Fwp%2Fv2%2Fcategories&post=2120734"},{"taxonomy":"post_tag","embeddable":true,"href":"https:\/\/analyse.optim.biz\/index.php?rest_route=%2Fwp%2Fv2%2Ftags&post=2120734"}],"curies":[{"name":"wp","href":"https:\/\/api.w.org\/{rel}","templated":true}]}}