{"id":2120730,"date":"2026-08-31T00:00:00","date_gmt":"2026-08-30T21:00:00","guid":{"rendered":"https:\/\/analyse.optim.biz\/?p=2120730"},"modified":"2026-08-31T00:00:00","modified_gmt":"2026-08-30T21:00:00","slug":"din-cauza-declaratiilor-sale-antisemite-john-galliano-renunta-la-o-expozitie-la-new-york","status":"publish","type":"post","link":"https:\/\/analyse.optim.biz\/?p=2120730","title":{"rendered":"Din cauza declara\u021biilor sale antisemite, John Galliano renun\u021b\u0103 la o expozi\u021bie la New York"},"content":{"rendered":"<p>[analyse_image type=&#8221;featured&#8221; src=&#8221;https:\/\/agerpres.ro\/data\/202608\/20260831200126_625061.jpg&#8221;]<\/p>\n<div class=\"mx-auto pt-3\">\n<p><strong>Stilistul britanic John Galliano a anun\u021bat luni c\u0103 renun\u021b\u0103 la o expozi\u021bie dedicat\u0103 activit\u0103\u021bii sale, programat\u0103 pentru anul viitor la Metropolitan Museum of Art (Met) din New York, dup\u0103 criticile unor donatori \u0219i lideri politici ce au vizat declara\u021biile sale antisemite din trecut, informeaz\u0103 AFP.<\/strong><\/p>\n<p>&#8221;Dup\u0103 o analiz\u0103 atent\u0103 \u0219i dup\u0103 ce am discutat cu toate persoanele vizate, am decis, cu mare triste\u021be, c\u0103 ar fi de preferat ca expozi\u021bia s\u0103 nu aib\u0103 loc pentru moment&#8221;, a scris creatorul de mod\u0103, \u00een v\u00e2rst\u0103 de 65 de ani, pe contul s\u0103u de <a href=\"https:\/\/www.instagram.com\/p\/DctHgVHtnCb\/?hl=en\" target=\"_blank\">Instagram<\/a>.<\/p>\n<blockquote class=\"instagram-media\" data-instgrm-captioned data-instgrm-permalink=\"https:\/\/www.instagram.com\/p\/DctHgVHtnCb\/?utm_source=ig_embed&amp;utm_campaign=loading\" data-instgrm-version=\"14\">\n<div><a href=\"https:\/\/www.instagram.com\/p\/DctHgVHtnCb\/?utm_source=ig_embed&amp;utm_campaign=loading\" target=\"_blank\"><\/p>\n<div>\n<div>View this post on Instagram<\/div>\n<\/div>\n<p><\/a><\/p>\n<p><a href=\"https:\/\/www.instagram.com\/p\/DctHgVHtnCb\/?utm_source=ig_embed&amp;utm_campaign=loading\" target=\"_blank\">A post shared by John Galliano (@jgalliano)<\/a><\/p>\n<\/div>\n<\/blockquote>\n<script async src=\"https:\/\/www.instagram.com\/embed.js\"><\/script>\n<hr>\n<p>&#8221;\u00cemi asum \u00een continuare, pe deplin, responsabilitatea pentru durerea cauzat\u0103 de cuvintele mele \u00een trecut \u0219i pentru r\u0103ul pe care l-am cauzat comunit\u0103\u021bilor evreie\u0219ti \u0219i asiatice, un fapt pe care \u00eel regret profund&#8221;, a ad\u0103ugat el.<\/p>\n<p>&#8221;Dup\u0103 lungi discu\u021bii, sus\u021bin ideea de a nu da curs acestui proiect&#8221;, a reac\u021bionat Andrew Bolton, curator-\u0219ef la Institutul Costumelor din cadrul prestigiosului muzeu newyorkez Met, declar\u00e2ndu-se con\u0219tient de &#8221;durerea \u0219i \u00eengrijor\u0103rile suscitate de aceast\u0103 expozi\u021bie&#8221;.<\/p>\n<p>Anna Wintour, o personalitate a industriei modei \u0219i administrator \u00een cadrul Met, totodat\u0103 o apropiat\u0103 a stilistului britanic, a salutat o decizie &#8221;foarte curajoas\u0103, care reflect\u0103 felul de om care este el&#8221;.<\/p>\n<p>Director artistic al casei Christian Dior din 1996 p\u00e2n\u0103 \u00een 2011, John Galliano, considerat unul dintre cei mai str\u0103luci\u021bi creatori de mod\u0103 ai genera\u021biei sale, \u0219i-a v\u0103zut cariera intr\u00e2nd brusc \u00eentr-un con de umbr\u0103 dup\u0103 ce a proferat injurii antisemite la adresa clien\u021bilor dintr-un bar parizian.<\/p>\n<p>Pentru acele insulte, a fost condamnat de un tribunal francez.<\/p>\n<p>Dup\u0103 o cur\u0103 de dezintoxicare \u0219i o lung\u0103 activitate de educare personal\u0103 efectuat\u0103 mai ales al\u0103turi de preo\u021bi \u0219i lideri ai comunit\u0103\u021bii evreie\u0219ti, John Galliano \u0219i-a g\u0103sit un refugiu profesional \u00een discreta, dar influenta cas\u0103 de mod\u0103 Maison Margiela, unde a ocupat func\u021bia de director artistic timp de zece ani, p\u00e2n\u0103 \u00een 2024.<\/p>\n<p>\u00cen declara\u021bia sa de pe Instagram, el \u0219i-a exprimat &#8221;cea mai profund\u0103 gratitudine fa\u021b\u0103 de to\u021bi cei care (l)-au ghidat, sus\u021binut \u0219i \u00eenso\u021bit pe parcursul acestor ultimi 15 ani de abstinen\u021b\u0103 \u0219i recuperare dup\u0103 alcoolism \u0219i dependen\u021b\u0103&#8221;.<\/p>\n<p>Expozi\u021bia dedicat\u0103 activit\u0103\u021bii sale artistice ar fi trebuit s\u0103 dureze nou\u0103 luni, \u00eencep\u00e2nd din mai 2027, \u00een cadrul Institutului Costumelor, care este finan\u021bat \u00een mare parte de celebra Met Gala, un eveniment anual din calendarul modei interna\u021bionale, desf\u0103\u0219urat la New York.<\/p>\n<p>Numero\u0219i lideri ai comunit\u0103\u021bii evreie\u0219ti, politicieni \u0219i administratori ai muzeului newyorkez au considerat c\u0103 aceast\u0103 retrospectiv\u0103 era profund inoportun\u0103.<\/p>\n<p>&#8221;\u00centr-o epoc\u0103 \u00een care antisemitismul face ravagii \u00een ora\u0219ul nostru, cred c\u0103 a-l omagia pe John Galliano ar fi o grav\u0103 eroare&#8221;, a declarat pre\u0219edinta Consiliului Municipal din New York, democrata Julie Menin. AGERPRES\/(AS &#8211; redactor: Florin B\u0103descu, editor online: Gabriela Badea)<\/p>\n<p><strong>* Sursa foto:<\/strong>\u00a0<a href=\"https:\/\/www.instagram.com\/jgalliano\/?hl=en\" target=\"_blank\">John Galliano<\/a> \/ Instagram.com\u00a0<\/p>\n<\/div>\n<div class=\"mx-auto pt-3\">\n                                Afisari: 9\n                            <\/div>\n<p>[analyse_source url=&#8221;https:\/\/agerpres.ro\/zigzag\/2026\/08\/31\/din-cauza-declaratiilor-sale-antisemite-john-galliano-renunta-la-o-expozitie-la-new-york&#8211;1589420&#8243;]<\/p>\n","protected":false},"excerpt":{"rendered":"<p>[analyse_image type=&#8221;featured&#8221; src=&#8221;https:\/\/agerpres.ro\/data\/202608\/20260831200126_625061.jpg&#8221;] Stilistul britanic John Galliano a anun\u021bat luni c\u0103 renun\u021b\u0103 la o expozi\u021bie dedicat\u0103 activit\u0103\u021bii sale, programat\u0103 pentru anul viitor la Metropolitan Museum of Art (Met) din New York, dup\u0103 criticile unor donatori \u0219i lideri politici ce au vizat declara\u021biile sale antisemite din trecut, informeaz\u0103 AFP. &#8221;Dup\u0103 o analiz\u0103 atent\u0103 \u0219i dup\u0103 ce [&hellip;]<\/p>\n","protected":false},"author":1,"featured_media":0,"comment_status":"open","ping_status":"","sticky":false,"template":"","format":"standard","meta":{"footnotes":""},"categories":[2],"tags":[37,226],"class_list":["post-2120730","post","type-post","status-publish","format-standard","hentry","category-politics","tag-agerpres-ro","tag-crawlmanager"],"_links":{"self":[{"href":"https:\/\/analyse.optim.biz\/index.php?rest_route=\/wp\/v2\/posts\/2120730","targetHints":{"allow":["GET"]}}],"collection":[{"href":"https:\/\/analyse.optim.biz\/index.php?rest_route=\/wp\/v2\/posts"}],"about":[{"href":"https:\/\/analyse.optim.biz\/index.php?rest_route=\/wp\/v2\/types\/post"}],"author":[{"embeddable":true,"href":"https:\/\/analyse.optim.biz\/index.php?rest_route=\/wp\/v2\/users\/1"}],"replies":[{"embeddable":true,"href":"https:\/\/analyse.optim.biz\/index.php?rest_route=%2Fwp%2Fv2%2Fcomments&post=2120730"}],"version-history":[{"count":0,"href":"https:\/\/analyse.optim.biz\/index.php?rest_route=\/wp\/v2\/posts\/2120730\/revisions"}],"wp:attachment":[{"href":"https:\/\/analyse.optim.biz\/index.php?rest_route=%2Fwp%2Fv2%2Fmedia&parent=2120730"}],"wp:term":[{"taxonomy":"category","embeddable":true,"href":"https:\/\/analyse.optim.biz\/index.php?rest_route=%2Fwp%2Fv2%2Fcategories&post=2120730"},{"taxonomy":"post_tag","embeddable":true,"href":"https:\/\/analyse.optim.biz\/index.php?rest_route=%2Fwp%2Fv2%2Ftags&post=2120730"}],"curies":[{"name":"wp","href":"https:\/\/api.w.org\/{rel}","templated":true}]}}