{"id":2120725,"date":"2026-08-31T00:00:00","date_gmt":"2026-08-30T21:00:00","guid":{"rendered":"https:\/\/analyse.optim.biz\/?p=2120725"},"modified":"2026-08-31T00:00:00","modified_gmt":"2026-08-30T21:00:00","slug":"nato-o-stagiara-canadiana-suspectata-de-spionaj-ramane-in-arest-preventiv-in-belgia","status":"publish","type":"post","link":"https:\/\/analyse.optim.biz\/?p=2120725","title":{"rendered":"NATO: O stagiar\u0103 canadian\u0103 suspectat\u0103 de spionaj r\u0103m\u00e2ne \u00een arest preventiv \u00een Belgia"},"content":{"rendered":"<p>[analyse_image type=&#8221;featured&#8221; src=&#8221;https:\/\/agerpres.ro\/data\/202608\/20260831194757_896362.jpg&#8221;]<\/p>\n<div class=\"mx-auto pt-3\">\n<p><strong>O femeie canadian\u0103 acuzat\u0103 c\u0103 a spionat \u00een timp ce lucra ca stagiar\u0103 la NATO va r\u0103m\u00e2ne \u00een arest preventiv pentru \u00eenc\u0103 30 de zile, a anun\u021bat luni Biroul procurorului federal belgian, ptrivit Reuters.<\/strong><\/p>\n<p>Femeia, identificat\u0103 drept Claire Z., a fost arestat\u0103 \u00een luna iulie sub b\u0103nuiala de spionaj \u00een beneficiul unei \u021b\u0103ri ter\u021be \u0219i de apartenen\u021b\u0103 la o organiza\u021bie infrac\u021bional\u0103.<\/p>\n<p>Ea a lucrat ca stagiar\u0103 la Comandamentul suprem aliat \u00een Europa (SHAPE), ce are sediul \u00een ora\u0219ul belgian Mons.<\/p>\n<p>La 25 iulie, Parchetul belgian declara c\u0103 suspecta, cet\u0103\u021bean canadian de origine chinez\u0103, &#8221;atr\u0103sese aten\u021bia serviciilor de securitate ale SHAPE, care au denun\u021bat faptele la Serviciul General de Informa\u021bii \u0219i Securitate (SGRS)&#8221;.<\/p>\n<p>Dup\u0103 deschiderea dosarului, Parchetul federal belgian a \u00eencredin\u021bat ancheta poli\u021biei judiciare federale din ora\u0219ul Charleroi, care a efectuat perchezi\u021bii la domiciliul suspectei, precum \u0219i la locul s\u0103u de munc\u0103. Judec\u0103torul de instruc\u021bie a plasat-o ini\u021bial pe suspect\u0103 sub mandat de re\u021binere. AGERPRES\/(AS &#8211; redactor: Tudor Martalogu, editor online: Gabriela Badea)\u00a0<\/p>\n<\/div>\n<div class=\"mx-auto pt-3\">\n                                Afisari: 123\n                            <\/div>\n<p>[analyse_source url=&#8221;https:\/\/agerpres.ro\/politic-extern\/2026\/08\/31\/nato-o-stagiara-canadiana-suspectata-de-spionaj-ramane-in-arest-preventiv-in-belgia&#8211;1589414&#8243;]<\/p>\n","protected":false},"excerpt":{"rendered":"<p>[analyse_image type=&#8221;featured&#8221; src=&#8221;https:\/\/agerpres.ro\/data\/202608\/20260831194757_896362.jpg&#8221;] O femeie canadian\u0103 acuzat\u0103 c\u0103 a spionat \u00een timp ce lucra ca stagiar\u0103 la NATO va r\u0103m\u00e2ne \u00een arest preventiv pentru \u00eenc\u0103 30 de zile, a anun\u021bat luni Biroul procurorului federal belgian, ptrivit Reuters. Femeia, identificat\u0103 drept Claire Z., a fost arestat\u0103 \u00een luna iulie sub b\u0103nuiala de spionaj \u00een beneficiul unei [&hellip;]<\/p>\n","protected":false},"author":1,"featured_media":0,"comment_status":"open","ping_status":"","sticky":false,"template":"","format":"standard","meta":{"footnotes":""},"categories":[2],"tags":[37,226],"class_list":["post-2120725","post","type-post","status-publish","format-standard","hentry","category-politics","tag-agerpres-ro","tag-crawlmanager"],"_links":{"self":[{"href":"https:\/\/analyse.optim.biz\/index.php?rest_route=\/wp\/v2\/posts\/2120725","targetHints":{"allow":["GET"]}}],"collection":[{"href":"https:\/\/analyse.optim.biz\/index.php?rest_route=\/wp\/v2\/posts"}],"about":[{"href":"https:\/\/analyse.optim.biz\/index.php?rest_route=\/wp\/v2\/types\/post"}],"author":[{"embeddable":true,"href":"https:\/\/analyse.optim.biz\/index.php?rest_route=\/wp\/v2\/users\/1"}],"replies":[{"embeddable":true,"href":"https:\/\/analyse.optim.biz\/index.php?rest_route=%2Fwp%2Fv2%2Fcomments&post=2120725"}],"version-history":[{"count":0,"href":"https:\/\/analyse.optim.biz\/index.php?rest_route=\/wp\/v2\/posts\/2120725\/revisions"}],"wp:attachment":[{"href":"https:\/\/analyse.optim.biz\/index.php?rest_route=%2Fwp%2Fv2%2Fmedia&parent=2120725"}],"wp:term":[{"taxonomy":"category","embeddable":true,"href":"https:\/\/analyse.optim.biz\/index.php?rest_route=%2Fwp%2Fv2%2Fcategories&post=2120725"},{"taxonomy":"post_tag","embeddable":true,"href":"https:\/\/analyse.optim.biz\/index.php?rest_route=%2Fwp%2Fv2%2Ftags&post=2120725"}],"curies":[{"name":"wp","href":"https:\/\/api.w.org\/{rel}","templated":true}]}}