{"id":2120721,"date":"2026-08-31T00:00:00","date_gmt":"2026-08-30T21:00:00","guid":{"rendered":"https:\/\/analyse.optim.biz\/?p=2120721"},"modified":"2026-08-31T00:00:00","modified_gmt":"2026-08-30T21:00:00","slug":"arabia-saudita-turcia-si-pakistan-au-convenit-sa-infiinteze-un-secretariat-pentru-acordul-lor-de-aparare-comuna","status":"publish","type":"post","link":"https:\/\/analyse.optim.biz\/?p=2120721","title":{"rendered":"Arabia Saudit\u0103, Turcia \u0219i Pakistan au convenit s\u0103 \u00eenfiin\u021beze un secretariat pentru acordul lor de ap\u0103rare comun\u0103"},"content":{"rendered":"<p>[analyse_image type=&#8221;featured&#8221; src=&#8221;https:\/\/agerpres.ro\/data\/202608\/20260831193903_421123.jpg&#8221;]<\/p>\n<div class=\"mx-auto pt-3\">\n<p><strong>Arabia Saudit\u0103, Turcia \u0219i Pakistan au anun\u021bat luni c\u0103 au convenit s\u0103 \u00eenfiin\u021beze un secretariat \u00een Arabia Saudit\u0103 \u00een conformitate cu Acordul de ap\u0103rare comun\u0103 de la Mecca, care va fi condus ini\u021bial de un secretar general pakistanez pentru o perioad\u0103 de trei ani, potrivit unui comunicat comun al celor trei \u021b\u0103ri, relateaz\u0103 Reuters.<\/strong><\/p>\n<p>Reprezentan\u021bii celor trei \u021b\u0103ri s-au \u00eent\u00e2lnit luni la Istanbul. \u021a\u0103rile vor lucra pentru consolidarea capabilit\u0103\u021bilor lor colective de ap\u0103rare \u0219i a coeziunii for\u021belor lor armate, se mai precizeaz\u0103 \u00een comunicat.<\/p>\n<p><a href=\"https:\/\/agerpres.ro\/2026\/08\/07\/arabia-saudita-turcia-si-pakistanul-semneaza-un-acord-de-aparare-comuna--1583160\" target=\"_blank\">Acordul de ap\u0103rare comun\u0103 de la Mecca<\/a>, semnat la \u00eenceputul lui august, <a href=\"https:\/\/agerpres.ro\/2026\/08\/07\/acordul-de-aparare-semnat-de-arabia-saudita-turcia-si-pakistan-nu-urmareste-ambitii-nucleare-asigura--1583229\" target=\"_blank\">are drept obiectiv declarat<\/a> consolidarea descuraj\u0103rii colective \u00eempotriva oric\u0103rui act de agresiune \u0219i stipuleaz\u0103 c\u0103 au atac armat asupra oric\u0103rei dintre cele trei \u021b\u0103ri va fi privit ca un atac asupra tuturor. AGERPRES\/(AS &#8211; redactor: Florin \u0218tefan, editor online: Gabriela Badea)\u00a0<\/p>\n<\/div>\n<div class=\"mx-auto pt-3\">\n                                Afisari: 123\n                            <\/div>\n<p>[analyse_source url=&#8221;https:\/\/agerpres.ro\/politic-extern\/2026\/08\/31\/arabia-saudita-turcia-si-pakistan-au-convenit-sa-infiinteze-un-secretariat-pentru-acordul-lor-de-apa&#8211;1589413&#8243;]<\/p>\n","protected":false},"excerpt":{"rendered":"<p>[analyse_image type=&#8221;featured&#8221; src=&#8221;https:\/\/agerpres.ro\/data\/202608\/20260831193903_421123.jpg&#8221;] Arabia Saudit\u0103, Turcia \u0219i Pakistan au anun\u021bat luni c\u0103 au convenit s\u0103 \u00eenfiin\u021beze un secretariat \u00een Arabia Saudit\u0103 \u00een conformitate cu Acordul de ap\u0103rare comun\u0103 de la Mecca, care va fi condus ini\u021bial de un secretar general pakistanez pentru o perioad\u0103 de trei ani, potrivit unui comunicat comun al celor trei \u021b\u0103ri, [&hellip;]<\/p>\n","protected":false},"author":1,"featured_media":0,"comment_status":"open","ping_status":"","sticky":false,"template":"","format":"standard","meta":{"footnotes":""},"categories":[2],"tags":[37,226],"class_list":["post-2120721","post","type-post","status-publish","format-standard","hentry","category-politics","tag-agerpres-ro","tag-crawlmanager"],"_links":{"self":[{"href":"https:\/\/analyse.optim.biz\/index.php?rest_route=\/wp\/v2\/posts\/2120721","targetHints":{"allow":["GET"]}}],"collection":[{"href":"https:\/\/analyse.optim.biz\/index.php?rest_route=\/wp\/v2\/posts"}],"about":[{"href":"https:\/\/analyse.optim.biz\/index.php?rest_route=\/wp\/v2\/types\/post"}],"author":[{"embeddable":true,"href":"https:\/\/analyse.optim.biz\/index.php?rest_route=\/wp\/v2\/users\/1"}],"replies":[{"embeddable":true,"href":"https:\/\/analyse.optim.biz\/index.php?rest_route=%2Fwp%2Fv2%2Fcomments&post=2120721"}],"version-history":[{"count":0,"href":"https:\/\/analyse.optim.biz\/index.php?rest_route=\/wp\/v2\/posts\/2120721\/revisions"}],"wp:attachment":[{"href":"https:\/\/analyse.optim.biz\/index.php?rest_route=%2Fwp%2Fv2%2Fmedia&parent=2120721"}],"wp:term":[{"taxonomy":"category","embeddable":true,"href":"https:\/\/analyse.optim.biz\/index.php?rest_route=%2Fwp%2Fv2%2Fcategories&post=2120721"},{"taxonomy":"post_tag","embeddable":true,"href":"https:\/\/analyse.optim.biz\/index.php?rest_route=%2Fwp%2Fv2%2Ftags&post=2120721"}],"curies":[{"name":"wp","href":"https:\/\/api.w.org\/{rel}","templated":true}]}}