{"id":2120712,"date":"2026-08-31T00:00:00","date_gmt":"2026-08-30T21:00:00","guid":{"rendered":"https:\/\/analyse.optim.biz\/?p=2120712"},"modified":"2026-08-31T00:00:00","modified_gmt":"2026-08-30T21:00:00","slug":"fotbal-kenan-yildiz-juventus-a-fost-supus-unei-operatii-si-va-fi-indisponibil-trei-luni","status":"publish","type":"post","link":"https:\/\/analyse.optim.biz\/?p=2120712","title":{"rendered":"Fotbal: Kenan Yildiz (Juventus) a fost supus unei opera\u021bii \u0219i va fi indisponibil trei luni"},"content":{"rendered":"<p>[analyse_image type=&#8221;featured&#8221; src=&#8221;https:\/\/foto.agerpres.ro\/foto\/detaliu\/19584461&#8243;]<\/p>\n<div class=\"mx-auto pt-3\">\n<p>T\u00e2n\u0103rul mijloca\u0219 ofensiv turc al echipei de fotbal Juventus Torino, Kenan Yildiz, a fost supus luni unei interven\u021bii chirurgicale la picior, \u00een ora\u0219ul german Augsburg, \u0219i va absenta de pe teren timp de trei luni, a anun\u021bat clubul s\u0103u, informeaz\u0103<br \/>\nagen\u021bia ANSA.<\/p>\n<p>Elegantul conduc\u0103tor de joc a suferit o interven\u021bie chirurgical\u0103 de osteosintez\u0103 pentru o fractur\u0103 la baza celui de-al cincilea metatarsian al piciorului st\u00e2ng. Clubul torinez a anun\u021bat c\u0103 &#8216;opera\u021bia, efectuat\u0103 la clinica Hessingpark din Augsburg de c\u0103tre dr. Martin Jordan, \u00een prezen\u021ba medicului echipei, dr. Marco Freschi, a fost un succes deplin&#8217;.<\/p>\n<p>Yildiz, \u00een v\u00e2rst\u0103 de 22 de ani, a suferit accidentarea la picior \u00een timpul victoriei cu 1-0 ob\u021binute de bianconeri la debutul \u00een noul sezon din Serie, \u00eempotriva lui Frosinone.<\/p>\n<p>Yildiz a marcat 19 goluri \u00een 99 de meciuri pentru gruparea torinez\u0103 de la transferul s\u0103u de la Bayern Munchen, \u00een 2023. De asemenea, el a adunat 31 de selec\u021bii \u0219i cinci goluri pentru na\u021bionala Turciei.<br \/>\nAGERPRES (AS\/editor: Mircea Lazaroniu, editor online: Anda Badea)<\/p>\n<\/div>\n<div class=\"mx-auto pt-3\">\n                                Afisari: 104\n                            <\/div>\n<p>[analyse_source url=&#8221;https:\/\/agerpres.ro\/sport-extern\/2026\/08\/31\/fotbal-kenan-yildiz-juventus-a-fost-supus-unei-operatii-si-va-fi-indisponibil-trei-luni&#8211;1589416&#8243;]<\/p>\n","protected":false},"excerpt":{"rendered":"<p>[analyse_image type=&#8221;featured&#8221; src=&#8221;https:\/\/foto.agerpres.ro\/foto\/detaliu\/19584461&#8243;] T\u00e2n\u0103rul mijloca\u0219 ofensiv turc al echipei de fotbal Juventus Torino, Kenan Yildiz, a fost supus luni unei interven\u021bii chirurgicale la picior, \u00een ora\u0219ul german Augsburg, \u0219i va absenta de pe teren timp de trei luni, a anun\u021bat clubul s\u0103u, informeaz\u0103 agen\u021bia ANSA. Elegantul conduc\u0103tor de joc a suferit o interven\u021bie chirurgical\u0103 de [&hellip;]<\/p>\n","protected":false},"author":1,"featured_media":0,"comment_status":"open","ping_status":"","sticky":false,"template":"","format":"standard","meta":{"footnotes":""},"categories":[2],"tags":[37,226],"class_list":["post-2120712","post","type-post","status-publish","format-standard","hentry","category-politics","tag-agerpres-ro","tag-crawlmanager"],"_links":{"self":[{"href":"https:\/\/analyse.optim.biz\/index.php?rest_route=\/wp\/v2\/posts\/2120712","targetHints":{"allow":["GET"]}}],"collection":[{"href":"https:\/\/analyse.optim.biz\/index.php?rest_route=\/wp\/v2\/posts"}],"about":[{"href":"https:\/\/analyse.optim.biz\/index.php?rest_route=\/wp\/v2\/types\/post"}],"author":[{"embeddable":true,"href":"https:\/\/analyse.optim.biz\/index.php?rest_route=\/wp\/v2\/users\/1"}],"replies":[{"embeddable":true,"href":"https:\/\/analyse.optim.biz\/index.php?rest_route=%2Fwp%2Fv2%2Fcomments&post=2120712"}],"version-history":[{"count":0,"href":"https:\/\/analyse.optim.biz\/index.php?rest_route=\/wp\/v2\/posts\/2120712\/revisions"}],"wp:attachment":[{"href":"https:\/\/analyse.optim.biz\/index.php?rest_route=%2Fwp%2Fv2%2Fmedia&parent=2120712"}],"wp:term":[{"taxonomy":"category","embeddable":true,"href":"https:\/\/analyse.optim.biz\/index.php?rest_route=%2Fwp%2Fv2%2Fcategories&post=2120712"},{"taxonomy":"post_tag","embeddable":true,"href":"https:\/\/analyse.optim.biz\/index.php?rest_route=%2Fwp%2Fv2%2Ftags&post=2120712"}],"curies":[{"name":"wp","href":"https:\/\/api.w.org\/{rel}","templated":true}]}}