{"id":2120708,"date":"2026-08-31T00:00:00","date_gmt":"2026-08-30T21:00:00","guid":{"rendered":"https:\/\/analyse.optim.biz\/?p=2120708"},"modified":"2026-08-31T00:00:00","modified_gmt":"2026-08-30T21:00:00","slug":"suedia-a-semnat-un-contract-de-43-miliarde-de-euro-pentru-achizitionarea-a-patru-fregate-franceze","status":"publish","type":"post","link":"https:\/\/analyse.optim.biz\/?p=2120708","title":{"rendered":"Suedia a semnat un contract de 4,3 miliarde de euro pentru achizi\u021bionarea a patru fregate franceze"},"content":{"rendered":"<p>[analyse_image type=&#8221;featured&#8221; src=&#8221;https:\/\/agerpres.ro\/data\/202608\/20260831192607_822917.jpg&#8221;]<\/p>\n<div class=\"mx-auto pt-3\">\n<p><strong>Guvernul suedez a semnat luni un contract \u00een valoare de 4,3 miliarde de euro pentru achizi\u021bionarea a patru fregate franceze de ap\u0103rare \u0219i interven\u021bie (FDI), \u00een prezen\u021ba pre\u0219edintelui Emmanuel Macron \u0219i a premierului Ulf Kristersson, la Stockholm, relateaz\u0103 AFP.<\/strong><\/p>\n<p>Contractul a fost semnat de c\u0103tre directorul general al Naval Group, Pierre-Eric Pommelet, \u0219i directorul Administra\u021biei suedeze pentru materiale de ap\u0103rare (FMV), Mikael Granholm.<\/p>\n<p>Suedia \u00ee\u0219i continu\u0103 eforturile de \u00eenarmare de la \u00eenceperea r\u0103zboiului din Ucraina \u00een 2022 \u0219i aderarea sa la NATO \u00een 2024.<\/p>\n<p>De asemenea, ministrul francez al for\u021belor armate Catherine Vautrin \u0219i omologul s\u0103u suedez Pal Jonson au semnat un acord-cadru privind consolidarea cooper\u0103rii privind ap\u0103rarea \u00een &#8221;domeniile opera\u021bional \u0219i industrial&#8221;.<\/p>\n<p>&#8221;Paraf\u0103m o cooperare strategic\u0103 major\u0103, reciproc\u0103 \u0219i ambi\u021bioas\u0103&#8221;, a declarat pre\u0219edintele francez Emmanuel Macron la bordul fregatei Amiral Ronarc&#8217;h, unde a fost semnat acordul, \u00een portul Stockholm.<\/p>\n<p>&#8221;Aceasta arat\u0103 for\u021ba \u0219i importan\u021ba acestui pilon european al ap\u0103r\u0103rii \u0219i modul \u00een care cooperarea franco-suedez\u0103 este pe cale s\u0103 devin\u0103 un element esen\u021bial al acestui pilon european&#8221;, a subliniat Macron.<\/p>\n<p>El a eviden\u021biat importan\u021ba cooper\u0103rii militare \u00eentre Paris \u0219i Stockholm, amintind c\u0103 Fran\u021ba a cump\u0103rat dou\u0103 avioane de supraveghere maritim\u0103 Saab, pentru un pre\u021b de 1 miliard de euro.<\/p>\n<p>De partea sa, Ulf Kristersson a pus accentul pe capacit\u0103\u021bile de ap\u0103rare aerian\u0103, \u00een special \u00een materie balistic\u0103, pe care le vor oferi cele patru fregate.<\/p>\n<p>&#8221;Fregatele devin platforme mobile ce ofer\u0103 Suediei o capacitate de ap\u0103rare aerian\u0103 cu raz\u0103 lung\u0103 \u00een mare \u0219i o protec\u021bie contra rachetelor balistice&#8221;, a subliniat \u0219eful guvernului suedez, d\u00e2nd ca exemplu provocarea \u00eent\u00e2mpinat\u0103 de Ucraina din cauza loviturilor for\u021belor ruse. AGERPRES\/(AS &#8211; redactor: Tudor Martalogu, editor online: Gabriela Badea)\u00a0<\/p>\n<\/div>\n<div class=\"mx-auto pt-3\">\n                                Afisari: 129\n                            <\/div>\n<p>[analyse_source url=&#8221;https:\/\/agerpres.ro\/politic-extern\/2026\/08\/31\/suedia-a-semnat-un-contract-de-4-3-miliarde-de-euro-pentru-achizitionarea-a-patru-fregate-franceze&#8211;1589412&#8243;]<\/p>\n","protected":false},"excerpt":{"rendered":"<p>[analyse_image type=&#8221;featured&#8221; src=&#8221;https:\/\/agerpres.ro\/data\/202608\/20260831192607_822917.jpg&#8221;] Guvernul suedez a semnat luni un contract \u00een valoare de 4,3 miliarde de euro pentru achizi\u021bionarea a patru fregate franceze de ap\u0103rare \u0219i interven\u021bie (FDI), \u00een prezen\u021ba pre\u0219edintelui Emmanuel Macron \u0219i a premierului Ulf Kristersson, la Stockholm, relateaz\u0103 AFP. Contractul a fost semnat de c\u0103tre directorul general al Naval Group, Pierre-Eric Pommelet, [&hellip;]<\/p>\n","protected":false},"author":1,"featured_media":0,"comment_status":"open","ping_status":"","sticky":false,"template":"","format":"standard","meta":{"footnotes":""},"categories":[2],"tags":[37,226],"class_list":["post-2120708","post","type-post","status-publish","format-standard","hentry","category-politics","tag-agerpres-ro","tag-crawlmanager"],"_links":{"self":[{"href":"https:\/\/analyse.optim.biz\/index.php?rest_route=\/wp\/v2\/posts\/2120708","targetHints":{"allow":["GET"]}}],"collection":[{"href":"https:\/\/analyse.optim.biz\/index.php?rest_route=\/wp\/v2\/posts"}],"about":[{"href":"https:\/\/analyse.optim.biz\/index.php?rest_route=\/wp\/v2\/types\/post"}],"author":[{"embeddable":true,"href":"https:\/\/analyse.optim.biz\/index.php?rest_route=\/wp\/v2\/users\/1"}],"replies":[{"embeddable":true,"href":"https:\/\/analyse.optim.biz\/index.php?rest_route=%2Fwp%2Fv2%2Fcomments&post=2120708"}],"version-history":[{"count":0,"href":"https:\/\/analyse.optim.biz\/index.php?rest_route=\/wp\/v2\/posts\/2120708\/revisions"}],"wp:attachment":[{"href":"https:\/\/analyse.optim.biz\/index.php?rest_route=%2Fwp%2Fv2%2Fmedia&parent=2120708"}],"wp:term":[{"taxonomy":"category","embeddable":true,"href":"https:\/\/analyse.optim.biz\/index.php?rest_route=%2Fwp%2Fv2%2Fcategories&post=2120708"},{"taxonomy":"post_tag","embeddable":true,"href":"https:\/\/analyse.optim.biz\/index.php?rest_route=%2Fwp%2Fv2%2Ftags&post=2120708"}],"curies":[{"name":"wp","href":"https:\/\/api.w.org\/{rel}","templated":true}]}}