{"id":2120701,"date":"2026-08-31T00:00:00","date_gmt":"2026-08-30T21:00:00","guid":{"rendered":"https:\/\/analyse.optim.biz\/?p=2120701"},"modified":"2026-08-31T00:00:00","modified_gmt":"2026-08-30T21:00:00","slug":"tulcea-ambarcatiuni-si-pontoane-avariate-de-o-nava-maritima-in-portul-tulcea","status":"publish","type":"post","link":"https:\/\/analyse.optim.biz\/?p=2120701","title":{"rendered":"Tulcea: Ambarca\u021biuni \u0219i pontoane avariate de o nav\u0103 maritim\u0103, \u00een Portul Tulcea"},"content":{"rendered":"<p>[analyse_image type=&#8221;featured&#8221; src=&#8221;https:\/\/agerpres.ro\/data\/202608\/20260831190406_551439.jpg&#8221;]<\/p>\n<div class=\"mx-auto pt-3\">\n<p><strong>O nav\u0103 sub pavilion Panama a avariat, luni, mai multe ambarca\u021biuni \u0219i pontoane aflate pe faleza Ivan Patzaichin din municipiul Tulcea, iar C\u0103pit\u0103nia Zonal\u0103 a Portului Tulcea a \u00eenceput cercet\u0103rile pentru stabilirea cauzei evenimentului.<\/strong><\/p>\n<p>Potrivit Autorit\u0103\u021bii Navale Rom\u00e2ne, \u00een urma accidentului nu s-au \u00eenregistrat victime, iar nava Line S se deplasa pe Dun\u0103rea maritim\u0103 spre Ismail, Ucraina.<\/p>\n<p>\u00cen <a href=\"https:\/\/www.facebook.com\/reel\/948527177586548\" target=\"_blank\">clipul video<\/a> f\u0103cut public pe facebook.com pe contul Danube Delta, nava S Line avariaz\u0103 inclusiv pontonul de acostare al Administra\u021biei Zonei Libere Sulina, entitate aflat\u0103 \u00een subordinea Consiliului Jude\u021bean, care administreaz\u0103 portul tulcean.<\/p>\n<p>Datele f\u0103cute publice de Garda de Coast\u0103 arat\u0103 c\u0103, \u00eencep\u00e2nd cu luna iulie 2026, \u00een contextul \u00een care canalul B\u00e2stroe \u0219i porturile ucrainene de la Marea Neagr\u0103 nu au mai fost tranzitate de c\u0103tre nave comerciale, valorile de trafic \u00eenregistrate la nivelul Punctelor de Trecere a Frontierei Sulina \u0219i Tulcea au crescut cu aproximativ 25%, respectiv 50%, comparativ cu aceea\u0219i perioad\u0103 a anului trecut.<\/p>\n<p>De la \u00eenceputul acestui an, mai multe nave au fost implicate \u00een diferite evenimente pe Dun\u0103rea maritim\u0103, \u00een urma unora dintre ele, e\u0219u\u0103ri de nave, ANR anun\u021b\u00e2nd restric\u021bionarea traficului pe canalul Sulina. Unul dintre evenimente s-a soldat cu scufundarea unei nave aflate sub pavilion Rom\u00e2nia. AGERPRES\/(AS &#8211; redactor: Luisiana B\u00eegea, editor: George Onea, editor online: Simona Aru\u015ftei)<\/p>\n<p><strong>Cite\u015fte \u015fi:<\/strong><\/p>\n<p>*\u00a0<a href=\"https:\/\/agerpres.ro\/social\/2026\/08\/31\/tulcea-barci-scufundate-pontoane-de-acostare-si-ambarcatiuni-avariate-dupa-accidentul-naval-din-port--1589425\" target=\"_blank\">Tulcea: B\u0103rci scufundate, pontoane de acostare \u0219i ambarca\u021biuni avariate, dup\u0103 accidentul naval din Portul Tulcea<\/a><\/p>\n<\/div>\n<div class=\"mx-auto pt-3\">\n                                Afisari: 233\n                            <\/div>\n<p>[analyse_source url=&#8221;https:\/\/agerpres.ro\/social\/2026\/08\/31\/tulcea-ambarcatiuni-si-pontoane-avariate-de-o-nava-maritima-in-portul-tulcea&#8211;1589406&#8243;]<\/p>\n","protected":false},"excerpt":{"rendered":"<p>[analyse_image type=&#8221;featured&#8221; src=&#8221;https:\/\/agerpres.ro\/data\/202608\/20260831190406_551439.jpg&#8221;] O nav\u0103 sub pavilion Panama a avariat, luni, mai multe ambarca\u021biuni \u0219i pontoane aflate pe faleza Ivan Patzaichin din municipiul Tulcea, iar C\u0103pit\u0103nia Zonal\u0103 a Portului Tulcea a \u00eenceput cercet\u0103rile pentru stabilirea cauzei evenimentului. Potrivit Autorit\u0103\u021bii Navale Rom\u00e2ne, \u00een urma accidentului nu s-au \u00eenregistrat victime, iar nava Line S se deplasa pe [&hellip;]<\/p>\n","protected":false},"author":1,"featured_media":0,"comment_status":"open","ping_status":"","sticky":false,"template":"","format":"standard","meta":{"footnotes":""},"categories":[2],"tags":[37,226],"class_list":["post-2120701","post","type-post","status-publish","format-standard","hentry","category-politics","tag-agerpres-ro","tag-crawlmanager"],"_links":{"self":[{"href":"https:\/\/analyse.optim.biz\/index.php?rest_route=\/wp\/v2\/posts\/2120701","targetHints":{"allow":["GET"]}}],"collection":[{"href":"https:\/\/analyse.optim.biz\/index.php?rest_route=\/wp\/v2\/posts"}],"about":[{"href":"https:\/\/analyse.optim.biz\/index.php?rest_route=\/wp\/v2\/types\/post"}],"author":[{"embeddable":true,"href":"https:\/\/analyse.optim.biz\/index.php?rest_route=\/wp\/v2\/users\/1"}],"replies":[{"embeddable":true,"href":"https:\/\/analyse.optim.biz\/index.php?rest_route=%2Fwp%2Fv2%2Fcomments&post=2120701"}],"version-history":[{"count":0,"href":"https:\/\/analyse.optim.biz\/index.php?rest_route=\/wp\/v2\/posts\/2120701\/revisions"}],"wp:attachment":[{"href":"https:\/\/analyse.optim.biz\/index.php?rest_route=%2Fwp%2Fv2%2Fmedia&parent=2120701"}],"wp:term":[{"taxonomy":"category","embeddable":true,"href":"https:\/\/analyse.optim.biz\/index.php?rest_route=%2Fwp%2Fv2%2Fcategories&post=2120701"},{"taxonomy":"post_tag","embeddable":true,"href":"https:\/\/analyse.optim.biz\/index.php?rest_route=%2Fwp%2Fv2%2Ftags&post=2120701"}],"curies":[{"name":"wp","href":"https:\/\/api.w.org\/{rel}","templated":true}]}}