{"id":2120697,"date":"2026-08-31T00:00:00","date_gmt":"2026-08-30T21:00:00","guid":{"rendered":"https:\/\/analyse.optim.biz\/?p=2120697"},"modified":"2026-08-31T00:00:00","modified_gmt":"2026-08-30T21:00:00","slug":"covasna-sistemul-de-termoficare-din-intorsura-buzaului-eficientizat-cu-sprijinul-ministerului-dezvoltarii","status":"publish","type":"post","link":"https:\/\/analyse.optim.biz\/?p=2120697","title":{"rendered":"Covasna: Sistemul de termoficare din \u00centorsura Buz\u0103ului, eficientizat cu sprijinul Ministerului Dezvolt\u0103rii"},"content":{"rendered":"<p>[analyse_image type=&#8221;featured&#8221; src=&#8221;https:\/\/agerpres.ro\/data\/202608\/20260831185824_216500.jpg&#8221;]<\/p>\n<div class=\"mx-auto pt-3\">\n<p><strong>Prim\u0103ria \u00centorsura Buz\u0103ului a depus spre finan\u021bare la Ministerul Dezvolt\u0103rii un proiect \u00een valoare de aproximativ 3 milioane de euro pentru \u00eenlocuirea centralei termice pe rumegu\u0219 cu trei centrale de capacit\u0103\u021bi diferite, adaptate necesarului de consum al ora\u0219ului, a declarat pentru AGERPRES primarul Raul Urd\u0103.<\/strong><\/p>\n<p>Potrivit edilului, actuala central\u0103, care asigur\u0103 ap\u0103 cald\u0103 \u0219i c\u0103ldur\u0103 blocurilor din centrul ora\u0219ului \u0219i institu\u021biilor publice, a fost pus\u0103 \u00een func\u021biune \u00een urm\u0103 cu peste dou\u0103 decenii \u0219i reprezint\u0103 o &#8216;gaur\u0103 neagr\u0103&#8217; pentru bugetul local, fiind supradimensionat\u0103 fa\u021b\u0103 de necesarul de consum.<\/p>\n<p>&#8216;Centrala noastr\u0103 este supradimensionat\u0103. Este o central\u0103 de 7 MW, iar noi consum\u0103m \u00een lunile maxime de iarn\u0103 3 MW. Acum, de exemplu, vara, c\u00e2nd d\u0103m ap\u0103 cald\u0103, consum\u0103m 0,3 MW, adic\u0103 noi trebuie s\u0103 pornim centrala de 7 MW pentru 0,3 MW (&#8230;) Vor fi trei centrale, una mai mic\u0103, care va produce doar ap\u0103 cald\u0103 pe timp de var\u0103, ca s\u0103 nu consum\u0103m at\u00e2t de mult, \u0219i una care s\u0103 duc\u0103 tot ora\u0219ul iarna. \u0218i \u00eenc\u0103 una de rezerv\u0103, pentru c\u0103 legea ne oblig\u0103 s\u0103 avem una de rezerv\u0103, \u00een cazul \u00een care pic\u0103 una, s\u0103 ai o variant\u0103, s\u0103 nu r\u0103m\u00e2i iarna f\u0103r\u0103 c\u0103ldur\u0103&#8217;, a explicat Raul Urd\u0103.<\/p>\n<p>Acesta a precizat c\u0103 proiectul, aflat \u00een faza de clarific\u0103ri la Ministerul Dezvolt\u0103rii, are o valoare de aproximativ 3 milioane de euro, iar administra\u021bia local\u0103 are deja aproximativ 500.000 de euro pentru cofinan\u021barea investi\u021biei.<\/p>\n<p>&#8216;Sper\u0103m ca \u00een cur\u00e2nd s\u0103 ne aprobe proiectul (&#8230;). Dac\u0103 ni se aprob\u0103, semn\u0103m contractul, facem licita\u021bia \u0219i trecem la execu\u021bie. Produc\u0103torii acestor centrale au nevoie de cam \u0219ase-\u0219apte luni s\u0103 le produc\u0103, pentru c\u0103 nu sunt pe stoc. (&#8230;) Dar, \u00eentr-un an, maximum doi, eu sper s\u0103 fie gata \u0219i s\u0103 avem trei centrale noi la \u00centorsura Buz\u0103ului&#8217;, a men\u021bionat Raul Urd\u0103.<\/p>\n<p>Actuala central\u0103 termic\u0103 pe rumegu\u0219 a fost pus\u0103 \u00een func\u021biune \u00een anul 2004 printr-un program cofinan\u021bat de guvernele Rom\u00e2niei \u0219i Danemarcei. Prin acela\u0219i program guvernamental au fost instalate centrale similare pe biomas\u0103 \u0219i \u00een localit\u0103\u021bile Gheorgheni, Huedin, Vatra Dornei \u0219i Vl\u0103hi\u021ba. AGERPRES\/(A &#8211; autor: Oana M\u0103lina Negrea, editor: George Onea, editor online: Simona Aru\u015ftei)<\/p>\n<p>Sursa foto:\u00a0<a href=\"https:\/\/www.facebook.com\/profile.php?id=61551594346385&amp;__tn__=-UC*F\" role=\"link\" tabindex=\"0\">Prim\u0103ria Ora\u0219ului \u00centorsura Buz\u0103ului<\/a>\u00a0\/ Facebook<\/p>\n<\/div>\n<div class=\"mx-auto pt-3\">\n                                Afisari: 192\n                            <\/div>\n<p>[analyse_source url=&#8221;https:\/\/agerpres.ro\/social\/2026\/08\/31\/covasna-sistemul-de-termoficare-din-intorsura-buzaului-eficientizat-cu-sprijinul-ministerului-dezvol&#8211;1589403&#8243;]<\/p>\n","protected":false},"excerpt":{"rendered":"<p>[analyse_image type=&#8221;featured&#8221; src=&#8221;https:\/\/agerpres.ro\/data\/202608\/20260831185824_216500.jpg&#8221;] Prim\u0103ria \u00centorsura Buz\u0103ului a depus spre finan\u021bare la Ministerul Dezvolt\u0103rii un proiect \u00een valoare de aproximativ 3 milioane de euro pentru \u00eenlocuirea centralei termice pe rumegu\u0219 cu trei centrale de capacit\u0103\u021bi diferite, adaptate necesarului de consum al ora\u0219ului, a declarat pentru AGERPRES primarul Raul Urd\u0103. Potrivit edilului, actuala central\u0103, care asigur\u0103 ap\u0103 [&hellip;]<\/p>\n","protected":false},"author":1,"featured_media":0,"comment_status":"open","ping_status":"","sticky":false,"template":"","format":"standard","meta":{"footnotes":""},"categories":[2],"tags":[37,226],"class_list":["post-2120697","post","type-post","status-publish","format-standard","hentry","category-politics","tag-agerpres-ro","tag-crawlmanager"],"_links":{"self":[{"href":"https:\/\/analyse.optim.biz\/index.php?rest_route=\/wp\/v2\/posts\/2120697","targetHints":{"allow":["GET"]}}],"collection":[{"href":"https:\/\/analyse.optim.biz\/index.php?rest_route=\/wp\/v2\/posts"}],"about":[{"href":"https:\/\/analyse.optim.biz\/index.php?rest_route=\/wp\/v2\/types\/post"}],"author":[{"embeddable":true,"href":"https:\/\/analyse.optim.biz\/index.php?rest_route=\/wp\/v2\/users\/1"}],"replies":[{"embeddable":true,"href":"https:\/\/analyse.optim.biz\/index.php?rest_route=%2Fwp%2Fv2%2Fcomments&post=2120697"}],"version-history":[{"count":0,"href":"https:\/\/analyse.optim.biz\/index.php?rest_route=\/wp\/v2\/posts\/2120697\/revisions"}],"wp:attachment":[{"href":"https:\/\/analyse.optim.biz\/index.php?rest_route=%2Fwp%2Fv2%2Fmedia&parent=2120697"}],"wp:term":[{"taxonomy":"category","embeddable":true,"href":"https:\/\/analyse.optim.biz\/index.php?rest_route=%2Fwp%2Fv2%2Fcategories&post=2120697"},{"taxonomy":"post_tag","embeddable":true,"href":"https:\/\/analyse.optim.biz\/index.php?rest_route=%2Fwp%2Fv2%2Ftags&post=2120697"}],"curies":[{"name":"wp","href":"https:\/\/api.w.org\/{rel}","templated":true}]}}