{"id":2120688,"date":"2026-08-31T00:00:00","date_gmt":"2026-08-30T21:00:00","guid":{"rendered":"https:\/\/analyse.optim.biz\/?p=2120688"},"modified":"2026-08-31T00:00:00","modified_gmt":"2026-08-30T21:00:00","slug":"clotilde-armand-fost-primar-al-sectorului-1-condamnata-la-un-an-de-inchisoare-cu-amanare","status":"publish","type":"post","link":"https:\/\/analyse.optim.biz\/?p=2120688","title":{"rendered":"Clotilde Armand, fost primar al Sectorului 1, condamnat\u0103 la un an de \u00eenchisoare cu am\u00e2nare"},"content":{"rendered":"<p>[analyse_image type=&#8221;featured&#8221; src=&#8221;https:\/\/foto.agerpres.ro\/foto\/detaliu\/17428834&#8243;]<\/p>\n<div class=\"mx-auto pt-3\">\n<p><strong>Clotilde Armand, fost primar al Sectorului 1 din Capital\u0103, a fost condamnat\u0103 de Judec\u0103toria Sectorului 1 la un an de \u00eenchisoare cu am\u00e2narea aplic\u0103rii pedepsei, \u00eentr-un dosar \u00een care este acuzat\u0103 c\u0103 s-a desemnat manager \u00eentr-un proiect cu fonduri europene.<\/strong><\/p>\n<p>&#8216;\u00cen temeiul art. 301 alin. (1) C.pen., cu aplicarea art. 35 alin. (1) C.pen., stabile\u0219te inculpatei Clotilde &#8211; Marie &#8211; Brigitte Armand pedeapsa de 1 an \u00eenchisoare, pentru s\u0103v\u00e2r\u0219irea infrac\u021biunii de folosirea func\u021biei pentru favorizarea unor persoane \u00een form\u0103 continuat\u0103 (4 acte materiale). \u00cen temeiul art. 67 alin. (2) C.pen. raportat la art. 66 alin. (1) lit. a) \u0219i b) C.pen., stabile\u0219te inculpatei pedeapsa complementar\u0103 a interzicerii exercit\u0103rii dreptului de a fi aleas\u0103 \u00een autorit\u0103\u021bile publice sau \u00een orice alte func\u021bii publice \u0219i dreptului de a ocupa o func\u021bie ce implic\u0103 exerci\u021biul autorit\u0103\u021bii de stat pe o perioad\u0103 de 3 ani, care se va executa \u00een cazul anul\u0103rii sau revoc\u0103rii am\u00e2n\u0103rii aplic\u0103rii pedepsei principale. \u00cen temeiul art. 83 C.pen. \u0219i art. 84 C.pen., dispune am\u00e2narea aplic\u0103rii pedepsei de 1 an \u00eenchisoare pe durata unui termen de supraveghere de 2 ani, ce se calculeaz\u0103 de la data r\u0103m\u00e2nerii definitive a prezentei hot\u0103r\u00e2ri (&#8230;)&#8217;, se arat\u0103 \u00een minuta deciziei.<\/p>\n<p>Decizia nu este definitiv\u0103.<\/p>\n<p>Clotilde Armand a reac\u021bionat pe pagina sa de Facebook, afirm\u00e2nd c\u0103 a sus\u021binut \u00eenc\u0103 de la \u00eenceput c\u0103 a ac\u021bionat cu bun\u0103-credin\u021b\u0103 \u0219i c\u0103 va contesta decizia.<\/p>\n<p>&#8216;Ast\u0103zi, Judec\u0103toria Sectorului 1 a dispus am\u00e2narea aplic\u0103rii pedepsei \u00een dosarul privind presupusul conflict de interese, dup\u0103 ani \u00eentregi de h\u0103r\u021buire prin instan\u021be \u00eentr-un dosar penibil, pornit \u00een urma unei sesiz\u0103ri venite dinspre PSD \u0219i ajuns s\u0103 fie judecat \u00een acest context pe care \u00eel cunoa\u0219tem cu to\u021bii. S\u0103 fie foarte clar: instan\u021ba a stabilit ast\u0103zi o pedeaps\u0103 de un an, dar a dispus am\u00e2narea aplic\u0103rii acesteia. Nu exist\u0103 niciun prejudiciu stabilit \u00een acest dosar. Zero lei. \u0218i pesedi\u0219tii \u0219tiu asta. Nu vorbim despre executarea unei pedepse cu \u00eenchisoarea sau despre alte n\u0103zb\u00e2tii din retorica pesedist\u0103. Hot\u0103r\u00e2rea nu este definitiv\u0103. O vom ataca \u00een apel. Am sus\u021binut de la \u00eenceput c\u0103 am ac\u021bionat legal, cu bun\u0103-credin\u021b\u0103 \u0219i f\u0103r\u0103 s\u0103 urm\u0103resc ob\u021binerea vreunui folos necuvenit. Voi lupta p\u00e2n\u0103 la cap\u0103t, inclusiv pentru c\u0103 exist\u0103 foarte multe \u00eentreb\u0103ri legate de parcursul acestui dosar&#8217;, a scris fostul primar al Sectorului 1.<\/p>\n<p>El a ad\u0103ugat patru procurori s-au succedat \u00een instrumentarea dosarului.<\/p>\n<p>&#8216;Pu\u021bin\u0103 lume \u0219tie c\u0103 prima dat\u0103 c\u00e2nd a sunat Lia a fost la Sectorul 1. \u00cenainte s\u0103 se \u0219tie de materialul jurnali\u0219tilor Recorder. Patru procurori s-au succedat \u00een instrumentarea dosarului. Completul de judecat\u0103 a fost schimbat peste noapte. \u0218i mai sunt multe alte &#8216;necunoscute&#8217; despre care voi vorbi la momentul potrivit. Ani de zile, acest dosar a fost folosit ca arm\u0103 politic\u0103. Am fost declarat\u0103 &#8216;penal\u0103&#8217; de adversarii mei \u00eenainte s\u0103 existe o hot\u0103r\u00e2re definitiv\u0103. Unii m\u0103 vedeau deja la pu\u0219c\u0103rie. Al\u021bii \u00eemi anun\u021bau sf\u00e2r\u0219itul carierei politice. S-au gr\u0103bit&#8217;, a precizat Armand.<\/p>\n<p>Fostul edil sus\u021bine c\u0103 nu are \u00een acest moment nicio interdic\u021bie \u00een vigoare privind dreptul de a fi aleas\u0103 \u0219i de a candida.<\/p>\n<p>&#8216;\u00cemi continui activitatea \u0219i \u00eemi continui lupta \u00een apel, cu aceea\u0219i determinare de p\u00e2n\u0103 acum. Le mul\u021bumesc tuturor celor care au \u00een\u021beles c\u0103 justi\u021bia trebuie f\u0103cut\u0103 \u00een instan\u021b\u0103, pe baza probelor, nu la televizor \u0219i nu la comand\u0103 politic\u0103. P.S. \u0218i ca s\u0103 fie limpede pentru cei care s-au gr\u0103bit s\u0103-mi \u00eencheie cariera politic\u0103: \u00een baza acestei hot\u0103r\u00e2ri, nu am \u00een acest moment nicio interdic\u021bie \u00een vigoare privind dreptul de a fi aleas\u0103 \u0219i de a candida. Dle Grindeanu, nu ne scoate\u021bi din politic\u0103 prin dosare penibile \u0219i nu ne intimida\u021bi. Nici pe mine, nici pe Dominic Fritz sau pe alt om care lupt\u0103 \u00eempotriva unui stat capturat. Dimpotriv\u0103. Ne face\u021bi \u0219i mai hot\u0103r\u00e2\u021bi&#8217;, spune Clotilde Armand.<\/p>\n<p>\u00cen aprilie 2024, Clotilde Armand a fost trimis\u0103 \u00een judecat\u0103 de Parchetul de pe l\u00e2ng\u0103 Judec\u0103toria Sectorului 1 pentru comiterea infrac\u021biunii de folosirea func\u021biei pentru favorizarea unor persoane, fiind acuzat\u0103 c\u0103 s-a desemnat manager \u00eentr-un proiect finan\u021bat cu fonduri europene. AGERPRES\/(AS &#8211; redactor: Mihai Stoica, editor: Florin Marin, editor online: Simona Aru\u015ftei)<\/p>\n<\/div>\n<div class=\"mx-auto pt-3\">\n                                Afisari: 405\n                            <\/div>\n<p>[analyse_source url=&#8221;https:\/\/agerpres.ro\/justitie\/2026\/08\/31\/clotilde-armand-fost-primar-al-sectorului-1-condamnata-la-un-an-de-inchisoare-cu-amanare&#8211;1589386&#8243;]<\/p>\n","protected":false},"excerpt":{"rendered":"<p>[analyse_image type=&#8221;featured&#8221; src=&#8221;https:\/\/foto.agerpres.ro\/foto\/detaliu\/17428834&#8243;] Clotilde Armand, fost primar al Sectorului 1 din Capital\u0103, a fost condamnat\u0103 de Judec\u0103toria Sectorului 1 la un an de \u00eenchisoare cu am\u00e2narea aplic\u0103rii pedepsei, \u00eentr-un dosar \u00een care este acuzat\u0103 c\u0103 s-a desemnat manager \u00eentr-un proiect cu fonduri europene. &#8216;\u00cen temeiul art. 301 alin. (1) C.pen., cu aplicarea art. 35 alin. [&hellip;]<\/p>\n","protected":false},"author":1,"featured_media":0,"comment_status":"open","ping_status":"","sticky":false,"template":"","format":"standard","meta":{"footnotes":""},"categories":[2],"tags":[37,226],"class_list":["post-2120688","post","type-post","status-publish","format-standard","hentry","category-politics","tag-agerpres-ro","tag-crawlmanager"],"_links":{"self":[{"href":"https:\/\/analyse.optim.biz\/index.php?rest_route=\/wp\/v2\/posts\/2120688","targetHints":{"allow":["GET"]}}],"collection":[{"href":"https:\/\/analyse.optim.biz\/index.php?rest_route=\/wp\/v2\/posts"}],"about":[{"href":"https:\/\/analyse.optim.biz\/index.php?rest_route=\/wp\/v2\/types\/post"}],"author":[{"embeddable":true,"href":"https:\/\/analyse.optim.biz\/index.php?rest_route=\/wp\/v2\/users\/1"}],"replies":[{"embeddable":true,"href":"https:\/\/analyse.optim.biz\/index.php?rest_route=%2Fwp%2Fv2%2Fcomments&post=2120688"}],"version-history":[{"count":0,"href":"https:\/\/analyse.optim.biz\/index.php?rest_route=\/wp\/v2\/posts\/2120688\/revisions"}],"wp:attachment":[{"href":"https:\/\/analyse.optim.biz\/index.php?rest_route=%2Fwp%2Fv2%2Fmedia&parent=2120688"}],"wp:term":[{"taxonomy":"category","embeddable":true,"href":"https:\/\/analyse.optim.biz\/index.php?rest_route=%2Fwp%2Fv2%2Fcategories&post=2120688"},{"taxonomy":"post_tag","embeddable":true,"href":"https:\/\/analyse.optim.biz\/index.php?rest_route=%2Fwp%2Fv2%2Ftags&post=2120688"}],"curies":[{"name":"wp","href":"https:\/\/api.w.org\/{rel}","templated":true}]}}