{"id":2120677,"date":"2026-08-31T00:00:00","date_gmt":"2026-08-30T21:00:00","guid":{"rendered":"https:\/\/analyse.optim.biz\/?p=2120677"},"modified":"2026-08-31T00:00:00","modified_gmt":"2026-08-30T21:00:00","slug":"ilie-bolojan-toate-contractele-pentru-repornirea-in-forta-a-lucrarilor-la-termocentrala-iernut-devin-operationale-in-septembrie","status":"publish","type":"post","link":"https:\/\/analyse.optim.biz\/?p=2120677","title":{"rendered":"Ilie Bolojan: Toate contractele pentru repornirea \u00een for\u021b\u0103 a lucr\u0103rilor la termocentrala Iernut devin opera\u021bionale \u00een septembrie"},"content":{"rendered":"<p>[analyse_image type=&#8221;featured&#8221; src=&#8221;https:\/\/agerpres.ro\/data\/202608\/20260831180154_425142.jpeg&#8221;]<\/p>\n<div class=\"mx-auto pt-3\">\n<p><strong>Toate contractele necesare pentru repornirea \u00een for\u021b\u0103 a lucr\u0103rilor la termocentrala de la Iernut devin complet opera\u021bionale \u00eencep\u00e2nd de la jum\u0103tatea lunii septembrie, asigur\u00e2nd frontul de lucru complet pentru finalizarea obiectivului p\u00e2n\u0103 la sf\u00e2r\u0219itul acestui an, a anun\u021bat luni, la T\u00e2rgu Mure\u0219, premierul interimar Ilie Bolojan.<\/strong><\/p>\n<p>&#8216;Pe componenta de gaz, a treia vizit\u0103 am f\u0103cut-o la centrala de la Iernut. Este un obiectiv important pe care \u00eel gestioneaz\u0103 tot Romgaz \u0219i, a\u0219a cum \u0219ti\u021bi, este una dintre centralele strategice pentru Rom\u00e2nia. Pe de o parte, pentru c\u0103 ea trebuia s\u0103 \u00eenlocuiasc\u0103 \u00eenc\u0103 din anii trecu\u021bi grupurile pe c\u0103rbune (&#8230;). Suntem \u00een situa\u021bia \u00een care cea mai mare parte a contractelor, peste 30 de contracte, au fost \u00eencheiate cu subcontractorii care au lucrat la acest proiect \u0219i care au fost prelua\u021bi de c\u0103tre Romgaz \u00een administrare direct\u0103, dup\u0103 ce proiectul a fost realizat \u00eentr-o propor\u021bie de 90%. Deci, foarte important, au trebuit identifica\u021bi to\u021bi subcontractorii firmei spaniole care, a\u0219a cum \u0219ti\u021bi, a intrat \u00een faliment \u0219i nu a mai putut continua contractul. S-au reluat toate contractele cu ei, o parte dintre ei sunt deja \u00een \u0219antier \u0219i, \u00eencep\u00e2nd de la jum\u0103tatea lunii septembrie, practic toate contractele care sunt necesare pentru a reporni lucr\u0103rile \u00een for\u021b\u0103 vor fi opera\u021bionale&#8217;, a declarat Ilie Bolojan.<\/p>\n<p>Prim-ministrul interimar al Rom\u00e2niei a eviden\u021biat importan\u021ba centralei pe gaz de la Iernut pentru reechilibrarea re\u021belelor de transport al electricit\u0103\u021bii din Rom\u00e2nia, pe axa Est-Vest.<\/p>\n<p>&#8216;\u00cen Sistemul Energetic Na\u021bional al Rom\u00e2niei exist\u0103 un deficit de produc\u021bie de energie \u00een centrul \u0219i vestul Rom\u00e2niei \u0219i avem un surplus de energie \u00een sud-estul Rom\u00e2niei, \u00een zona Dobrogea, aceast\u0103 central\u0103 urm\u00e2nd s\u0103 func\u021bioneze cu rol strategic de echilibrare a Sistemului Energetic Na\u021bional \u0219i s\u0103 reduc\u0103 presiunea pe re\u021belele Transelectrica pe rela\u021bia Est-Vest&#8217;, a explicat Ilie Bolojan.<\/p>\n<p>Conform graficului asumat de echipele tehnice, finalul acestui an va marca \u00eencheierea lucr\u0103rilor de construc\u021bie, urm\u00e2nd ca produc\u021bia efectiv\u0103 de energie \u00een band\u0103 s\u0103 demareze \u00een primele luni ale anului viitor.<\/p>\n<p>&#8216;Asta \u00eenseamn\u0103 c\u0103 se va lucra p\u00e2n\u0103 la sf\u00e2r\u0219itul acestui an, termen pe care echipa de aici \u0219i l-a asumat, \u00een a\u0219a fel \u00eenc\u00e2t, de la sf\u00e2r\u0219itul anului, practic centrala s\u0103 fie \u00een faza de operare. Asta \u00eenseamn\u0103 c\u0103 vor intra \u00een probe \u00eencep\u00e2nd din iarn\u0103 \u0219i, din nou, \u00een primul trimestru al anului viitor, centrala va trebui s\u0103 func\u021bioneze la capacitate, acoperind un deficit de energie \u00een band\u0103 de care Rom\u00e2nia avea nevoie&#8217;, a prognozat Ilie Bolojan.<\/p>\n<p>\u00cen finalul declara\u021biei, Ilie Bolojan a \u021binut s\u0103 mul\u021bumeasc\u0103 managementului Romgaz \u0219i a subliniat importan\u021ba pe care marile unit\u0103\u021bi industriale din jude\u021b &#8211; Iernut \u0219i Azomure\u0219 &#8211; o au asupra economiei locale \u0219i na\u021bionale.<\/p>\n<p>&#8216;Vreau s\u0103 mul\u021bumesc echipei Romgaz, at\u00e2t echipei centrale, c\u00e2t \u0219i echipelor de aici, de la Iernut \u0219i de la Azomure\u0219, pentru modul \u00een care trateaz\u0103 problemele, pentru faptul c\u0103 exist\u0103 un program clar legat de re\u00eenceperea produc\u021biei la Azomure\u0219 \u0219i de \u00eencepere a func\u021bion\u0103rii centralei de la Iernut. \u00cen a\u0219a fel, pe dou\u0103 componente importante &#8211; \u00eengr\u0103\u0219\u0103mintele pentru agricultur\u0103 \u0219i energia &#8211; s\u0103 avem doi piloni importan\u021bi \u00een jude\u021bul Mure\u0219, cele dou\u0103 companii av\u00e2nd \u0219i un rol foarte important \u00een economia jude\u021bului, at\u00e2t prin num\u0103rul de angaja\u021bi, dar \u0219i prin taxele \u0219i impozitele \u0219i prin generarea de dezvoltare pe care le aduc pentru locuitorii acestui jude\u021b. Acestea au fost aspectele care \u021bin de vizita pe care ast\u0103zi am realizat-o \u00een jude\u021bul Mure\u0219&#8217;, a conchis prim-ministrul interimar. AGERPRES\/(A &#8211; redactor: Dorina Mati\u0219, editor: George Onea, editor online: Simona Aru\u015ftei)<\/p>\n<\/div>\n<div class=\"mx-auto pt-3\">\n                                Afisari: 266\n                            <\/div>\n<p>[analyse_source url=&#8221;https:\/\/agerpres.ro\/politic\/2026\/08\/31\/ilie-bolojan-toate-contractele-pentru-repornirea-in-forta-a-lucrarilor-la-termocentrala-iernut-devin&#8211;1589380&#8243;]<\/p>\n","protected":false},"excerpt":{"rendered":"<p>[analyse_image type=&#8221;featured&#8221; src=&#8221;https:\/\/agerpres.ro\/data\/202608\/20260831180154_425142.jpeg&#8221;] Toate contractele necesare pentru repornirea \u00een for\u021b\u0103 a lucr\u0103rilor la termocentrala de la Iernut devin complet opera\u021bionale \u00eencep\u00e2nd de la jum\u0103tatea lunii septembrie, asigur\u00e2nd frontul de lucru complet pentru finalizarea obiectivului p\u00e2n\u0103 la sf\u00e2r\u0219itul acestui an, a anun\u021bat luni, la T\u00e2rgu Mure\u0219, premierul interimar Ilie Bolojan. &#8216;Pe componenta de gaz, a treia [&hellip;]<\/p>\n","protected":false},"author":1,"featured_media":0,"comment_status":"open","ping_status":"","sticky":false,"template":"","format":"standard","meta":{"footnotes":""},"categories":[2],"tags":[37,226],"class_list":["post-2120677","post","type-post","status-publish","format-standard","hentry","category-politics","tag-agerpres-ro","tag-crawlmanager"],"_links":{"self":[{"href":"https:\/\/analyse.optim.biz\/index.php?rest_route=\/wp\/v2\/posts\/2120677","targetHints":{"allow":["GET"]}}],"collection":[{"href":"https:\/\/analyse.optim.biz\/index.php?rest_route=\/wp\/v2\/posts"}],"about":[{"href":"https:\/\/analyse.optim.biz\/index.php?rest_route=\/wp\/v2\/types\/post"}],"author":[{"embeddable":true,"href":"https:\/\/analyse.optim.biz\/index.php?rest_route=\/wp\/v2\/users\/1"}],"replies":[{"embeddable":true,"href":"https:\/\/analyse.optim.biz\/index.php?rest_route=%2Fwp%2Fv2%2Fcomments&post=2120677"}],"version-history":[{"count":0,"href":"https:\/\/analyse.optim.biz\/index.php?rest_route=\/wp\/v2\/posts\/2120677\/revisions"}],"wp:attachment":[{"href":"https:\/\/analyse.optim.biz\/index.php?rest_route=%2Fwp%2Fv2%2Fmedia&parent=2120677"}],"wp:term":[{"taxonomy":"category","embeddable":true,"href":"https:\/\/analyse.optim.biz\/index.php?rest_route=%2Fwp%2Fv2%2Fcategories&post=2120677"},{"taxonomy":"post_tag","embeddable":true,"href":"https:\/\/analyse.optim.biz\/index.php?rest_route=%2Fwp%2Fv2%2Ftags&post=2120677"}],"curies":[{"name":"wp","href":"https:\/\/api.w.org\/{rel}","templated":true}]}}