{"id":2120671,"date":"2026-08-31T13:45:47","date_gmt":"2026-08-31T10:45:47","guid":{"rendered":"https:\/\/analyse.optim.biz\/?p=2120671"},"modified":"2026-08-31T13:45:47","modified_gmt":"2026-08-31T10:45:47","slug":"bolojan-despre-pierderea-banilor-din-pnrr-si-legea-salarizarii-guvernul-actual-nu-are-o","status":"publish","type":"post","link":"https:\/\/analyse.optim.biz\/?p=2120671","title":{"rendered":"Bolojan, despre pierderea banilor din PNRR \u0219i legea salariz\u0103rii: \u201eGuvernul actual nu are o&#8230;"},"content":{"rendered":"<p>[analyse_image type=&#8221;featured&#8221; src=&#8221;https:\/\/s.iw.ro\/gateway\/g\/ZmlsZVNvdXJjZT1odHRwJTNBJTJGJTJG\/c3RvcmFnZTA4dHJhbnNjb2Rlci5yY3Mt\/cmRzLnJvJTJGc3RvcmFnZSUyRjIwMjYl\/MkYwOCUyRjA2JTJGMjg5NTYzOF8yODk1\/NjM4X0lEMjg3MjExLUlOUVVBTS1QSE9U\/T1MtTUFMSU5BLU5PUk9DRUEuanBnJnc9\/MTIwMCZoPTYzMCZ6Yz0xJmhhc2g9Yzcy\/NzBiZjNkZGQ1NTk5ZDFkNDBmZGRhZTllMTQ0ZDc=.thumb.jpg&#8221;]<\/p>\n<div class=\"entry data-app-meta data-app-meta-article\" data-embed-base-url-canonical=\"https:\/\/www.digi24.ro\/embed\/stiri\/actualitate\/politica\/bolojan-despre-pierderea-banilor-din-pnrr-si-legea-salarizarii-guvernul-actual-nu-are-o-responsabilitate-nu-s-a-dorit-3928983\">\n<p data-index=\"1\"><strong><span class=\"x3jgonx\">Premierul Ilie Bolojan a f\u0103cut un bilan\u021b al reformelor ratate din PNRR, inclusiv legea salariz\u0103rii, preciz\u00e2nd c\u0103 actualul Guvern nu are nicio responsabilitate pentru pierderea banilor la acest capitol, pentru c\u0103 a f\u0103cut tot posibilul pentru a g\u0103si consens astfel \u00eenc\u00e2t marile proiecte s\u0103 fie adoptate. \u201eNu s-a dorit\u201d, a conchis premierul interimar.\u00a0<\/span><\/strong><\/p>\n<p data-index=\"2\">Ilie Bolojan a vorbit, luni, despre banii pierdu\u021bi din PNRR, fiind ziua \u00een care programul european de finan\u021bare se \u00eencheie.\u00a0<\/p>\n<p data-index=\"3\">\u201eA\u015fa cum \u015fti\u0163i, am avut dou\u0103 componente, o component\u0103 de grant de aproximativ 13,5 miliarde de euro \u015fi una de \u00eemprumut, care a fost diminuat\u0103 treptat, ajung\u00e2nd la o valoare de aproximativ 7 miliarde de euro. Am finalizat, practic, acest program. Apreciez c\u0103 \u00een urma lui, \u00een Rom\u00e2nia, vor r\u0103m\u00e2ne investi\u0163ii importante. \u00cen c\u00e2teva minute se deschide autostrada Moldovei pe un tronson de aproape 50 de kilometri p\u00e2n\u0103 spre Bac\u0103u. De asemenea, p\u00e2n\u0103 la sf\u00e2r\u015fitul anului se va deschide \u015fi cel\u0103lalt tronson \u015fi \u00een prim\u0103vara anului viitor vom putea circula pe autostrad\u0103 p\u00e2n\u0103 la Pa\u015fcani\u201d, a spus premierul, la prefectura Mure\u0219.<\/p>\n<p data-index=\"4\">\u0218eful Executivului a tecut \u00een revist\u0103 \u0219i ultimele proiecte care nu au fost adoptate \u0219i care au dus la pierderea banilor europeni. \u00cen privin\u021ba legii salariz\u0103rii, acesta a declarat c\u0103 \u201enu s-a dorit\u201d ca proiectul s\u0103 fie adoptat:<\/p>\n<p data-index=\"5\">\u201ePutem s\u0103 spunem c\u0103, pe ultima sut\u0103 de metri, am pierdut dou\u0103 sume, dintre care una este foarte important\u0103, este vorba de 770 milioane de euro, care reprezint\u0103 contravaloanea jalonului din PNRR, care nu a fost \u00eendeplinit, a\u015fa cum \u015fti\u0163i, de\u015fi am f\u0103cut tot posibilul \u00een aceast\u0103 perioad\u0103, s\u0103 g\u0103sim o formul\u0103 de consens prin care aceste reforme mari s\u0103 fie adoptate, nu s-a reu\u015fit trecerea legii salariz\u0103rii \u015fi guvernul pe care \u00eel reprezint n-are nicio responsabilitate pe aceast\u0103 tem\u0103. Am f\u0103cut tot ce a fost posibil ca s\u0103-l trecem. Din p\u0103cate, nu s-a dorit acest lucru\u201d.<\/p>\n<p data-index=\"6\">O alt\u0103 sum\u0103 important\u0103 de bani pe care Rom\u00e2nia a pierdut-o este la capitolul decarbonizare &#8211; 100 de milioane de euro.\u00a0<\/p>\n<p data-index=\"7\">\u201eDe\u015fi am avut sume importante din bani europeni pentru a \u00eenlocui centralele pe c\u0103rbune pe care Rom\u00e2nia s-a angajat s\u0103 le \u00eenchid\u0103 ca efect al polu\u0103rii \u015fi al unei func\u0163ion\u0103ri energofage, pentru c\u0103 n-am finalizat centrala de la Craiova \u015fi pentru c\u0103 nu puteam s\u0103 l\u0103s\u0103m un ora\u015f f\u0103r\u0103 \u00eenc\u0103zire pe perioada de iarn\u0103, de asemenea pentru c\u0103 \u00een Valea Jiului n-am \u00eenlocuit niciun grup energetic cu grupuri pe gaz sau cu alte formule de fotovoltaic sau de stocare\u201d, a completat Ilie Bolojan.\u00a0<\/p>\n<p data-index=\"8\">El a mai spus c\u0103 au fost \u00eent\u00e2rzieri pentru c\u0103 nu s-a f\u0103cut de la \u00eenceput ce trebuia f\u0103cut:<\/p>\n<p data-index=\"9\">\u201e\u00cen acest an calendaristic, una din priorit\u0103\u0163ile Guvernului a fost s\u0103 facem tot ce \u0163ine de noi pentru a recupera aceste \u00eent\u00e2rzieri, pentru a renegocia jaloane \u015fi acolo unde nu le puteam \u00eendeplini, am reu\u015fit s\u0103 corect\u0103m num\u0103rul de jaloane, s\u0103 le reducem amplitudinea, \u00een a\u015fa fel \u00eenc\u00e2t, la finalul acestui exerci\u0163iu, Rom\u00e2nia s\u0103 beneficizeze de acest grant care se ridic\u0103 la 12-13 miliarde de euro \u015fi de asemenea de suma cea mai mare din \u00eemprumut. Consider c\u0103 a fost un salt important \u00een domeniul investi\u0163iilor\u201d.<\/p>\n<p class=\"gdpr-placeholder gdpr-social-media gdpr-iframe-fix\" data-index=\"11\"> Setarile tale privind cookie-urile nu permit afisarea continutul din aceasta sectiune. Poti actualiza setarile modulelor coookie direct din browser sau de <a class=\"ot-sdk-show-settings\" data-skip-linkfix=\"1\">aici<\/a> \u2013 e nevoie sa accepti cookie-urile social media<\/p>\n<p> Editor : <a href=\"https:\/\/www.digi24.ro\/autor\/andreea-ghiorghe\"> A.G. <\/a><\/p>\n<\/div>\n<p>[analyse_source url=&#8221;https:\/\/www.digi24.ro\/stiri\/actualitate\/politica\/bolojan-despre-pierderea-banilor-din-pnrr-si-legea-salarizarii-guvernul-actual-nu-are-o-responsabilitate-nu-s-a-dorit-3928983&#8243;]<\/p>\n","protected":false},"excerpt":{"rendered":"<p>[analyse_image type=&#8221;featured&#8221; src=&#8221;https:\/\/s.iw.ro\/gateway\/g\/ZmlsZVNvdXJjZT1odHRwJTNBJTJGJTJG\/c3RvcmFnZTA4dHJhbnNjb2Rlci5yY3Mt\/cmRzLnJvJTJGc3RvcmFnZSUyRjIwMjYl\/MkYwOCUyRjA2JTJGMjg5NTYzOF8yODk1\/NjM4X0lEMjg3MjExLUlOUVVBTS1QSE9U\/T1MtTUFMSU5BLU5PUk9DRUEuanBnJnc9\/MTIwMCZoPTYzMCZ6Yz0xJmhhc2g9Yzcy\/NzBiZjNkZGQ1NTk5ZDFkNDBmZGRhZTllMTQ0ZDc=.thumb.jpg&#8221;] Premierul Ilie Bolojan a f\u0103cut un bilan\u021b al reformelor ratate din PNRR, inclusiv legea salariz\u0103rii, preciz\u00e2nd c\u0103 actualul Guvern nu are nicio responsabilitate pentru pierderea banilor la acest capitol, pentru c\u0103 a f\u0103cut tot posibilul pentru a g\u0103si consens astfel \u00eenc\u00e2t marile proiecte s\u0103 fie adoptate. \u201eNu s-a dorit\u201d, a conchis premierul [&hellip;]<\/p>\n","protected":false},"author":1,"featured_media":0,"comment_status":"open","ping_status":"","sticky":false,"template":"","format":"standard","meta":{"footnotes":""},"categories":[89],"tags":[226,11],"class_list":["post-2120671","post","type-post","status-publish","format-standard","hentry","category-romania","tag-crawlmanager","tag-digi24"],"_links":{"self":[{"href":"https:\/\/analyse.optim.biz\/index.php?rest_route=\/wp\/v2\/posts\/2120671","targetHints":{"allow":["GET"]}}],"collection":[{"href":"https:\/\/analyse.optim.biz\/index.php?rest_route=\/wp\/v2\/posts"}],"about":[{"href":"https:\/\/analyse.optim.biz\/index.php?rest_route=\/wp\/v2\/types\/post"}],"author":[{"embeddable":true,"href":"https:\/\/analyse.optim.biz\/index.php?rest_route=\/wp\/v2\/users\/1"}],"replies":[{"embeddable":true,"href":"https:\/\/analyse.optim.biz\/index.php?rest_route=%2Fwp%2Fv2%2Fcomments&post=2120671"}],"version-history":[{"count":0,"href":"https:\/\/analyse.optim.biz\/index.php?rest_route=\/wp\/v2\/posts\/2120671\/revisions"}],"wp:attachment":[{"href":"https:\/\/analyse.optim.biz\/index.php?rest_route=%2Fwp%2Fv2%2Fmedia&parent=2120671"}],"wp:term":[{"taxonomy":"category","embeddable":true,"href":"https:\/\/analyse.optim.biz\/index.php?rest_route=%2Fwp%2Fv2%2Fcategories&post=2120671"},{"taxonomy":"post_tag","embeddable":true,"href":"https:\/\/analyse.optim.biz\/index.php?rest_route=%2Fwp%2Fv2%2Ftags&post=2120671"}],"curies":[{"name":"wp","href":"https:\/\/api.w.org\/{rel}","templated":true}]}}