{"id":2120670,"date":"2026-08-31T00:00:00","date_gmt":"2026-08-30T21:00:00","guid":{"rendered":"https:\/\/analyse.optim.biz\/?p=2120670"},"modified":"2026-08-31T00:00:00","modified_gmt":"2026-08-30T21:00:00","slug":"mae-zbor-umanitar-pentru-cinci-copii-din-fasia-gaza-si-membri-de-familie","status":"publish","type":"post","link":"https:\/\/analyse.optim.biz\/?p=2120670","title":{"rendered":"MAE: Zbor umanitar pentru cinci copii din F\u00e2\u0219ia Gaza \u0219i membri de familie"},"content":{"rendered":"<p>[analyse_image type=&#8221;featured&#8221; src=&#8221;https:\/\/agerpres.ro\/data\/202608\/20260831172132_505367.jpg&#8221;]<\/p>\n<div class=\"mx-auto pt-3\">\n<p><strong>Ministerul Afacerilor Externe (MAE) transmite c\u0103 Rom\u00e2nia a participat, luni, la evacuarea a cinci copii bolnavi din F\u00e2\u0219ia Gaza, al\u0103turi de membri de familie, fiind al 12-lea zbor umanitar de acest tip.<\/strong><\/p>\n<p>&#8216;Ministerul Afacerilor Externe, \u00een str\u00e2ns\u0103 colaborare cu Ministerul Ap\u0103r\u0103rii Na\u021bionale (MApN) \u0219i Ministerul Afacerilor Interne (MAI) &#8211; Departamentul pentru Situa\u021bii de Urgen\u021b\u0103 (DSU), precum \u0219i cu Ministerul S\u0103n\u0103t\u0103\u021bii, \u00een coordonare cu structurile dedicate ale Comisiei Europene, a realizat luni, 31 august 2026, o nou\u0103 opera\u021biune de evacuare medical\u0103 de urgen\u021b\u0103 (MEDEVAC) din F\u00e2\u0219ia Gaza&#8217;, arat\u0103 MAE.<\/p>\n<p>Acest transport, precizeaz\u0103 sursa citat\u0103, reflect\u0103 direct angajamentele asumate de Rom\u00e2nia \u00een cadrul Consiliului de Pace de la Washington \u0219i a vizat evacuarea a cinci pacien\u021bi pediatrici vulnerabili, care necesit\u0103 \u00eengrijiri medicale specializate de urgen\u021b\u0103, al\u0103turi de membri ai familiilor acestora. \u00cen total, 20 de persoane au fost evacuate.<\/p>\n<p>Opera\u021biunea a fost realizat\u0103 sub coordonarea MAE, cu sprijinul opera\u021bional nemijlocit al Ambasadei Rom\u00e2niei la Tel Aviv &#8211; a c\u0103rei echip\u0103 diplomatic\u0103 \u0219i consular\u0103 a fost prezent\u0103 la sol, pe Aeroportul Ramon (Eilat), pentru asisten\u021b\u0103 consular\u0103 \u0219i coordonare logistic\u0103 &#8211; \u0219i cu participarea ca observator a Ambasadei SUA la Ierusalim. La bordul aeronavei s-a aflat o echip\u0103 medical\u0103 SMURD, care a asigurat monitorizarea \u0219i asisten\u021ba pacien\u021bilor pe toat\u0103 durata deplas\u0103rii.<\/p>\n<p>Misiunea s-a desf\u0103\u0219urat sub egida Mecanismului de Protec\u021bie Civil\u0103 al Uniunii Europene (UCPM), \u00een str\u00e2ns\u0103 cooperare cu Organiza\u021bia Mondial\u0103 a S\u0103n\u0103t\u0103\u021bii (OMS) pe ruta Otopeni &#8211; Aeroportul Ramon (Eilat)\/Israel &#8211; Otopeni, cu o aeronav\u0103 C-130 Hercules a For\u021belor Aeriene Rom\u00e2ne.<\/p>\n<p>Ulterior sosirii \u00een Bucure\u0219ti, doi pacien\u021bi, \u00eenso\u021bi\u021bi de apar\u021bin\u0103tori, vor beneficia de tratament medical de specialitate \u00een unit\u0103\u021bi spitalice\u0219ti din Rom\u00e2nia, \u00een timp ce al\u021bi trei pacien\u021bi pediatrici \u0219i apar\u021bin\u0103torii acestora vor fi transfera\u021bi \u00een Belgia.<\/p>\n<p>MAE reafirm\u0103 angajamentul Rom\u00e2niei de a continua sprijinul acordat popula\u021biei civile grav afectate de criza umanitar\u0103 din F\u00e2\u0219ia Gaza, ac\u021bion\u00e2nd \u00een str\u00e2ns\u0103 cooperare cu partenerii interna\u021bionali. AGERPRES\/(AS &#8211; redactor: Oana Ghi\u021b\u0103, editor: Florin Marin, editor online: Simona Aru\u015ftei)<\/p>\n<p>Sursa foto:\u00a0<a href=\"https:\/\/www.facebook.com\/mae.romania?__cft__%5B0%5D=AZbi6WPeJXWVgXrbmUmIFU6x266qTVPt0ZLI_OvePIi-FyJY6pSNsUuHiUMtKeV489l2yqmh9LYtXtRnSIIdSBh5iZKSdwTOL3j0PzqxZxm91qE3eeXrYVTKitJkWZ9pgFXN0unoAgpuOhS1-xeibJGY&amp;__tn__=-UC%2CP-R\" role=\"link\" tabindex=\"0\">Ministerul Afacerilor Externe<\/a>\u00a0\/ Facebook<\/p>\n<\/div>\n<div class=\"mx-auto pt-3\">\n                                Afisari: 347\n                            <\/div>\n<p>[analyse_source url=&#8221;https:\/\/agerpres.ro\/politic\/2026\/08\/31\/mae-zbor-umanitar-pentru-cinci-copii-din-fasia-gaza-si-membri-de-familie&#8211;1589371&#8243;]<\/p>\n","protected":false},"excerpt":{"rendered":"<p>[analyse_image type=&#8221;featured&#8221; src=&#8221;https:\/\/agerpres.ro\/data\/202608\/20260831172132_505367.jpg&#8221;] Ministerul Afacerilor Externe (MAE) transmite c\u0103 Rom\u00e2nia a participat, luni, la evacuarea a cinci copii bolnavi din F\u00e2\u0219ia Gaza, al\u0103turi de membri de familie, fiind al 12-lea zbor umanitar de acest tip. &#8216;Ministerul Afacerilor Externe, \u00een str\u00e2ns\u0103 colaborare cu Ministerul Ap\u0103r\u0103rii Na\u021bionale (MApN) \u0219i Ministerul Afacerilor Interne (MAI) &#8211; Departamentul pentru Situa\u021bii [&hellip;]<\/p>\n","protected":false},"author":1,"featured_media":0,"comment_status":"open","ping_status":"","sticky":false,"template":"","format":"standard","meta":{"footnotes":""},"categories":[2],"tags":[37,226],"class_list":["post-2120670","post","type-post","status-publish","format-standard","hentry","category-politics","tag-agerpres-ro","tag-crawlmanager"],"_links":{"self":[{"href":"https:\/\/analyse.optim.biz\/index.php?rest_route=\/wp\/v2\/posts\/2120670","targetHints":{"allow":["GET"]}}],"collection":[{"href":"https:\/\/analyse.optim.biz\/index.php?rest_route=\/wp\/v2\/posts"}],"about":[{"href":"https:\/\/analyse.optim.biz\/index.php?rest_route=\/wp\/v2\/types\/post"}],"author":[{"embeddable":true,"href":"https:\/\/analyse.optim.biz\/index.php?rest_route=\/wp\/v2\/users\/1"}],"replies":[{"embeddable":true,"href":"https:\/\/analyse.optim.biz\/index.php?rest_route=%2Fwp%2Fv2%2Fcomments&post=2120670"}],"version-history":[{"count":0,"href":"https:\/\/analyse.optim.biz\/index.php?rest_route=\/wp\/v2\/posts\/2120670\/revisions"}],"wp:attachment":[{"href":"https:\/\/analyse.optim.biz\/index.php?rest_route=%2Fwp%2Fv2%2Fmedia&parent=2120670"}],"wp:term":[{"taxonomy":"category","embeddable":true,"href":"https:\/\/analyse.optim.biz\/index.php?rest_route=%2Fwp%2Fv2%2Fcategories&post=2120670"},{"taxonomy":"post_tag","embeddable":true,"href":"https:\/\/analyse.optim.biz\/index.php?rest_route=%2Fwp%2Fv2%2Ftags&post=2120670"}],"curies":[{"name":"wp","href":"https:\/\/api.w.org\/{rel}","templated":true}]}}