{"id":2120666,"date":"2026-08-31T13:43:30","date_gmt":"2026-08-31T10:43:30","guid":{"rendered":"https:\/\/analyse.optim.biz\/?p=2120666"},"modified":"2026-08-31T13:43:30","modified_gmt":"2026-08-31T10:43:30","slug":"spania-a-inregistrat-5-232-de-decese-asociate-caniculei-in-aceasta-vara-cel-mai-grav-bilant-din-ultimii","status":"publish","type":"post","link":"https:\/\/analyse.optim.biz\/?p=2120666","title":{"rendered":"Spania a \u00eenregistrat 5.232 de decese asociate caniculei \u00een aceast\u0103 var\u0103. Cel mai grav bilan\u021b din ultimii&#8230;"},"content":{"rendered":"<p>[analyse_image type=&#8221;featured&#8221; src=&#8221;https:\/\/s.iw.ro\/gateway\/g\/ZmlsZVNvdXJjZT1odHRwJTNBJTJGJTJG\/c3RvcmFnZTA4dHJhbnNjb2Rlci5yY3Mt\/cmRzLnJvJTJGc3RvcmFnZSUyRjIwMjYl\/MkYwNSUyRjI4JTJGMjc1MTM5OF8yNzUx\/Mzk4X3Bob3RvLWNvbGxhZ2VfcG5nLTIw\/MjYtMDUtMjhUMjIyNDQzXzM2OC5wbmcm\/dz0xMjAwJmg9NjMwJnpjPTEmaGFzaD1j\/MjBhNTg1MDRmZTQyNTE5NmQ3ZWZkZjkyZGM3MjFlYw==.thumb.jpg&#8221;]<\/p>\n<div class=\"entry data-app-meta data-app-meta-article\" data-embed-base-url-canonical=\"https:\/\/www.digi24.ro\/embed\/stiri\/externe\/ue\/spania-a-inregistrat-5-232-de-decese-asociate-caniculei-in-aceasta-vara-cel-mai-grav-bilant-din-ultimii-11-ani-3928985\">\n<p data-index=\"1\"><strong>Peste 5.200 de decese au fost atribuite temperaturilor extreme \u00een Spania de la \u00eenceputul sezonului cald din 2026, cel mai ridicat bilan\u021b de la lansarea sistemului de monitorizare, \u00een 2015. V\u00e2rstnicii au fost cei mai afecta\u021bi, iar \u0219ase din zece victime sunt femei, potrivit <a href=\"https:\/\/www.euronews.com\/health\/2026\/08\/31\/spain-records-5232-heat-related-deaths-in-2026-the-highest-figure-since-2015\" target=\"_blank\" rel=\"noopener\" data-skip-linkfix=\"1\">Euronews<\/a>.<\/strong><\/p>\n<p data-index=\"2\">Dintre cele 5.232 de decese asociate temperaturilor ridicate \u00een 2026, 2.147 au fost estimate numai \u00een luna august, potrivit datelor provizorii disponibile luni.<\/p>\n<p data-index=\"3\">Sistemul de monitorizare zilnic\u0103 a mortalit\u0103\u021bii MoMo, administrat de Institutul de S\u0103n\u0103tate Carlos III (ISCIII), nu contabilizeaz\u0103 exclusiv cazurile \u00een care c\u0103ldura a fost certificat\u0103 individual drept cauz\u0103 a mor\u021bii. Acesta realizeaz\u0103 estim\u0103ri statistice ale mortalit\u0103\u021bii atribuite temperaturilor, pe baza datelor privind decesele \u0219i a efectelor temperaturilor asupra popula\u021biei.<\/p>\n<p data-index=\"4\">Bilan\u021bul din 2026 le dep\u0103\u0219e\u0219te deja pe cele \u00eenregistrate \u00een cele dou\u0103 veri care de\u021bineau p\u00e2n\u0103 acum recordul mortalit\u0103\u021bii asociate caniculei de la \u00eenceputul monitoriz\u0103rii: 2022, cu 4.789 de decese, \u0219i 2023, cu 3.035.<\/p>\n<p data-index=\"5\">Datele actuale acoper\u0103 perioada \u00eenceput\u0103 la 15 mai, c\u00e2nd este activat anual planul na\u021bional pentru combaterea efectelor temperaturilor ridicate asupra s\u0103n\u0103t\u0103\u021bii.<\/p>\n<h2 id=\"highlight-3928985-1\">Bilan\u021bul din august se apropie de record<\/h2>\n<p data-index=\"6\">\u00cen iulie au fost estimate 2.025 de decese asociate temperaturilor ridicate, aproape dublu fa\u021b\u0103 de cele 1.060 \u00eenregistrate \u00een aceea\u0219i lun\u0103 din 2025.<\/p>\n<p data-index=\"7\">A fost a doua cea mai mortal\u0103 lun\u0103 iulie de la \u00eenceputul monitoriz\u0103rii, dup\u0103 cea din 2022, c\u00e2nd au fost estimate 2.217 decese.<\/p>\n<p data-index=\"8\">\u00cen august au fost estimate p\u00e2n\u0103 acum 2.147 de decese asociate temperaturilor ridicate, \u00eens\u0103 cifra este \u00eenc\u0103 provizorie \u0219i va fi confirmat\u0103 \u00een aproximativ o s\u0103pt\u0103m\u00e2n\u0103.<\/p>\n<p data-index=\"9\">Bilan\u021bul se apropie de cele 2.172 de decese estimate \u00een august 2025, care r\u0103m\u00e2ne, deocamdat\u0103, cea mai mortal\u0103 lun\u0103 august de la \u00eenceputul monitoriz\u0103rii, \u00een 2015.<\/p>\n<h2 id=\"highlight-3928985-2\">Peste 5.000 dintre mor\u021bi aveau mai mult de 65 de ani<\/h2>\n<p data-index=\"10\">Efectele caniculei s-au concentrat \u00een special \u00een r\u00e2ndul persoanelor v\u00e2rstnice. Dintre cele 5.232 de decese estimate \u00een acest an, 5.048 au fost \u00eenregistrate \u00een r\u00e2ndul persoanelor de peste 65 de ani.<\/p>\n<p data-index=\"11\">Persoanele cu v\u00e2rste de peste 85 de ani reprezint\u0103 62% din total, cu 3.256 de decese. De asemenea, 60% dintre persoanele decedate sunt femei.<\/p>\n<p data-index=\"12\">Datele vin dup\u0103 o var\u0103 marcat\u0103 de temperaturi excep\u021bional de ridicate. Agen\u021bia meteorologic\u0103 na\u021bional\u0103 a Spaniei, AEMET, arat\u0103 c\u0103 iulie 2026 a fost, la egalitate cu iulie 2022, cea mai c\u0103lduroas\u0103 lun\u0103 iulie din istoria m\u0103sur\u0103torilor. Totodat\u0103, iunie a fost a doua cea mai c\u0103lduroas\u0103 lun\u0103 iunie de la \u00eenceputul \u00eenregistr\u0103rilor.<\/p>\n<p data-index=\"13\">De\u0219i reprezint\u0103 un record pentru sistemul MoMo, lansat \u00een 2015, bilan\u021bul r\u0103m\u00e2ne sub estim\u0103rile din timpul valului de c\u0103ldur\u0103 istoric din 2003, c\u00e2nd aproximativ 13.000 de decese din Spania au fost atribuite temperaturilor ridicate.<\/p>\n<p data-index=\"14\">Criza din 2003 a determinat Ministerul S\u0103n\u0103t\u0103\u021bii s\u0103 lanseze planul pentru prevenirea efectelor caniculei asupra s\u0103n\u0103t\u0103\u021bii.<\/p>\n<p data-index=\"15\">Temperaturile ridicate ar putea persista \u0219i la \u00eenceputul lunii septembrie. Prognoza AEMET indic\u0103 valori peste cele normale pentru aceast\u0103 perioad\u0103 \u00een anumite regiuni ale Spaniei, \u00een primele zile ale lunii.<\/p>\n<p> Editor : <a href=\"https:\/\/www.digi24.ro\/autor\/stefania-apostol\"> \u0218.A. <\/a><\/p>\n<\/div>\n<p>[analyse_source url=&#8221;https:\/\/www.digi24.ro\/stiri\/externe\/ue\/spania-a-inregistrat-5-232-de-decese-asociate-caniculei-in-aceasta-vara-cel-mai-grav-bilant-din-ultimii-11-ani-3928985&#8243;]<\/p>\n","protected":false},"excerpt":{"rendered":"<p>[analyse_image type=&#8221;featured&#8221; src=&#8221;https:\/\/s.iw.ro\/gateway\/g\/ZmlsZVNvdXJjZT1odHRwJTNBJTJGJTJG\/c3RvcmFnZTA4dHJhbnNjb2Rlci5yY3Mt\/cmRzLnJvJTJGc3RvcmFnZSUyRjIwMjYl\/MkYwNSUyRjI4JTJGMjc1MTM5OF8yNzUx\/Mzk4X3Bob3RvLWNvbGxhZ2VfcG5nLTIw\/MjYtMDUtMjhUMjIyNDQzXzM2OC5wbmcm\/dz0xMjAwJmg9NjMwJnpjPTEmaGFzaD1j\/MjBhNTg1MDRmZTQyNTE5NmQ3ZWZkZjkyZGM3MjFlYw==.thumb.jpg&#8221;] Peste 5.200 de decese au fost atribuite temperaturilor extreme \u00een Spania de la \u00eenceputul sezonului cald din 2026, cel mai ridicat bilan\u021b de la lansarea sistemului de monitorizare, \u00een 2015. V\u00e2rstnicii au fost cei mai afecta\u021bi, iar \u0219ase din zece victime sunt femei, potrivit Euronews. Dintre cele 5.232 de decese asociate temperaturilor [&hellip;]<\/p>\n","protected":false},"author":1,"featured_media":0,"comment_status":"open","ping_status":"","sticky":false,"template":"","format":"standard","meta":{"footnotes":""},"categories":[89],"tags":[],"class_list":["post-2120666","post","type-post","status-publish","format-standard","hentry","category-romania"],"_links":{"self":[{"href":"https:\/\/analyse.optim.biz\/index.php?rest_route=\/wp\/v2\/posts\/2120666","targetHints":{"allow":["GET"]}}],"collection":[{"href":"https:\/\/analyse.optim.biz\/index.php?rest_route=\/wp\/v2\/posts"}],"about":[{"href":"https:\/\/analyse.optim.biz\/index.php?rest_route=\/wp\/v2\/types\/post"}],"author":[{"embeddable":true,"href":"https:\/\/analyse.optim.biz\/index.php?rest_route=\/wp\/v2\/users\/1"}],"replies":[{"embeddable":true,"href":"https:\/\/analyse.optim.biz\/index.php?rest_route=%2Fwp%2Fv2%2Fcomments&post=2120666"}],"version-history":[{"count":0,"href":"https:\/\/analyse.optim.biz\/index.php?rest_route=\/wp\/v2\/posts\/2120666\/revisions"}],"wp:attachment":[{"href":"https:\/\/analyse.optim.biz\/index.php?rest_route=%2Fwp%2Fv2%2Fmedia&parent=2120666"}],"wp:term":[{"taxonomy":"category","embeddable":true,"href":"https:\/\/analyse.optim.biz\/index.php?rest_route=%2Fwp%2Fv2%2Fcategories&post=2120666"},{"taxonomy":"post_tag","embeddable":true,"href":"https:\/\/analyse.optim.biz\/index.php?rest_route=%2Fwp%2Fv2%2Ftags&post=2120666"}],"curies":[{"name":"wp","href":"https:\/\/api.w.org\/{rel}","templated":true}]}}