{"id":2120661,"date":"2026-08-31T13:31:09","date_gmt":"2026-08-31T10:31:09","guid":{"rendered":"https:\/\/analyse.optim.biz\/?p=2120661"},"modified":"2026-08-31T13:31:09","modified_gmt":"2026-08-31T10:31:09","slug":"ft-despre-miza-uriasa-a-reformelor-pnrr-blocate-criza-politica-prelungita-costa-romania-fondurile-de","status":"publish","type":"post","link":"https:\/\/analyse.optim.biz\/?p=2120661","title":{"rendered":"FT, despre miza uria\u0219\u0103 a reformelor PNRR blocate: Criza politic\u0103 prelungit\u0103 cost\u0103 Rom\u00e2nia fondurile de&#8230;"},"content":{"rendered":"<p>[analyse_image type=&#8221;featured&#8221; src=&#8221;https:\/\/s.iw.ro\/gateway\/g\/ZmlsZVNvdXJjZT1odHRwJTNBJTJGJTJG\/c3RvcmFnZTA4dHJhbnNjb2Rlci5yY3Mt\/cmRzLnJvJTJGc3RvcmFnZSUyRjIwMjQl\/MkYxMiUyRjIzJTJGMjE1NTg3MV8yMTU1\/ODcxX2NvYWxpdGllLUlEMjg2MDQ3X0lO\/UVVBTV9QaG90b3NfT2N0YXZfR2FuZWEu\/anBnJnc9MTIwMCZoPTYzMCZ6Yz0xJmhh\/c2g9NDRlNzViNmI5YTY1NWI5YjZjNzBmMzE0NmQ2N2YwYTc=.thumb.jpg&#8221;]<\/p>\n<div class=\"entry data-app-meta data-app-meta-article\" data-embed-base-url-canonical=\"https:\/\/www.digi24.ro\/embed\/stiri\/actualitate\/politica\/ft-despre-miza-uriasa-a-reformelor-pnrr-blocate-criza-politica-prelungita-costa-romania-fondurile-de-redresare-post-pandemie-ale-ue-3928967\">\n<p data-index=\"1\"><strong>Rom\u00e2nia este pe cale s\u0103 piard\u0103 770 de milioane de euro din fondurile UE, dup\u0103 ce ultima criz\u0103 politic\u0103 a blocat adoptarea legilor solicitate de Bruxelles pentru reformarea salariilor din sectorul public \u0219i a companiilor de stat care \u00eenregistreaz\u0103 pierderi, scrie luni <a href=\"https:\/\/www.ft.com\/content\/9914f45e-4e5c-4f6e-990b-043a65fb7ebf?syn-25a6b1a6=1\" target=\"_blank\" rel=\"noopener\" data-skip-linkfix=\"1\">Financial Times<\/a>.<\/strong><\/p>\n<p data-index=\"2\">Comisia European\u0103 a stabilit termenul limit\u0103 de 31 august pentru adoptarea reformelor legate de fondurile de redresare \u00een urma pandemiei de Covid-19, care sunt disponibile doar p\u00e2n\u0103 la sf\u00e2r\u0219itul acestui an. \u00cens\u0103 social-democra\u021bii din Rom\u00e2nia s-au opus proiectelor de lege \u0219i s-au retras din coali\u021bia de guvernare \u00een luna mai \u2014 iar de atunci partidele nu au mai reu\u0219it s\u0103 ajung\u0103 la un acord privind numirea unui nou prim-ministru.<\/p>\n<p data-index=\"3\">Siegfried Mure\u0219an, candidatul preferat al centrului-dreapta pentru func\u021bia de prim-ministru, a calificat impasul drept un \u201etest al adev\u0103rului politic\u201d privind angajamentul Rom\u00e2niei de a-\u0219i reforma sectorul public postcomunist, care nu este sustenabil.<\/p>\n<p data-index=\"4\">\u201eReforma legii salariilor din sectorul public ar corecta inegalit\u0103\u021bile, ar reduce privilegiile acordate pe criterii politice \u0219i ar debloca 770 de milioane de euro\u201d, a declarat Mure\u0219an pentru FT.<\/p>\n<p data-index=\"5\">El a afirmat c\u0103 acest episod a \u00eent\u0103rit pozi\u021bia Partidului Na\u021bional Liberal \u00eempotriva ader\u0103rii la orice viitoare coali\u021bie cu Social-Democra\u021bii (PSD), dup\u0103 ce ace\u0219tia s-au aliat cu extrema dreapt\u0103 pentru a-l \u00eenl\u0103tura pe prim-ministrul liberal Ilie Bolojan.<\/p>\n<p data-index=\"6\">PSD a sus\u021binut c\u0103 reformele erau mult prea austere \u0219i c\u0103 Bolojan ar fi trebuit s\u0103 negocieze un acord mai avantajos cu Comisia European\u0103.<\/p>\n<p data-index=\"7\">\u00cens\u0103 reformele vizau \u0219i re\u021belele de clientelism care au sus\u021binut de mult timp influen\u021ba PSD \u00een administra\u021bia public\u0103 \u0219i \u00een \u00eentreprinderile de stat, unde locurile de munc\u0103, numirile \u00een consiliile de administra\u021bie \u0219i subven\u021biile sunt \u00eenc\u0103 o moned\u0103 de schimb politic\u0103 la 37 de ani de la c\u0103derea comunismului.<\/p>\n<p data-index=\"8\">\u00centreprinderile de stat din Rom\u00e2nia sunt ineficiente \u0219i \u00eempov\u0103rate cu datorii de miliarde de euro. Cea mai mare dintre ele este CFR, operatorul feroviar de stat, care a declarat \u00een iulie c\u0103 se a\u0219teapt\u0103 s\u0103 \u00eenregistreze pierderi de aproximativ 100 de milioane de euro numai \u00een acest an. Datoria sa se ridica la peste 430 de milioane de euro la sf\u00e2r\u0219itul anului 2025.<\/p>\n<p data-index=\"9\">CFR se lupt\u0103 de mult timp s\u0103-\u0219i \u00eentre\u021bin\u0103 sau s\u0103-\u0219i modernizeze re\u021beaua \u0219i trenurile, unele servicii circul\u00e2nd acum mai \u00eencet dec\u00e2t o f\u0103ceau acum un secol.<\/p>\n<p data-index=\"10\">\u201eMen\u021binerea status quo-ului \u00een aceste companii, f\u0103r\u0103 nicio reform\u0103, a creat g\u0103uri negre pentru economia Rom\u00e2niei\u201d, a declarat vicepremierul Oana-Clara Gheorghiu \u00een aprilie, c\u00e2nd a prezentat planurile de restructurare.<\/p>\n<p data-index=\"11\">Salariile din sectorul public consum\u0103 aproximativ 30 de miliarde de euro \u00een fiecare an, \u00een timp ce puternicele sindicate ale \u021b\u0103rii continu\u0103 s\u0103 fac\u0103 presiuni pentru major\u0103ri care, potrivit anali\u0219tilor, ar fi nesustenabile, \u00een contextul \u00een care Bucure\u0219tiul \u00eencearc\u0103 s\u0103-\u0219i \u021bin\u0103 sub control finan\u021bele publice dup\u0103 ce deficitul bugetar a atins aproape 8% din PIB anul trecut.<\/p>\n<p data-index=\"12\">Agen\u021biile de rating urm\u0103resc cu aten\u021bie situa\u021bia, datoria suveran\u0103 a Rom\u00e2niei afl\u00e2ndu-se \u00eenc\u0103 la doar un nivel deasupra categoriei \u201ejunk\u201d. Ma\u0142gorzata Krzywicka, director asociat al Fitch pentru Europa de Est, a afirmat c\u0103 leadershipul politic va r\u0103m\u00e2ne probabil slab pe termen scurt, dup\u0103 ce agen\u021bia a men\u021binut Rom\u00e2nia la cel mai sc\u0103zut rating de investi\u021bii \u00een luna iulie.<\/p>\n<p data-index=\"13\">\u201eCriza politic\u0103 actual\u0103 se desf\u0103\u0219oar\u0103 pe fondul unei acumul\u0103ri de crize care se suprapun\u201d, a declarat Kamil Ca\u0142us, analist la centrul de studii OSW din Var\u0219ovia. El a subliniat tensiunile economice, amenin\u021barea la adresa securit\u0103\u021bii generat\u0103 de r\u0103zboiul Rusiei \u00een Ucraina \u2013 inclusiv incursiunile frecvente ale dronelor de-a lungul frontierei Rom\u00e2niei cu Ucraina \u2013 \u0219i cre\u0219terea pre\u021burilor la energie legat\u0103 de conflictul din Iran.<\/p>\n<p data-index=\"14\">\u201eSocietatea rom\u00e2neasc\u0103 [consider\u0103] c\u0103 vechile elite politice nu sunt doar din ce \u00een ce mai nedemocratice, ci \u0219i profund iresponsabile\u201d, a spus Ca\u0142us.<\/p>\n<p>Acestea \u201es-au certat luni \u00eentregi pentru putere \u0219i influen\u021b\u0103 \u00eentr-un moment critic pentru \u021bar\u0103 \u0219i s-au dovedit incapabile s\u0103 restabileasc\u0103 stabilitatea de baz\u0103 atunci c\u00e2nd era cea mai mare nevoie de ea\u201d.<\/p>\n<p data-index=\"15\">Rela\u021biile dintre PSD \u0219i centrul-dreapta s-au deteriorat at\u00e2t de grav \u00eenc\u00e2t niciuna dintre p\u0103r\u021bi nu este dispus\u0103 s\u0103 re\u00eenvie vechea coali\u021bie, ceea ce duce la un impas parlamentar. Pre\u0219edintele Nicu\u0219or Dan a declarat c\u0103 va numi un alt prim-ministru numai dac\u0103 candidatul va avea suficient sprijin pentru a trece de votul de \u00eencredere.<\/p>\n<p data-index=\"16\">Analistii au afirmat c\u0103 ar fi dificil s\u0103 se organizeze alegeri anticipate, subliniind c\u0103 \u021bara nu a mai organizat alegeri anticipate de la c\u0103derea comunismului \u00een 1989. Cel mai probabil rezultat este un guvern de minoritate sau o majoritate fragil\u0103 format\u0103 prin defec\u021biuni, au spus ace\u0219tia.<\/p>\n<p data-index=\"17\">Dan consider\u0103 alegerile anticipate o linie pe care nu este dispus s\u0103 o dep\u0103\u0219easc\u0103, potrivit unor persoane care \u00eei cunosc modul de g\u00e2ndire. Principala sa \u00eengrijorare este c\u0103 partidul de extrem\u0103 dreapt\u0103 AUR, care \u00eenregistreaz\u0103 \u00een sondaje 35-40%, ar fi cel mai probabil c\u00e2\u0219tig\u0103tor al unui nou scrutin.<\/p>\n<p data-index=\"18\">\u201eDeocamdat\u0103 va fi un guvern de minoritate, mai bine v\u0103 obi\u0219nui\u021bi cu asta\u201d, a spus Hunor Kelemen, pre\u0219edintele partidului etnic maghiar UDMR, care a f\u0103cut parte din coali\u021bia cvadripartit\u0103 care s-a destr\u0103mat \u00een aprilie.<\/p>\n<p data-index=\"19\">Un guvern condus de AUR era \u201einevitabil\u201d, a spus Kelemen. \u201eVom vedea dac\u0103 acest lucru se va \u00eent\u00e2mpla \u00een 2026 sau \u00een 2028.\u201d<\/p>\n<p data-index=\"20\">\u201e\u00cens\u0103 ace\u0219tia \u0219i-au dublat sprijinul electoral fa\u021b\u0103 de ultimele alegeri \u0219i \u00eenc\u0103 mai au poten\u021bial de cre\u0219tere. Cu c\u00e2t noi ob\u021binem rezultate mai slabe, cu at\u00e2t ei cresc mai mult.\u201d<\/p>\n<p data-index=\"21\">\u00a0<\/p>\n<p> Editor : <a href=\"https:\/\/www.digi24.ro\/autor\/bogdan-enache\"> B.E. <\/a><\/p>\n<\/div>\n<p>[analyse_source url=&#8221;https:\/\/www.digi24.ro\/stiri\/actualitate\/politica\/ft-despre-miza-uriasa-a-reformelor-pnrr-blocate-criza-politica-prelungita-costa-romania-fondurile-de-redresare-post-pandemie-ale-ue-3928967&#8243;]<\/p>\n","protected":false},"excerpt":{"rendered":"<p>[analyse_image type=&#8221;featured&#8221; src=&#8221;https:\/\/s.iw.ro\/gateway\/g\/ZmlsZVNvdXJjZT1odHRwJTNBJTJGJTJG\/c3RvcmFnZTA4dHJhbnNjb2Rlci5yY3Mt\/cmRzLnJvJTJGc3RvcmFnZSUyRjIwMjQl\/MkYxMiUyRjIzJTJGMjE1NTg3MV8yMTU1\/ODcxX2NvYWxpdGllLUlEMjg2MDQ3X0lO\/UVVBTV9QaG90b3NfT2N0YXZfR2FuZWEu\/anBnJnc9MTIwMCZoPTYzMCZ6Yz0xJmhh\/c2g9NDRlNzViNmI5YTY1NWI5YjZjNzBmMzE0NmQ2N2YwYTc=.thumb.jpg&#8221;] Rom\u00e2nia este pe cale s\u0103 piard\u0103 770 de milioane de euro din fondurile UE, dup\u0103 ce ultima criz\u0103 politic\u0103 a blocat adoptarea legilor solicitate de Bruxelles pentru reformarea salariilor din sectorul public \u0219i a companiilor de stat care \u00eenregistreaz\u0103 pierderi, scrie luni Financial Times. Comisia European\u0103 a stabilit termenul limit\u0103 de 31 [&hellip;]<\/p>\n","protected":false},"author":1,"featured_media":0,"comment_status":"open","ping_status":"","sticky":false,"template":"","format":"standard","meta":{"footnotes":""},"categories":[89],"tags":[226,11],"class_list":["post-2120661","post","type-post","status-publish","format-standard","hentry","category-romania","tag-crawlmanager","tag-digi24"],"_links":{"self":[{"href":"https:\/\/analyse.optim.biz\/index.php?rest_route=\/wp\/v2\/posts\/2120661","targetHints":{"allow":["GET"]}}],"collection":[{"href":"https:\/\/analyse.optim.biz\/index.php?rest_route=\/wp\/v2\/posts"}],"about":[{"href":"https:\/\/analyse.optim.biz\/index.php?rest_route=\/wp\/v2\/types\/post"}],"author":[{"embeddable":true,"href":"https:\/\/analyse.optim.biz\/index.php?rest_route=\/wp\/v2\/users\/1"}],"replies":[{"embeddable":true,"href":"https:\/\/analyse.optim.biz\/index.php?rest_route=%2Fwp%2Fv2%2Fcomments&post=2120661"}],"version-history":[{"count":0,"href":"https:\/\/analyse.optim.biz\/index.php?rest_route=\/wp\/v2\/posts\/2120661\/revisions"}],"wp:attachment":[{"href":"https:\/\/analyse.optim.biz\/index.php?rest_route=%2Fwp%2Fv2%2Fmedia&parent=2120661"}],"wp:term":[{"taxonomy":"category","embeddable":true,"href":"https:\/\/analyse.optim.biz\/index.php?rest_route=%2Fwp%2Fv2%2Fcategories&post=2120661"},{"taxonomy":"post_tag","embeddable":true,"href":"https:\/\/analyse.optim.biz\/index.php?rest_route=%2Fwp%2Fv2%2Ftags&post=2120661"}],"curies":[{"name":"wp","href":"https:\/\/api.w.org\/{rel}","templated":true}]}}