{"id":2120660,"date":"2026-08-31T00:00:00","date_gmt":"2026-08-30T21:00:00","guid":{"rendered":"https:\/\/analyse.optim.biz\/?p=2120660"},"modified":"2026-08-31T00:00:00","modified_gmt":"2026-08-30T21:00:00","slug":"austria-a-inregistrat-cea-mai-calduroasa-vara-din-istoria-de-260-de-ani-a-masuratorilor-sale-meteorologice","status":"publish","type":"post","link":"https:\/\/analyse.optim.biz\/?p=2120660","title":{"rendered":"Austria a \u00eenregistrat cea mai c\u0103lduroas\u0103 var\u0103 din istoria de 260 de ani a m\u0103sur\u0103torilor sale meteorologice"},"content":{"rendered":"<p>[analyse_image type=&#8221;featured&#8221; src=&#8221;https:\/\/agerpres.ro\/data\/202608\/20260831191915_214196.jpg&#8221;]<\/p>\n<div class=\"mx-auto pt-3\">\n<p><strong>Austria a \u00eenregistrat \u00een 2026 cea mai c\u0103lduroas\u0103 var\u0103 din istoria de 260 de ani a m\u0103sur\u0103torilor sale meteorologice, cu o temperatur\u0103 medie care a fost cu 2,6 grade Celsius mai mare dec\u00e2t cea din perioada 1991-2020 \u0219i cu 4,4 grade Celsius peste media termic\u0103 din perioada 1961-1990, a anun\u021bat luni serviciul na\u021bional de meteorologie din aceast\u0103 \u021bar\u0103, Geosphere Austria, citat de DPA.<\/strong><\/p>\n<p>Recorduri de temperatur\u0103 au fost stabilite la peste 100 de sta\u021bii meteorologice austriece. Pentru prima dat\u0103 de la \u00eenceputul m\u0103sur\u0103torilor, temperaturile din Austria au dep\u0103\u0219it pragul de 41 de grade Celsius. De asemenea, \u00eentre 1 iunie \u0219i 31 august, \u00een \u00eentreaga \u021bar\u0103 s-au \u00eenregistrat precipita\u021bii cu aproximativ o treime mai pu\u021bine dec\u00e2t media pe termen lung.<\/p>\n<p>&#8221;A devenit dificil s\u0103 mai g\u0103sim adjectivele potrivite&#8221; pentru a descrie vara anului 2026, a declarat climatologul Alexander Orlik de la Geosphere Austria.<\/p>\n<p>&#8221;Extraordinar, extrem sau f\u0103r\u0103 precedent &#8211; toate acestea au fost descrieri adecvate pentru valorile termice maxime, durata valurilor de c\u0103ldur\u0103, num\u0103rul zilelor fierbin\u021bi, al celor foarte fierbin\u021bi \u0219i al nop\u021bilor tropicale, precum \u0219i num\u0103rul neobi\u0219nuit de mic al zilelor cu \u00eenghe\u021b din zonele montane \u00eenalte&#8221;, a ad\u0103ugat el.<\/p>\n<p>Vara acestui an a fost marcat\u0103, de asemenea, de precipita\u021bii sc\u0103zute, fiind una dintre cele mai secetoase cinci veri de c\u00e2nd m\u0103sur\u0103torile austriece au \u00eenceput s\u0103 fie realizate \u00een 1858. Vara 2026 a venit dup\u0103 o prim\u0103var\u0103 care a fost, la r\u00e2ndul ei, excep\u021bional de secetoas\u0103.<\/p>\n<p>\u00cen timpul primelor opt luni din 2026, cantitatea de precipita\u021bii a fost mai mic\u0103 dec\u00e2t \u00een oricare an din istoria m\u0103sur\u0103torilor pluviometrice relevante, care au \u00eenceput \u00een aceast\u0103 \u021bar\u0103 \u00een urm\u0103 cu 169 de ani, potrivit Geosphere Austria. AGERPRES\/(AS &#8211; redactor: Florin B\u0103descu, editor online: Gabriela Badea)\u00a0<\/p>\n<\/div>\n<div class=\"mx-auto pt-3\">\n                                Afisari: 55\n                            <\/div>\n<p>[analyse_source url=&#8221;https:\/\/agerpres.ro\/planeta\/2026\/08\/31\/austria-a-inregistrat-cea-mai-calduroasa-vara-din-istoria-de-260-de-ani-a-masuratorilor-sale-meteoro&#8211;1589409&#8243;]<\/p>\n","protected":false},"excerpt":{"rendered":"<p>[analyse_image type=&#8221;featured&#8221; src=&#8221;https:\/\/agerpres.ro\/data\/202608\/20260831191915_214196.jpg&#8221;] Austria a \u00eenregistrat \u00een 2026 cea mai c\u0103lduroas\u0103 var\u0103 din istoria de 260 de ani a m\u0103sur\u0103torilor sale meteorologice, cu o temperatur\u0103 medie care a fost cu 2,6 grade Celsius mai mare dec\u00e2t cea din perioada 1991-2020 \u0219i cu 4,4 grade Celsius peste media termic\u0103 din perioada 1961-1990, a anun\u021bat luni serviciul [&hellip;]<\/p>\n","protected":false},"author":1,"featured_media":0,"comment_status":"open","ping_status":"","sticky":false,"template":"","format":"standard","meta":{"footnotes":""},"categories":[2],"tags":[37,226],"class_list":["post-2120660","post","type-post","status-publish","format-standard","hentry","category-politics","tag-agerpres-ro","tag-crawlmanager"],"_links":{"self":[{"href":"https:\/\/analyse.optim.biz\/index.php?rest_route=\/wp\/v2\/posts\/2120660","targetHints":{"allow":["GET"]}}],"collection":[{"href":"https:\/\/analyse.optim.biz\/index.php?rest_route=\/wp\/v2\/posts"}],"about":[{"href":"https:\/\/analyse.optim.biz\/index.php?rest_route=\/wp\/v2\/types\/post"}],"author":[{"embeddable":true,"href":"https:\/\/analyse.optim.biz\/index.php?rest_route=\/wp\/v2\/users\/1"}],"replies":[{"embeddable":true,"href":"https:\/\/analyse.optim.biz\/index.php?rest_route=%2Fwp%2Fv2%2Fcomments&post=2120660"}],"version-history":[{"count":0,"href":"https:\/\/analyse.optim.biz\/index.php?rest_route=\/wp\/v2\/posts\/2120660\/revisions"}],"wp:attachment":[{"href":"https:\/\/analyse.optim.biz\/index.php?rest_route=%2Fwp%2Fv2%2Fmedia&parent=2120660"}],"wp:term":[{"taxonomy":"category","embeddable":true,"href":"https:\/\/analyse.optim.biz\/index.php?rest_route=%2Fwp%2Fv2%2Fcategories&post=2120660"},{"taxonomy":"post_tag","embeddable":true,"href":"https:\/\/analyse.optim.biz\/index.php?rest_route=%2Fwp%2Fv2%2Ftags&post=2120660"}],"curies":[{"name":"wp","href":"https:\/\/api.w.org\/{rel}","templated":true}]}}